{"id":1823,"date":"2025-12-01T16:24:58","date_gmt":"2025-12-01T19:24:58","guid":{"rendered":"https:\/\/cantoaguas.beeweb.net.br\/?p=1823"},"modified":"2026-04-27T10:21:50","modified_gmt":"2026-04-27T13:21:50","slug":"beste-reisezeit-fur-lencois-und-praktische-tipps","status":"publish","type":"post","link":"https:\/\/lencois.com.br\/de\/melhor-epoca-para-visitar-lencois-e-dicas-praticas\/","title":{"rendered":"Wann man die Chapada Diamantina besuchen sollte: Ein Reiseziel f\u00fcr alle Jahreszeiten"},"content":{"rendered":"<div data-elementor-type=\"wp-post\" data-elementor-id=\"1823\" class=\"elementor elementor-1823\" data-elementor-post-type=\"post\">\n\t\t\t\t<div class=\"elementor-element elementor-element-4ec6af56 e-flex e-con-boxed e-con e-parent\" data-id=\"4ec6af56\" data-element_type=\"container\" data-e-type=\"container\">\n\t\t\t\t\t<div class=\"e-con-inner\">\n\t\t\t\t<div class=\"elementor-element elementor-element-5c23760c elementor-widget elementor-widget-text-editor\" data-id=\"5c23760c\" data-element_type=\"widget\" data-e-type=\"widget\" data-widget_type=\"text-editor.default\">\n\t\t\t\t<div class=\"elementor-widget-container\">\n\t\t\t\t\t\t\t\t\t<p data-start=\"223\" data-end=\"511\">Die Chapada Diamantina im Bundesstaat Bahia ist ein Reiseziel, das sich im Laufe des Jahres ver\u00e4ndert, ohne seine Essenz zu verlieren. Mehr als eine \u201cbeste Zeit\u201d gibt es unterschiedliche M\u00f6glichkeiten, dieses Gebiet zu erleben: jede Jahreszeit enth\u00fcllt einen anderen Rhythmus, ein anderes Licht und spezifische Erlebnism\u00f6glichkeiten.<\/p><p data-start=\"513\" data-end=\"1002\">Zwischen April und September, w\u00e4hrend der trockensten Periode mit gem\u00e4\u00dfigten Temperaturen, pr\u00e4sentiert sich die Chapada besonders g\u00fcnstig f\u00fcr l\u00e4ngere Wanderungen und Durchquerungen. Dies ist die ideale Zeit, um Routen wie das Vale do Pati, die Fuma\u00e7a von unten oder H\u00f6henwanderungen zu erkunden, wo k\u00f6rperliche Anstrengung durch weite und stabile Landschaften belohnt wird. Das k\u00fchlere Klima erm\u00f6glicht ganzt\u00e4gige Wanderungen mit mehr Komfort, w\u00e4hrend der klare Himmel die Wahrnehmung der Landschaft erweitert.<\/p><p data-start=\"1004\" data-end=\"1579\">Dieselbe Periode ist auch von einzigartigen kulturellen Erlebnissen gepr\u00e4gt. Im Juni erleben Len\u00e7\u00f3is und die gesamte Region das S\u00e3o Jo\u00e3o, ein tief verwurzeltes Fest, bei dem Musik, Tanz, Gastronomie und Begegnungen spontan und kollektiv stattfinden. Eine echte Erfahrung, bei der der Besucher ganz nat\u00fcrlich an der lokalen Kultur teilnimmt. Im September bieten die Manifestationen von Jar\u00ea, einer spirituellen Tradition afro-brasilianischen Ursprungs, eine seltene Gelegenheit, lebendige kulturelle Praktiken kennenzulernen, die mit Respekt und Bedeutung durchgef\u00fchrt werden.<\/p><p data-start=\"1581\" data-end=\"2073\">Mit dem Eintreffen der Regenf\u00e4lle zwischen November und M\u00e4rz offenbart die Chapada eine andere Dimension. Die Wasserf\u00e4lle gewinnen an Volumen, die Fl\u00fcsse werden intensiver und die Vegetation nimmt lebendigere Farben an. Es ist eine besonders interessante Zeit f\u00fcr diejenigen, die Wassererlebnisse suchen, wie z. B. Marimbus und Roncador, wo sich die Landschaft in \u00fcberfluteten Gebieten und Kanufahrten ausdehnt. Die Regenf\u00e4lle, die normalerweise von Sonnenscheinperioden unterbrochen werden, machen die Reise nicht unm\u00f6glich, sondern erfordern lediglich einen flexibleren Rhythmus.<\/p><p data-start=\"2075\" data-end=\"2341\">Dies ist auch ein ausgezeichneter Zeitpunkt, um H\u00f6hlen wie Lapa Doce, Torrinha, Po\u00e7o Azul und Po\u00e7o Encantado zu erkunden. Diese unterirdischen Umgebungen halten das ganze Jahr \u00fcber stabile Bedingungen aufrecht und bieten damit sichere und faszinierende Alternativen, unabh\u00e4ngig vom Au\u00dfenwetter.<\/p><p data-start=\"2343\" data-end=\"2717\">Im Sommer l\u00e4dt die Chapada zu einem leichteren und sinnlicheren Erlebnis ein. K\u00fcrzere und zug\u00e4nglichere Wanderwege, kombiniert mit Flussb\u00e4dern, bestimmen den Rhythmus der Tage. Orte wie Ribeir\u00e3o do Meio, Ribeir\u00e3o de Cima, Serrano, Mandassaia und der gesamte Parque Municipal da Muritiba werden zu nat\u00fcrlichen Erweiterungen der Stadt, zu Fu\u00df erreichbar und ideal f\u00fcr Pausen in der Sonne und erfrischende Tauchg\u00e4nge.<\/p><p data-start=\"2719\" data-end=\"3086\">Der Winter hingegen bringt eine besinnlichere und einladendere Atmosph\u00e4re mit sich. Die N\u00e4chte werden k\u00fchler und laden zu einer nachdenklicheren Erfahrung ein, sei es bei einem ruhigen Abendessen, einem Spaziergang durch das historische Zentrum oder einfach in der Stille, die die Landschaft umgibt. Es ist auch eine Zeit gr\u00f6\u00dferer klimatischer Stabilit\u00e4t, die pr\u00e4zisere Planungen erm\u00f6glicht.<\/p><p data-start=\"3088\" data-end=\"3438\">Im Laufe des Jahres bekr\u00e4ftigen weitere kulturelle Manifestationen die Verbindung zwischen Territorium und Erinnerung. Das Fest des Herrn der Schritte in Len\u00e7\u00f3is \u00fcbersetzt die St\u00e4rke lokaler religi\u00f6ser Traditionen, w\u00e4hrend in Igatu die Allerseelenfeier eine einzigartige symbolische Dimension mit sich bringt, wo Geschichte, Spiritualit\u00e4t und Landschaft auf eine stille und tiefe Weise im Gang der \u201cSeelen\u201d miteinander verflochten sind.<\/p><p data-start=\"3440\" data-end=\"3835\">Am Ende geht es bei der Wahl des Zeitpunkts f\u00fcr einen Besuch in Chapada Diamantina nicht darum, die idealen Bedingungen zu finden, sondern darum zu verstehen, dass jede Jahreszeit eine andere Sicht auf dasselbe Gebiet bietet. In Len\u00e7\u00f3is geschieht diese Erfahrung ganz nat\u00fcrlich, eine sichere, einladende und gut begehbare Stadt, in der der Besucher Zugang zur Natur findet, aber auch einen Rhythmus, der es ihm erm\u00f6glicht, diese tiefgreifend zu erleben.<\/p><p data-start=\"3837\" data-end=\"3978\" data-is-last-node=\"\" data-is-only-node=\"\">Hier werden Erkundung und Erholung zu Gegens\u00e4tzen, die Teil desselben Flusses werden, kontinuierlich, ausgewogen und im Wesentlichen authentisch.<\/p>\t\t\t\t\t\t\t\t<\/div>\n\t\t\t\t<\/div>\n\t\t\t\t\t<\/div>\n\t\t\t\t<\/div>\n\t\t\t\t<\/div>","protected":false},"excerpt":{"rendered":"<p>A Chapada Diamantina, no estado da Bahia, \u00e9 um destino que se transforma ao longo do ano sem perder sua ess\u00eancia. Mais do que uma \u201cmelhor \u00e9poca\u201d, o que existe s\u00e3o diferentes formas de viver o territ\u00f3rio: cada esta\u00e7\u00e3o revela um ritmo, uma luz e possibilidades espec\u00edficas de experi\u00eancia. Entre abril e setembro, durante o [&hellip;]<\/p>\n","protected":false},"author":1,"featured_media":4116,"comment_status":"closed","ping_status":"closed","sticky":false,"template":"","format":"standard","meta":{"footnotes":""},"categories":[1],"tags":[],"class_list":["post-1823","post","type-post","status-publish","format-standard","has-post-thumbnail","hentry","category-chapada-diamantina"],"_links":{"self":[{"href":"https:\/\/lencois.com.br\/de\/wp-json\/wp\/v2\/posts\/1823","targetHints":{"allow":["GET"]}}],"collection":[{"href":"https:\/\/lencois.com.br\/de\/wp-json\/wp\/v2\/posts"}],"about":[{"href":"https:\/\/lencois.com.br\/de\/wp-json\/wp\/v2\/types\/post"}],"author":[{"embeddable":true,"href":"https:\/\/lencois.com.br\/de\/wp-json\/wp\/v2\/users\/1"}],"replies":[{"embeddable":true,"href":"https:\/\/lencois.com.br\/de\/wp-json\/wp\/v2\/comments?post=1823"}],"version-history":[{"count":13,"href":"https:\/\/lencois.com.br\/de\/wp-json\/wp\/v2\/posts\/1823\/revisions"}],"predecessor-version":[{"id":4766,"href":"https:\/\/lencois.com.br\/de\/wp-json\/wp\/v2\/posts\/1823\/revisions\/4766"}],"wp:featuredmedia":[{"embeddable":true,"href":"https:\/\/lencois.com.br\/de\/wp-json\/wp\/v2\/media\/4116"}],"wp:attachment":[{"href":"https:\/\/lencois.com.br\/de\/wp-json\/wp\/v2\/media?parent=1823"}],"wp:term":[{"taxonomy":"category","embeddable":true,"href":"https:\/\/lencois.com.br\/de\/wp-json\/wp\/v2\/categories?post=1823"},{"taxonomy":"post_tag","embeddable":true,"href":"https:\/\/lencois.com.br\/de\/wp-json\/wp\/v2\/tags?post=1823"}],"curies":[{"name":"wp","href":"https:\/\/api.w.org\/{rel}","templated":true}]}}