{"id":2831,"date":"2026-02-24T18:49:20","date_gmt":"2026-02-24T21:49:20","guid":{"rendered":"https:\/\/cantoaguas.beeweb.net.br\/?p=2831"},"modified":"2026-03-18T21:11:04","modified_gmt":"2026-03-19T00:11:04","slug":"pfad-bis-zur-jare-hutte-wenn-die-hochebene-aufhort-landschaft-zu-sein-und-zum-ritual-wird","status":"publish","type":"post","link":"https:\/\/lencois.com.br\/de\/trilha-ate-o-terreiro-de-jare-quando-a-chapada-deixa-de-ser-paisagem-e-vira-rito\/","title":{"rendered":"Wanderung zum Terreiro de Jar\u00ea: Wenn die Chapada von einer Landschaft zu einem Ritual wird"},"content":{"rendered":"<div data-elementor-type=\"wp-post\" data-elementor-id=\"2831\" class=\"elementor elementor-2831\" data-elementor-post-type=\"post\">\n\t\t\t\t<div class=\"elementor-element elementor-element-e9c0d3f e-flex e-con-boxed e-con e-parent\" data-id=\"e9c0d3f\" data-element_type=\"container\" data-e-type=\"container\">\n\t\t\t\t\t<div class=\"e-con-inner\">\n\t\t\t\t<div class=\"elementor-element elementor-element-cc16193 elementor-widget elementor-widget-text-editor\" data-id=\"cc16193\" data-element_type=\"widget\" data-e-type=\"widget\" data-widget_type=\"text-editor.default\">\n\t\t\t\t<div class=\"elementor-widget-container\">\n\t\t\t\t\t\t\t\t\t<p class=\"p1\">Einige Pfade f\u00fchren zu Aussichtspunkten. Andere f\u00fchren zu Wasserf\u00e4llen.<\/p><p class=\"p1\">Aber es gibt eine in Len\u00e7\u00f3is, die zu einem Ahnentempel f\u00fchrt.<\/p><p class=\"p1\">Der Spaziergang zum Terreiro de Jar\u00ea ist nicht nur ein 10 Kilometer langer Weg durch den Nationalpark Chapada Diamantina. Es ist eine kulturelle, spirituelle und historische Reise \u2013 eine von denen, die im K\u00f6rper verbleiben, auch nachdem die Reise zu Ende ist.<\/p>\t\t\t\t\t\t\t\t<\/div>\n\t\t\t\t<\/div>\n\t\t\t\t<div class=\"elementor-element elementor-element-5338853 elementor-blockquote--skin-quotation elementor-blockquote--align-center elementor-widget elementor-widget-blockquote\" data-id=\"5338853\" data-element_type=\"widget\" data-e-type=\"widget\" data-widget_type=\"blockquote.default\">\n\t\t\t\t<div class=\"elementor-widget-container\">\n\t\t\t\t\t\t\t<blockquote class=\"elementor-blockquote\">\r\n\t\t\t<p class=\"elementor-blockquote__content\">\r\n\t\t\t\tEs gibt Erfahrungen, die man nicht besucht. Sie durchdringen uns.\t\t\t<\/p>\r\n\t\t\t\t\t\t\t<div class=\"e-q-footer\">\r\n\t\t\t\t\t\t\t\t\t\t\t<cite class=\"elementor-blockquote__author\">Jonga<\/cite>\r\n\t\t\t\t\t\t\t\t\t\t\t\t\t\t<\/div>\r\n\t\t\t\t\t<\/blockquote>\r\n\t\t\t\t\t\t<\/div>\n\t\t\t\t<\/div>\n\t\t\t\t<div class=\"elementor-element elementor-element-9bcc2c3 elementor-widget elementor-widget-text-editor\" data-id=\"9bcc2c3\" data-element_type=\"widget\" data-e-type=\"widget\" data-widget_type=\"text-editor.default\">\n\t\t\t\t<div class=\"elementor-widget-container\">\n\t\t\t\t\t\t\t\t\t<p class=\"p1\">F\u00fcr diejenigen, die mehr als Abenteuer suchen \u2013 f\u00fcr diejenigen, die auf der Suche nach Bedeutung reisen \u2013 ist dies eine der tiefgr\u00fcndigsten Erfahrungen, die die Chapada bieten kann.<\/p>\t\t\t\t\t\t\t\t<\/div>\n\t\t\t\t<\/div>\n\t\t\t\t<div class=\"elementor-element elementor-element-ff86984 elementor-widget elementor-widget-heading\" data-id=\"ff86984\" data-element_type=\"widget\" data-e-type=\"widget\" data-widget_type=\"heading.default\">\n\t\t\t\t<div class=\"elementor-widget-container\">\n\t\t\t\t\t<h2 class=\"elementor-heading-title elementor-size-default\">Der Beginn: die Stadt hinter sich lassend<\/h2>\t\t\t\t<\/div>\n\t\t\t\t<\/div>\n\t\t\t\t<div class=\"elementor-element elementor-element-8623ff5 elementor-widget elementor-widget-text-editor\" data-id=\"8623ff5\" data-element_type=\"widget\" data-e-type=\"widget\" data-widget_type=\"text-editor.default\">\n\t\t\t\t<div class=\"elementor-widget-container\">\n\t\t\t\t\t\t\t\t\t<p class=\"p1\">Der Pfad beginnt noch in Len\u00e7\u00f3is und folgt dem Ufer des Rio S\u00e3o Jos\u00e9. Anfangs ist die Landschaft leicht bewohnt: kleine Felder, kleinb\u00e4uerliche Landwirtschaft, Einheimische, die die Diamantinen-Kultur am Leben erhalten.<\/p><p class=\"p1\">Langsam verengt sich der Pfad.<br \/>Der Wald wird dichter.<br \/>Die Stille wird gr\u00f6\u00dfer.<\/p><p class=\"p1\">Affen tauchen zwischen den Baumkronen auf. Schmetterlinge kreuzen den Weg. Das Ger\u00e4usch von Wasser begleitet jeden Schritt.<\/p><p class=\"p1\">Nach etwa 10 Kilometern erreicht man die Abzweigung zum Nationalpark Chapada Diamantina, am Fluss Manda\u00e7aia. Dort l\u00e4dt ein Becken mit klarem Wasser zu einer Pause ein. Ein Bad. Ein Atemzug.<\/p><p class=\"p1\"><strong>Und dann, die \u00dcberfahrt.<\/strong><\/p>\t\t\t\t\t\t\t\t<\/div>\n\t\t\t\t<\/div>\n\t\t\t\t<div class=\"elementor-element elementor-element-51bd128 elementor-widget elementor-widget-heading\" data-id=\"51bd128\" data-element_type=\"widget\" data-e-type=\"widget\" data-widget_type=\"heading.default\">\n\t\t\t\t<div class=\"elementor-widget-container\">\n\t\t\t\t\t<h2 class=\"elementor-heading-title elementor-size-default\">Das Treffen: Terreiro Peri da Pedra Branca de Ox\u00f3ssi<\/h2>\t\t\t\t<\/div>\n\t\t\t\t<\/div>\n\t\t\t\t<div class=\"elementor-element elementor-element-a8fdd28 elementor-widget elementor-widget-text-editor\" data-id=\"a8fdd28\" data-element_type=\"widget\" data-e-type=\"widget\" data-widget_type=\"text-editor.default\">\n\t\t\t\t<div class=\"elementor-widget-container\">\n\t\t\t\t\t\t\t\t\t<p class=\"p1\">Als wir den Fluss \u00fcberquerten, \u00e4nderte sich die Landschaft erneut.<\/p><p class=\"p1\">Am Ende des Pfades erhebt sich das Terreiro de Jar\u00ea \u2013 eine afro-diamantinische Religionsrichtung, die typisch f\u00fcr die Region der Chapada ist. Es ist nicht nur ein Tempel. Es ist ein heiliges Gebiet, das aus der Zeit des Diamantenabbaus stammt.<\/p><p class=\"p1\">Der Boden ist gestampfte Erde.<br \/>Und so soll es sein.<\/p><p class=\"p1\">Ali, ber\u00fchren die F\u00fc\u00dfe den Boden. Die Ber\u00fchrung mit der Erde ist Teil des Ritus.<\/p><p class=\"p1\">Im Hintergrund verleiht der imposante Pedra Branca de Ox\u00f3ssi \u2013 eine nat\u00fcrliche Wand aus hellem Felsen von etwa 70-80 Metern H\u00f6he \u2013 dem Ort seinen Namen und unterstreicht die ehrf\u00fcrchtige Atmosph\u00e4re.<\/p><p class=\"p1\">Das Terreiro Peri da Pedra Branca de Ox\u00f3ssi h\u00e4lt eine \u00fcber Generationen weitergegebene Tradition am Leben. Der jetzige heilige Vater leitet die Feierlichkeiten, wie es sein Vater vor ihm tat, und bewahrt eine spirituelle Abstammungslinie, die Jahrzehnte \u00fcberspannt.<\/p>\t\t\t\t\t\t\t\t<\/div>\n\t\t\t\t<\/div>\n\t\t\t\t<div class=\"elementor-element elementor-element-6f1d8df elementor-widget elementor-widget-image\" data-id=\"6f1d8df\" data-element_type=\"widget\" data-e-type=\"widget\" data-widget_type=\"image.default\">\n\t\t\t\t<div class=\"elementor-widget-container\">\n\t\t\t\t\t\t\t\t\t\t\t\t\t\t\t<img fetchpriority=\"high\" decoding=\"async\" width=\"800\" height=\"450\" src=\"https:\/\/lencois.com.br\/wp-content\/uploads\/2026\/02\/Festa-de-Jare-no-Terreiro-Peji-da-Pedra-Branca-de-Oxossi-1-1024x576.jpg\" class=\"attachment-large size-large wp-image-2862\" alt=\"\" srcset=\"https:\/\/lencois.com.br\/wp-content\/uploads\/2026\/02\/Festa-de-Jare-no-Terreiro-Peji-da-Pedra-Branca-de-Oxossi-1-1024x576.jpg 1024w, https:\/\/lencois.com.br\/wp-content\/uploads\/2026\/02\/Festa-de-Jare-no-Terreiro-Peji-da-Pedra-Branca-de-Oxossi-1-300x169.jpg 300w, https:\/\/lencois.com.br\/wp-content\/uploads\/2026\/02\/Festa-de-Jare-no-Terreiro-Peji-da-Pedra-Branca-de-Oxossi-1-768x432.jpg 768w, https:\/\/lencois.com.br\/wp-content\/uploads\/2026\/02\/Festa-de-Jare-no-Terreiro-Peji-da-Pedra-Branca-de-Oxossi-1-1536x864.jpg 1536w, https:\/\/lencois.com.br\/wp-content\/uploads\/2026\/02\/Festa-de-Jare-no-Terreiro-Peji-da-Pedra-Branca-de-Oxossi-1.jpg 1920w\" sizes=\"(max-width: 800px) 100vw, 800px\" \/>\t\t\t\t\t\t\t\t\t\t\t\t\t\t\t<\/div>\n\t\t\t\t<\/div>\n\t\t\t\t\t<\/div>\n\t\t\t\t<\/div>\n\t\t<div class=\"elementor-element elementor-element-e431a16 e-flex e-con-boxed e-con e-parent\" data-id=\"e431a16\" data-element_type=\"container\" data-e-type=\"container\">\n\t\t\t\t\t<div class=\"e-con-inner\">\n\t\t\t\t<div class=\"elementor-element elementor-element-38a5256 elementor-widget elementor-widget-heading\" data-id=\"38a5256\" data-element_type=\"widget\" data-e-type=\"widget\" data-widget_type=\"heading.default\">\n\t\t\t\t<div class=\"elementor-widget-container\">\n\t\t\t\t\t<h2 class=\"elementor-heading-title elementor-size-default\">Das Fest: Farben, Lieder und Vollmond<\/h2>\t\t\t\t<\/div>\n\t\t\t\t<\/div>\n\t\t\t\t\t<\/div>\n\t\t\t\t<\/div>\n\t\t<div class=\"elementor-element elementor-element-4510409 e-flex e-con-boxed e-con e-parent\" data-id=\"4510409\" data-element_type=\"container\" data-e-type=\"container\">\n\t\t\t\t\t<div class=\"e-con-inner\">\n\t\t\t\t<div class=\"elementor-element elementor-element-6028f7a elementor-widget elementor-widget-text-editor\" data-id=\"6028f7a\" data-element_type=\"widget\" data-e-type=\"widget\" data-widget_type=\"text-editor.default\">\n\t\t\t\t<div class=\"elementor-widget-container\">\n\t\t\t\t\t\t\t\t\t<p class=\"p1\">Wenn gefeiert wird, verwandelt sich das Terreiro.<\/p><p class=\"p1\">Die Lichter nehmen die Farben der geehrten Orix\u00e1s an. Der Altar wird hervorgehoben. Ges\u00e4nge hallen durch den Wald. Kleine V\u00e4ter, kleine M\u00fctter und Eingeweihte nehmen mit strahlender Freude an dem Ritus teil.<\/p><p class=\"p1\">Es ist keine Vorstellung.<\/p><p class=\"p1\">Es ist Erfahrung.<\/p><p class=\"p1\">Und so, in den fr\u00fchen Morgenstunden, nach stundenlanger Feier, kommt einer der denkw\u00fcrdigsten Momente des Erlebnisses: das Flussbad unter dem Vollmond.<\/p><p class=\"p1\">Kaltes Wasser.<br \/>N\u00e4chtliche Stille.<br \/>Silbernes Licht, das sich in der Str\u00f6mung spiegelt.<\/p>\t\t\t\t\t\t\t\t<\/div>\n\t\t\t\t<\/div>\n\t\t\t\t\t<\/div>\n\t\t\t\t<\/div>\n\t\t<div class=\"elementor-element elementor-element-d425061 e-flex e-con-boxed e-con e-parent\" data-id=\"d425061\" data-element_type=\"container\" data-e-type=\"container\">\n\t\t\t\t\t<div class=\"e-con-inner\">\n\t\t\t\t<div class=\"elementor-element elementor-element-64b5695 elementor-blockquote--skin-quotation elementor-blockquote--align-center elementor-widget elementor-widget-blockquote\" data-id=\"64b5695\" data-element_type=\"widget\" data-e-type=\"widget\" data-widget_type=\"blockquote.default\">\n\t\t\t\t<div class=\"elementor-widget-container\">\n\t\t\t\t\t\t\t<blockquote class=\"elementor-blockquote\">\r\n\t\t\t<p class=\"elementor-blockquote__content\">\r\n\t\t\t\tDie Chapada ist nachts nicht dunkel. Sie ist lichtdurchflutet.\t\t\t<\/p>\r\n\t\t\t\t\t\t\t<div class=\"e-q-footer\">\r\n\t\t\t\t\t\t\t\t\t\t\t<cite class=\"elementor-blockquote__author\">Jonga<\/cite>\r\n\t\t\t\t\t\t\t\t\t\t\t\t\t\t<\/div>\r\n\t\t\t\t\t<\/blockquote>\r\n\t\t\t\t\t\t<\/div>\n\t\t\t\t<\/div>\n\t\t\t\t\t<\/div>\n\t\t\t\t<\/div>\n\t\t<div class=\"elementor-element elementor-element-569a7c6 e-flex e-con-boxed e-con e-parent\" data-id=\"569a7c6\" data-element_type=\"container\" data-e-type=\"container\">\n\t\t\t\t\t<div class=\"e-con-inner\">\n\t\t\t\t<div class=\"elementor-element elementor-element-72757c0 elementor-widget elementor-widget-text-editor\" data-id=\"72757c0\" data-element_type=\"widget\" data-e-type=\"widget\" data-widget_type=\"text-editor.default\">\n\t\t\t\t<div class=\"elementor-widget-container\">\n\t\t\t\t\t\t\t\t\t<p class=\"p1\">Die R\u00fcckkehr erfolgt auf demselben Weg \u2013 etwa anderthalb Stunden bis nach Len\u00e7\u00f3is. Gl\u00fchw\u00fcrmchen erhellen den Pfad. Der K\u00f6rper ist m\u00fcde. Der Geist ist wach.<\/p>\t\t\t\t\t\t\t\t<\/div>\n\t\t\t\t<\/div>\n\t\t\t\t\t<\/div>\n\t\t\t\t<\/div>\n\t\t<div class=\"elementor-element elementor-element-da20d62 e-flex e-con-boxed e-con e-parent\" data-id=\"da20d62\" data-element_type=\"container\" data-e-type=\"container\">\n\t\t\t\t\t<div class=\"e-con-inner\">\n\t\t<div class=\"elementor-element elementor-element-68328d4 e-con-full e-flex e-con e-child\" data-id=\"68328d4\" data-element_type=\"container\" data-e-type=\"container\">\n\t\t\t\t<div class=\"elementor-element elementor-element-61836a1 elementor-widget elementor-widget-heading\" data-id=\"61836a1\" data-element_type=\"widget\" data-e-type=\"widget\" data-widget_type=\"heading.default\">\n\t\t\t\t<div class=\"elementor-widget-container\">\n\t\t\t\t\t<h2 class=\"elementor-heading-title elementor-size-default\">Warum macht dieser Weg eine Wandlung?<\/h2>\t\t\t\t<\/div>\n\t\t\t\t<\/div>\n\t\t\t\t<div class=\"elementor-element elementor-element-0d5aae9 elementor-widget elementor-widget-text-editor\" data-id=\"0d5aae9\" data-element_type=\"widget\" data-e-type=\"widget\" data-widget_type=\"text-editor.default\">\n\t\t\t\t<div class=\"elementor-widget-container\">\n\t\t\t\t\t\t\t\t\t<p class=\"p1\">Weil sie drei seltene Schichten in einem einzigen Erlebnis vereint:<\/p><ol start=\"1\"><li><p class=\"p1\">Natur erhalten<\/p><\/li><li><p class=\"p1\">Lebendige afro-diamantinische Geschichte<\/p><\/li><li><p class=\"p1\">Authentische Ritualit\u00e4t<\/p><\/li><\/ol><p class=\"p1\">Das ist kein religi\u00f6ser Tourismus.<\/p><p class=\"p1\">Es ist nicht nur \u00d6kotourismus.<\/p><p class=\"p1\">Es ist ein kulturelles Treffen.<\/p><p class=\"p1\">F\u00fcr Reisende \u00fcber 35 Jahre, die an internationale Erfahrungen gew\u00f6hnt sind und auf die Authentizit\u00e4t der Reiseziele achten, enth\u00fcllt dieses Erlebnis ein tiefes Brasilien \u2013 fernab des oberfl\u00e4chlichen Folklore und nah an der Wurzel.<\/p>\t\t\t\t\t\t\t\t<\/div>\n\t\t\t\t<\/div>\n\t\t\t\t<\/div>\n\t\t<div class=\"elementor-element elementor-element-d595fed e-con-full e-flex e-con e-child\" data-id=\"d595fed\" data-element_type=\"container\" data-e-type=\"container\" data-settings=\"{&quot;background_background&quot;:&quot;classic&quot;}\">\n\t\t\t\t<div class=\"elementor-element elementor-element-4294c3e elementor-widget elementor-widget-image\" data-id=\"4294c3e\" data-element_type=\"widget\" data-e-type=\"widget\" data-widget_type=\"image.default\">\n\t\t\t\t<div class=\"elementor-widget-container\">\n\t\t\t\t\t\t\t\t\t\t\t\t\t\t\t<img decoding=\"async\" width=\"800\" height=\"450\" src=\"https:\/\/lencois.com.br\/wp-content\/uploads\/2026\/02\/Pai-Damare-Jare-1-1024x576.jpg\" class=\"attachment-large size-large wp-image-2861\" alt=\"\" srcset=\"https:\/\/lencois.com.br\/wp-content\/uploads\/2026\/02\/Pai-Damare-Jare-1-1024x576.jpg 1024w, https:\/\/lencois.com.br\/wp-content\/uploads\/2026\/02\/Pai-Damare-Jare-1-300x169.jpg 300w, https:\/\/lencois.com.br\/wp-content\/uploads\/2026\/02\/Pai-Damare-Jare-1-768x432.jpg 768w, https:\/\/lencois.com.br\/wp-content\/uploads\/2026\/02\/Pai-Damare-Jare-1-1536x864.jpg 1536w, https:\/\/lencois.com.br\/wp-content\/uploads\/2026\/02\/Pai-Damare-Jare-1.jpg 1920w\" sizes=\"(max-width: 800px) 100vw, 800px\" \/>\t\t\t\t\t\t\t\t\t\t\t\t\t\t\t<\/div>\n\t\t\t\t<\/div>\n\t\t\t\t<\/div>\n\t\t\t\t\t<\/div>\n\t\t\t\t<\/div>\n\t\t<div class=\"elementor-element elementor-element-deecd4d e-flex e-con-boxed e-con e-parent\" data-id=\"deecd4d\" data-element_type=\"container\" data-e-type=\"container\">\n\t\t\t\t\t<div class=\"e-con-inner\">\n\t\t\t\t<div class=\"elementor-element elementor-element-7b81a4c elementor-widget elementor-widget-heading\" data-id=\"7b81a4c\" data-element_type=\"widget\" data-e-type=\"widget\" data-widget_type=\"heading.default\">\n\t\t\t\t<div class=\"elementor-widget-container\">\n\t\t\t\t\t<h2 class=\"elementor-heading-title elementor-size-default\">Kultur, Respekt und Vorbereitung<\/h2>\t\t\t\t<\/div>\n\t\t\t\t<\/div>\n\t\t\t\t\t<\/div>\n\t\t\t\t<\/div>\n\t\t<div class=\"elementor-element elementor-element-48b8288 e-flex e-con-boxed e-con e-parent\" data-id=\"48b8288\" data-element_type=\"container\" data-e-type=\"container\">\n\t\t\t\t\t<div class=\"e-con-inner\">\n\t\t\t\t<div class=\"elementor-element elementor-element-0737118 elementor-widget elementor-widget-text-editor\" data-id=\"0737118\" data-element_type=\"widget\" data-e-type=\"widget\" data-widget_type=\"text-editor.default\">\n\t\t\t\t<div class=\"elementor-widget-container\">\n\t\t\t\t\t\t\t\t\t<p class=\"p1\">Den Terreiro de Jar\u00ea zu besuchen, erfordert Respekt. Es handelt sich um einen heiligen Ort. Folgendes ist unerl\u00e4sslich:<\/p><ul><li><p class=\"p1\">Begleitet von erfahrenen lokalen F\u00fchrern<\/p><\/li><li><p class=\"p1\">Die kulturelle Bedeutung der Erfahrung verstehen<\/p><\/li><li><p class=\"p1\">Mit Haltung eines respektvollen Beobachters teilnehmen<\/p><\/li><\/ul><p class=\"p1\">Der Weg ist zwar f\u00fcr Personen mit moderater k\u00f6rperlicher Fitness zug\u00e4nglich, erfordert aber Planung \u2013 insbesondere, wenn die Nachtwanderung und die R\u00fcckkehr unter dem Mond geplant sind.<\/p>\t\t\t\t\t\t\t\t<\/div>\n\t\t\t\t<\/div>\n\t\t\t\t<div class=\"elementor-element elementor-element-8602949 elementor-widget elementor-widget-heading\" data-id=\"8602949\" data-element_type=\"widget\" data-e-type=\"widget\" data-widget_type=\"heading.default\">\n\t\t\t\t<div class=\"elementor-widget-container\">\n\t\t\t\t\t<h2 class=\"elementor-heading-title elementor-size-default\">Wo diese Erfahrung wirklich beginnt<\/h2>\t\t\t\t<\/div>\n\t\t\t\t<\/div>\n\t\t\t\t<div class=\"elementor-element elementor-element-cb12836 elementor-widget elementor-widget-text-editor\" data-id=\"cb12836\" data-element_type=\"widget\" data-e-type=\"widget\" data-widget_type=\"text-editor.default\">\n\t\t\t\t<div class=\"elementor-widget-container\">\n\t\t\t\t\t\t\t\t\t<p class=\"p1\">Obwohl der Weg physisch in Len\u00e7\u00f3is beginnt, beginnt das Erlebnis schon fr\u00fcher: bei der Wahl, an einem Ort zu \u00fcbernachten, der das Gebiet versteht.<\/p><p class=\"p1\">A <span class=\"s1\"><b>Pousada Canto das \u00c1guas<\/b><\/span> entsteht genau aus dieser Harmonie zwischen Kunst, Natur und lokaler Kultur. Am Flussufer, mit liebevoller Architektur und nachhaltigem Engagement, funktioniert das Hotel als sensible Erweiterung dessen, was man auf dem Wanderweg erlebt.<\/p><p class=\"p1\">Hier ist das Rauschen der Stromschnellen kein Detail.<\/p><p class=\"p1\">Es ist Teil der Stimmung.<\/p><p class=\"p1\">Nach einer intensiven Erfahrung wie der Wanderung zum Terreiro de Jar\u00ea ist die R\u00fcckkehr in einen Ort mit Charme, gehobener Gastronomie und kontemplativer Atmosph\u00e4re kein Luxus \u2013 sie ist Kontinuit\u00e4t.<\/p>\t\t\t\t\t\t\t\t<\/div>\n\t\t\t\t<\/div>\n\t\t\t\t<div class=\"elementor-element elementor-element-141f8db elementor-widget elementor-widget-heading\" data-id=\"141f8db\" data-element_type=\"widget\" data-e-type=\"widget\" data-widget_type=\"heading.default\">\n\t\t\t\t<div class=\"elementor-widget-container\">\n\t\t\t\t\t<h2 class=\"elementor-heading-title elementor-size-default\">Die Chapada jenseits der Fotos<\/h2>\t\t\t\t<\/div>\n\t\t\t\t<\/div>\n\t\t\t\t<div class=\"elementor-element elementor-element-11a1922 elementor-widget elementor-widget-text-editor\" data-id=\"11a1922\" data-element_type=\"widget\" data-e-type=\"widget\" data-widget_type=\"text-editor.default\">\n\t\t\t\t<div class=\"elementor-widget-container\">\n\t\t\t\t\t\t\t\t\t<p class=\"p1\">Im Zeitalter von Zero-Click, in dem schnelle Antworten au\u00dferhalb von Websites kursieren, ist es wichtig, das Wesentliche festzuhalten:<\/p><ul><li><p class=\"p1\">Der Wanderweg ist etwa 10 km von Len\u00e7\u00f3is entfernt.<\/p><\/li><li><p class=\"p1\">Flie\u00dft am Rio S\u00e3o Jos\u00e9 und am Rio Manda\u00e7aia vorbei.<\/p><\/li><li><p class=\"p1\">Bringe es zum Terreiro Peri da Pedra Branca de Ox\u00f3ssi.<\/p><\/li><li><p class=\"p1\">Umfasst unber\u00fchrte Natur und afro-diamantiner Tradition.<\/p><\/li><li><p class=\"p1\">Kann abendliche Feiern und R\u00fcckkehr bei Vollmond beinhalten.<\/p><\/li><\/ul><p class=\"p1\">Aber keine dieser Informationen erkl\u00e4rt f\u00fcr sich allein, was man dort f\u00fchlt.<\/p><p class=\"p1\">Warum die Chapada Diamantina sich nicht auf Touristenorte beschr\u00e4nkt.<\/p><p class=\"p1\">Sie ist Territorium.<br \/>Es ist Ged\u00e4chtnis.<br \/>Es ist Brauch.<br \/>Und manche Erfahrungen verlangen mehr als nur einen Besuch.<\/p><p class=\"p1\"><strong>Pedem liefert.<\/strong><\/p>\t\t\t\t\t\t\t\t<\/div>\n\t\t\t\t<\/div>\n\t\t\t\t\t<\/div>\n\t\t\t\t<\/div>\n\t\t\t\t<\/div>","protected":false},"excerpt":{"rendered":"<p>Entdecken Sie den Weg zum Terreiro de Jar\u00ea in Len\u00e7\u00f3is (BA): 10 km Wanderung durch den Nationalpark Chapada Diamantina zu einem der symboltr\u00e4chtigsten heiligen Orte der afro-diamantiner Kultur.<\/p>","protected":false},"author":8,"featured_media":2832,"comment_status":"closed","ping_status":"closed","sticky":false,"template":"","format":"standard","meta":{"footnotes":""},"categories":[7],"tags":[17,19,20,18],"class_list":["post-2831","post","type-post","status-publish","format-standard","has-post-thumbnail","hentry","category-experiencias","tag-candomble","tag-festa-da-boa-morte","tag-finados","tag-jare"],"_links":{"self":[{"href":"https:\/\/lencois.com.br\/de\/wp-json\/wp\/v2\/posts\/2831","targetHints":{"allow":["GET"]}}],"collection":[{"href":"https:\/\/lencois.com.br\/de\/wp-json\/wp\/v2\/posts"}],"about":[{"href":"https:\/\/lencois.com.br\/de\/wp-json\/wp\/v2\/types\/post"}],"author":[{"embeddable":true,"href":"https:\/\/lencois.com.br\/de\/wp-json\/wp\/v2\/users\/8"}],"replies":[{"embeddable":true,"href":"https:\/\/lencois.com.br\/de\/wp-json\/wp\/v2\/comments?post=2831"}],"version-history":[{"count":23,"href":"https:\/\/lencois.com.br\/de\/wp-json\/wp\/v2\/posts\/2831\/revisions"}],"predecessor-version":[{"id":4121,"href":"https:\/\/lencois.com.br\/de\/wp-json\/wp\/v2\/posts\/2831\/revisions\/4121"}],"wp:featuredmedia":[{"embeddable":true,"href":"https:\/\/lencois.com.br\/de\/wp-json\/wp\/v2\/media\/2832"}],"wp:attachment":[{"href":"https:\/\/lencois.com.br\/de\/wp-json\/wp\/v2\/media?parent=2831"}],"wp:term":[{"taxonomy":"category","embeddable":true,"href":"https:\/\/lencois.com.br\/de\/wp-json\/wp\/v2\/categories?post=2831"},{"taxonomy":"post_tag","embeddable":true,"href":"https:\/\/lencois.com.br\/de\/wp-json\/wp\/v2\/tags?post=2831"}],"curies":[{"name":"wp","href":"https:\/\/api.w.org\/{rel}","templated":true}]}}