{"id":4099,"date":"2026-03-18T19:58:06","date_gmt":"2026-03-18T22:58:06","guid":{"rendered":"https:\/\/lencois.com.br\/?p=4099"},"modified":"2026-03-18T21:08:57","modified_gmt":"2026-03-19T00:08:57","slug":"blaues-poco-wo-das-licht-die-tiefe-der-hochebene-offenbart","status":"publish","type":"post","link":"https:\/\/lencois.com.br\/de\/poco-azul-onde-a-luz-revela-a-profundidade-da-chapada\/","title":{"rendered":"Po\u00e7o Azul: Wo das Licht die Tiefe der Chapada enth\u00fcllt"},"content":{"rendered":"<div data-elementor-type=\"wp-post\" data-elementor-id=\"4099\" class=\"elementor elementor-4099\" data-elementor-post-type=\"post\">\n\t\t\t\t<div class=\"elementor-element elementor-element-a341c0c e-flex e-con-boxed e-con e-parent\" data-id=\"a341c0c\" data-element_type=\"container\" data-e-type=\"container\">\n\t\t\t\t\t<div class=\"e-con-inner\">\n\t\t\t\t<div class=\"elementor-element elementor-element-a434c8e elementor-widget elementor-widget-video\" data-id=\"a434c8e\" data-element_type=\"widget\" data-e-type=\"widget\" data-settings=\"{&quot;youtube_url&quot;:&quot;https:\\\/\\\/youtu.be\\\/0y2onSoVEqE&quot;,&quot;video_type&quot;:&quot;youtube&quot;,&quot;controls&quot;:&quot;yes&quot;}\" data-widget_type=\"video.default\">\n\t\t\t\t<div class=\"elementor-widget-container\">\n\t\t\t\t\t\t\t<div class=\"elementor-wrapper elementor-open-inline\">\n\t\t\t<div class=\"elementor-video\"><\/div>\t\t<\/div>\n\t\t\t\t\t\t<\/div>\n\t\t\t\t<\/div>\n\t\t\t\t\t<\/div>\n\t\t\t\t<\/div>\n\t\t<div class=\"elementor-element elementor-element-0d440fa e-flex e-con-boxed e-con e-parent\" data-id=\"0d440fa\" data-element_type=\"container\" data-e-type=\"container\">\n\t\t\t\t\t<div class=\"e-con-inner\">\n\t\t\t\t<div class=\"elementor-element elementor-element-c7c885f elementor-widget elementor-widget-text-editor\" data-id=\"c7c885f\" data-element_type=\"widget\" data-e-type=\"widget\" data-widget_type=\"text-editor.default\">\n\t\t\t\t<div class=\"elementor-widget-container\">\n\t\t\t\t\t\t\t\t\t<p data-start=\"149\" data-end=\"540\">Der Po\u00e7o Azul ist eines der beeindruckendsten Naturerlebnisse der Chapada Diamantina in Bahia und eine der denkw\u00fcrdigsten Touren f\u00fcr Besucher von Len\u00e7\u00f3is. Bekannt f\u00fcr die absolute Transparenz seines Wassers und das einzigartige Ph\u00e4nomen des Sonnenlichts, das die H\u00f6hle in intensiven Blaut\u00f6nen erhellt, bietet der Ort ein seltenes Erlebnis, bei dem Natur, Stille und Kontemplation aufeinandertreffen.<\/p><p data-start=\"542\" data-end=\"996\">Der Po\u00e7o Azul liegt nur wenige Stunden von Len\u00e7\u00f3is, dem Haupteingang zum Nationalpark Chapada Diamantina, entfernt und besticht durch seine Sch\u00f6nheit und die Art und Weise, wie er erhalten wird. Der Zugang wird sorgf\u00e4ltig kontrolliert, mit einer begrenzten Anzahl von Besuchern pro Tag, um das \u00d6kosystem zu sch\u00fctzen und ein ruhigeres Erlebnis ohne Menschenmassen zu gew\u00e4hrleisten. Diese Organisation spiegelt das Engagement der Region f\u00fcr einen nachhaltigen und verantwortungsvollen Tourismus wider.<\/p><p data-start=\"998\" data-end=\"1419\">Das Erlebnis in der H\u00f6hle ist einfach und gleichzeitig \u00fcberraschend. Ausgestattet mit Schwimmwesten gleiten die Besucher sanft \u00fcber das kristallklare Wasser und beobachten den Grund des Beckens mit beeindruckender Klarheit. Zu bestimmten Tageszeiten, wenn das Licht durch die H\u00f6hlen\u00f6ffnung f\u00e4llt, verwandelt sich die Umgebung und enth\u00fcllt ein tiefes, fast unwirkliches Blau, das zum Symbol der Chapada Diamantina geworden ist.<\/p><p data-start=\"1421\" data-end=\"1885\">Mehr als nur eine einzelne Attraktion ist die Po\u00e7o Azul Teil eines Gebiets, das f\u00fcr seinen nat\u00fcrlichen Reichtum und die bewusste Art und Weise bekannt ist, wie der Tourismus dort betrieben wird.<\/p><p data-start=\"1421\" data-end=\"1885\">Die Chapada Diamantina ist eines der wichtigsten \u00d6kotourismus-Ziele Brasiliens mit Landschaften, die Canyons, reine Fl\u00fcsse, Wasserf\u00e4lle und erhaltene Biodiversit\u00e4t vereinen. Die Wertsch\u00e4tzung lokaler F\u00fchrer, der Respekt vor Schutzgebieten und die Integration mit den Gemeinden sind die S\u00e4ulen dieses Erlebnisses.<\/p><p data-start=\"1887\" data-end=\"2314\">Len\u00e7\u00f3is, die Basisstadt zur Erkundung der Region, erg\u00e4nzt dieses Erlebnis auf einzigartige Weise. Klein, sicher und einladend, kann sie vollst\u00e4ndig zu Fu\u00df erkundet werden. Nur etwa f\u00fcnf Gehminuten vom historischen Zentrum entfernt k\u00f6nnen Sie bereits Gebiete des Nationalparks erreichen und Wanderwege beginnen, die zu Fl\u00fcssen und Naturformationen f\u00fchren. Diese N\u00e4he zwischen Stadt und Natur schafft eine direkte und kontinuierliche Verbindung zur Umwelt.<\/p><p data-start=\"2316\" data-end=\"2632\">Im Gegensatz zu \u00fcberlaufenen Touristenzielen bewahrt Len\u00e7\u00f3is eine authentische Atmosph\u00e4re. Es gibt keine kommerzielle Bel\u00e4stigung oder Reiz\u00fcberflutung, nur echte L\u00e4cheln, hilfsbereite Menschen und ein Lebenstempo, das zur Pr\u00e4senz einl\u00e4dt. Es ist ein seltenes Juwel, in dem sich der Besucher auf nat\u00fcrliche Weise willkommen f\u00fchlt.<\/p><p data-start=\"2634\" data-end=\"2968\">Die lokale Struktur erm\u00f6glicht ein vollst\u00e4ndiges Erlebnis, das Natur und Komfort verbindet. Restaurants wie Cozinha Aberta, Restaurante Lampi\u00e3o und Restaurante Azul bieten zeitgem\u00e4sse Interpretationen der regionalen K\u00fcche.<\/p><p data-start=\"2970\" data-end=\"3176\">F\u00fcr internationale Besucher erleichtert der Service wie ein franz\u00f6sischsprachiger Concierge die Kommunikation und die Erstellung personalisierter Reiserouten, was w\u00e4hrend des Aufenthalts noch mehr Komfort und Sicherheit gew\u00e4hrleistet.<\/p><p data-start=\"3178\" data-end=\"3421\" data-is-last-node=\"\" data-is-only-node=\"\">Den Po\u00e7o Azul zu besuchen ist mehr als nur einen Ort kennenzulernen, es ist ein Erlebnis in einer Kulisse, wo Licht, Wasser und Zeit pr\u00e4zise aufeinandertreffen. Eine Erfahrung, die die Essenz der Chapada Diamantina wiedergibt: intensiv, unber\u00fchrt und still unvergesslich.<\/p>\t\t\t\t\t\t\t\t<\/div>\n\t\t\t\t<\/div>\n\t\t\t\t\t<\/div>\n\t\t\t\t<\/div>\n\t\t\t\t<\/div>","protected":false},"excerpt":{"rendered":"<p>Po\u00e7o Azul \u00e9 uma das experi\u00eancias naturais mais impressionantes da Chapada Diamantina, na Bahia, e um dos passeios mais marcantes para quem visita Len\u00e7\u00f3is. Conhecido pela transpar\u00eancia absoluta de suas \u00e1guas e pelo fen\u00f4meno \u00fanico de incid\u00eancia da luz solar que ilumina a caverna em tons intensos de azul, o local oferece uma viv\u00eancia rara, [&hellip;]<\/p>\n","protected":false},"author":28,"featured_media":2567,"comment_status":"closed","ping_status":"closed","sticky":false,"template":"","format":"standard","meta":{"footnotes":""},"categories":[1],"tags":[14],"class_list":["post-4099","post","type-post","status-publish","format-standard","has-post-thumbnail","hentry","category-chapada-diamantina","tag-poco-azul"],"_links":{"self":[{"href":"https:\/\/lencois.com.br\/de\/wp-json\/wp\/v2\/posts\/4099","targetHints":{"allow":["GET"]}}],"collection":[{"href":"https:\/\/lencois.com.br\/de\/wp-json\/wp\/v2\/posts"}],"about":[{"href":"https:\/\/lencois.com.br\/de\/wp-json\/wp\/v2\/types\/post"}],"author":[{"embeddable":true,"href":"https:\/\/lencois.com.br\/de\/wp-json\/wp\/v2\/users\/28"}],"replies":[{"embeddable":true,"href":"https:\/\/lencois.com.br\/de\/wp-json\/wp\/v2\/comments?post=4099"}],"version-history":[{"count":4,"href":"https:\/\/lencois.com.br\/de\/wp-json\/wp\/v2\/posts\/4099\/revisions"}],"predecessor-version":[{"id":4103,"href":"https:\/\/lencois.com.br\/de\/wp-json\/wp\/v2\/posts\/4099\/revisions\/4103"}],"wp:featuredmedia":[{"embeddable":true,"href":"https:\/\/lencois.com.br\/de\/wp-json\/wp\/v2\/media\/2567"}],"wp:attachment":[{"href":"https:\/\/lencois.com.br\/de\/wp-json\/wp\/v2\/media?parent=4099"}],"wp:term":[{"taxonomy":"category","embeddable":true,"href":"https:\/\/lencois.com.br\/de\/wp-json\/wp\/v2\/categories?post=4099"},{"taxonomy":"post_tag","embeddable":true,"href":"https:\/\/lencois.com.br\/de\/wp-json\/wp\/v2\/tags?post=4099"}],"curies":[{"name":"wp","href":"https:\/\/api.w.org\/{rel}","templated":true}]}}