{"id":4245,"date":"2026-04-10T10:50:34","date_gmt":"2026-04-10T13:50:34","guid":{"rendered":"https:\/\/lencois.com.br\/?p=4245"},"modified":"2026-04-10T23:02:22","modified_gmt":"2026-04-11T02:02:22","slug":"was-bleibt-wenn-das-feuer-vorbeizieht","status":"publish","type":"post","link":"https:\/\/lencois.com.br\/de\/o-que-permanece-quando-o-fogo-passa\/","title":{"rendered":"Was bleibt, wenn das Feuer vor\u00fcberzieht?"},"content":{"rendered":"<div data-elementor-type=\"wp-post\" data-elementor-id=\"4245\" class=\"elementor elementor-4245\" data-elementor-post-type=\"post\">\n\t\t\t\t<div class=\"elementor-element elementor-element-f114992 e-flex e-con-boxed e-con e-parent\" data-id=\"f114992\" data-element_type=\"container\" data-e-type=\"container\">\n\t\t\t\t\t<div class=\"e-con-inner\">\n\t\t\t\t\t<\/div>\n\t\t\t\t<\/div>\n\t\t<div class=\"elementor-element elementor-element-180ce89 e-flex e-con-boxed e-con e-parent\" data-id=\"180ce89\" data-element_type=\"container\" data-e-type=\"container\">\n\t\t\t\t\t<div class=\"e-con-inner\">\n\t\t\t\t<div class=\"elementor-element elementor-element-92ae91d elementor-widget elementor-widget-text-editor\" data-id=\"92ae91d\" data-element_type=\"widget\" data-e-type=\"widget\" data-widget_type=\"text-editor.default\">\n\t\t\t\t<div class=\"elementor-widget-container\">\n\t\t\t\t\t\t\t\t\t<p><span style=\"caret-color: #000000; color: #000000; font-family: var( --e-global-typography-text-font-family ), Sans-serif; text-align: var(--text-align); font-size: 1rem;\">Es gibt Momente, in denen sich die Landschaft abrupt ver\u00e4ndert. Nicht wie eine langsame Transformation nat\u00fcrlicher Evolution, sondern wie ein Bruch. In der Chapada Diamantina durchquert das Feuer das Gebiet auf diese Weise. Manchmal erwartet, manchmal nicht. Die Vegetation wird dunkel, die Luft verliert an Dichte, die Ger\u00e4usche ver\u00e4ndern sich und die Zeit scheint stillzustehen. Und doch bleibt etwas erhalten.<\/span><\/p><p style=\"caret-color: #000000; color: #000000;\" data-start=\"513\" data-end=\"797\">Es ist nicht das erste Mal, dass Feuer diese Berge durchquert, aber es ist nicht mehr dasselbe Feuer wie zuvor. Die Zyklen haben sich verk\u00fcrzt, die Jahreszeiten bieten keine klaren Bezugspunkte mehr und die D\u00fcrre kann schnell kommen und genauso schnell wieder gehen. Was fr\u00fcher Wettervorhersage war, ist heute st\u00e4ndige Aufmerksamkeit.<\/p><p style=\"caret-color: #000000; color: #000000;\" data-start=\"799\" data-end=\"1231\">In diesem Kontext bildete sich die Freiwilligenbrigade von Len\u00e7\u00f3is. Anf\u00e4nglich gab es keine Struktur, nur Pr\u00e4senz. Wiederverwendete Flaschen, gr\u00fcne Zweige, lange Reisen und die Entscheidung, nicht wegzusehen. Mit der Zeit kamen Ausr\u00fcstung, Organisation und sorgf\u00e4ltige Ressourcenverwaltung hinzu. Heute gibt es Methode, Rechenschaftspflicht und Vorbereitung, aber was dies alles aufrechterh\u00e4lt, bleibt weniger sichtbar.<\/p>\t\t\t\t\t\t\t\t<\/div>\n\t\t\t\t<\/div>\n\t\t\t\t\t<\/div>\n\t\t\t\t<\/div>\n\t\t<div class=\"elementor-element elementor-element-e0ae92d e-flex e-con-boxed e-con e-parent\" data-id=\"e0ae92d\" data-element_type=\"container\" data-e-type=\"container\">\n\t\t\t\t\t<div class=\"e-con-inner\">\n\t\t\t\t<div class=\"elementor-element elementor-element-b128edf elementor-widget elementor-widget-image\" data-id=\"b128edf\" data-element_type=\"widget\" data-e-type=\"widget\" data-widget_type=\"image.default\">\n\t\t\t\t<div class=\"elementor-widget-container\">\n\t\t\t\t\t\t\t\t\t\t\t\t\t\t\t<img fetchpriority=\"high\" decoding=\"async\" width=\"800\" height=\"341\" src=\"https:\/\/lencois.com.br\/wp-content\/uploads\/2026\/04\/Brigada-de-Incendio-Chapada-Diamantina-00.jpg\" class=\"attachment-large size-large wp-image-4258\" alt=\"\" srcset=\"https:\/\/lencois.com.br\/wp-content\/uploads\/2026\/04\/Brigada-de-Incendio-Chapada-Diamantina-00.jpg 960w, https:\/\/lencois.com.br\/wp-content\/uploads\/2026\/04\/Brigada-de-Incendio-Chapada-Diamantina-00-300x128.jpg 300w, https:\/\/lencois.com.br\/wp-content\/uploads\/2026\/04\/Brigada-de-Incendio-Chapada-Diamantina-00-768x327.jpg 768w\" sizes=\"(max-width: 800px) 100vw, 800px\" \/>\t\t\t\t\t\t\t\t\t\t\t\t\t\t\t<\/div>\n\t\t\t\t<\/div>\n\t\t\t\t\t<\/div>\n\t\t\t\t<\/div>\n\t\t<div class=\"elementor-element elementor-element-999daf0 e-flex e-con-boxed e-con e-parent\" data-id=\"999daf0\" data-element_type=\"container\" data-e-type=\"container\">\n\t\t\t\t\t<div class=\"e-con-inner\">\n\t\t\t\t<div class=\"elementor-element elementor-element-a04a7e8 elementor-widget elementor-widget-text-editor\" data-id=\"a04a7e8\" data-element_type=\"widget\" data-e-type=\"widget\" data-widget_type=\"text-editor.default\">\n\t\t\t\t<div class=\"elementor-widget-container\">\n\t\t\t\t\t\t\t\t\t<p data-start=\"1233\" data-end=\"1506\">Sie brechen auf, ohne die Garantie einer schnellen R\u00fcckkehr. Manchmal zu Fu\u00df, manchmal per Helikopter. Sie bleiben drei Tage und drei N\u00e4chte in den Bergen, ohne vorgezeichneten Weg, ohne Komfort, mit dem K\u00f6rper der Witterung ausgesetzt und st\u00e4ndiger Wachsamkeit. Die Arbeit erfordert Technik, erkl\u00e4rt sich aber nicht allein durch sie.<\/p><p data-start=\"1508\" data-end=\"1791\">Es gibt auch das, was davor geschieht. Die Gespr\u00e4che in den Schulen, die Treffen, die klein erscheinen, aber die Art und Weise, wie man das Territorium betrachtet, neu ordnen. Und das, was danach geschieht. Gerettete Tiere, Gebiete, die langsam wieder zu atmen beginnen. Nichts davon wird normalerweise gesehen, aber es ist das, was h\u00e4lt.<\/p><p data-start=\"1793\" data-end=\"2148\">Keine Bewegung wie diese steht f\u00fcr sich allein. Es gibt ein stilles Netzwerk, das sie umgibt, bestehend aus praktischen Handlungen. Jemand, der einen Transport organisiert, jemand, der eine Mahlzeit zubereitet, jemand, der zur richtigen Zeit anruft. Wir sind auch Teil davon, unaufgefordert, mit Stolz. F\u00fcrsorge ist keine au\u00dfergew\u00f6hnliche Geste, sie ist eine fortlaufende Verpflichtung.<\/p>\t\t\t\t\t\t\t\t<\/div>\n\t\t\t\t<\/div>\n\t\t\t\t\t<\/div>\n\t\t\t\t<\/div>\n\t\t<div class=\"elementor-element elementor-element-163ee7f e-flex e-con-boxed e-con e-parent\" data-id=\"163ee7f\" data-element_type=\"container\" data-e-type=\"container\">\n\t\t\t\t\t<div class=\"e-con-inner\">\n\t\t\t\t<div class=\"elementor-element elementor-element-e5f92df elementor-widget elementor-widget-text-editor\" data-id=\"e5f92df\" data-element_type=\"widget\" data-e-type=\"widget\" data-widget_type=\"text-editor.default\">\n\t\t\t\t<div class=\"elementor-widget-container\">\n\t\t\t\t\t\t\t\t\t<p data-start=\"3062\" data-end=\"3114\">A Chapada \u00e9 um territ\u00f3rio ativo.<br data-start=\"3089\" data-end=\"3092\" \/>Wer zu Besuch kommt, wird Teil dieses Kontexts, auch wenn es nur f\u00fcr wenige Tage ist, und wird somit auch zum Verantwortlichen: die Grenzen des Parks verstehen, Anweisungen befolgen, unn\u00f6tige Risiken vermeiden.<\/p><p data-start=\"3307\" data-end=\"3386\">Der Tourismus, der hier Sinn macht, ist nicht nur kontemplativ. Er verlangt Aufmerksamkeit.<\/p><p data-start=\"2405\" data-end=\"2637\">Wir sp\u00fcren eine echte Transformation im Verst\u00e4ndnis von individuellen und kollektiven Verantwortlichkeiten. Es gibt ein wachsendes, wenn auch diskretes Bewusstsein, Menschen, die mit einer anderen Perspektive kommen, Gemeinschaften, die sich neu organisieren. Die Zukunft wird mit Beharrlichkeit, Hartn\u00e4ckigkeit und Bildung aufgebaut.<\/p><p data-start=\"2639\" data-end=\"2898\">Zwischen dem Fluss Len\u00e7\u00f3is und den Bergen der Chapada Diamantina lernten wir, dass Verweilen keine starre Form des Widerstands ist. Es bedeutet, sich anzupassen, zuzuh\u00f6ren und Beziehungen zu pflegen, die Sinn ergeben. Die Freiwilligenbrigade von Len\u00e7\u00f3is erinnert uns daran, indem sie einfach dort bleibt, wo sie sein muss, mit einer kollektiven Gro\u00dfz\u00fcgigkeit, die noch selten ist, aber eine wichtige Inspiration f\u00fcr uns darstellt.<\/p>\t\t\t\t\t\t\t\t<\/div>\n\t\t\t\t<\/div>\n\t\t\t\t\t<\/div>\n\t\t\t\t<\/div>\n\t\t<div class=\"elementor-element elementor-element-94e3dd5 e-grid e-con-full e-con e-parent\" data-id=\"94e3dd5\" data-element_type=\"container\" data-e-type=\"container\">\n\t\t\t\t<div class=\"elementor-element elementor-element-95d0943 elementor-widget elementor-widget-image\" data-id=\"95d0943\" data-element_type=\"widget\" data-e-type=\"widget\" data-widget_type=\"image.default\">\n\t\t\t\t<div class=\"elementor-widget-container\">\n\t\t\t\t\t\t\t\t\t\t\t\t\t\t\t<img decoding=\"async\" width=\"800\" height=\"341\" src=\"https:\/\/lencois.com.br\/wp-content\/uploads\/2026\/04\/Brigada-de-Incendio-Chapada-Diamantina-08-1024x436.jpg\" class=\"attachment-large size-large wp-image-4265\" alt=\"\" srcset=\"https:\/\/lencois.com.br\/wp-content\/uploads\/2026\/04\/Brigada-de-Incendio-Chapada-Diamantina-08-1024x436.jpg 1024w, https:\/\/lencois.com.br\/wp-content\/uploads\/2026\/04\/Brigada-de-Incendio-Chapada-Diamantina-08-300x128.jpg 300w, https:\/\/lencois.com.br\/wp-content\/uploads\/2026\/04\/Brigada-de-Incendio-Chapada-Diamantina-08-768x327.jpg 768w, https:\/\/lencois.com.br\/wp-content\/uploads\/2026\/04\/Brigada-de-Incendio-Chapada-Diamantina-08.jpg 1280w\" sizes=\"(max-width: 800px) 100vw, 800px\" \/>\t\t\t\t\t\t\t\t\t\t\t\t\t\t\t<\/div>\n\t\t\t\t<\/div>\n\t\t\t\t<div class=\"elementor-element elementor-element-6b7be8d elementor-widget elementor-widget-image\" data-id=\"6b7be8d\" data-element_type=\"widget\" data-e-type=\"widget\" data-widget_type=\"image.default\">\n\t\t\t\t<div class=\"elementor-widget-container\">\n\t\t\t\t\t\t\t\t\t\t\t\t\t\t\t<img decoding=\"async\" width=\"800\" height=\"341\" src=\"https:\/\/lencois.com.br\/wp-content\/uploads\/2026\/04\/Brigada-de-Incendio-Chapada-Diamantina-09-1024x436.jpg\" class=\"attachment-large size-large wp-image-4266\" alt=\"\" srcset=\"https:\/\/lencois.com.br\/wp-content\/uploads\/2026\/04\/Brigada-de-Incendio-Chapada-Diamantina-09-1024x436.jpg 1024w, https:\/\/lencois.com.br\/wp-content\/uploads\/2026\/04\/Brigada-de-Incendio-Chapada-Diamantina-09-300x128.jpg 300w, https:\/\/lencois.com.br\/wp-content\/uploads\/2026\/04\/Brigada-de-Incendio-Chapada-Diamantina-09-768x327.jpg 768w, https:\/\/lencois.com.br\/wp-content\/uploads\/2026\/04\/Brigada-de-Incendio-Chapada-Diamantina-09-1536x654.jpg 1536w, https:\/\/lencois.com.br\/wp-content\/uploads\/2026\/04\/Brigada-de-Incendio-Chapada-Diamantina-09-2048x872.jpg 2048w\" sizes=\"(max-width: 800px) 100vw, 800px\" \/>\t\t\t\t\t\t\t\t\t\t\t\t\t\t\t<\/div>\n\t\t\t\t<\/div>\n\t\t\t\t<div class=\"elementor-element elementor-element-0ddf3a9 elementor-widget elementor-widget-image\" data-id=\"0ddf3a9\" data-element_type=\"widget\" data-e-type=\"widget\" data-widget_type=\"image.default\">\n\t\t\t\t<div class=\"elementor-widget-container\">\n\t\t\t\t\t\t\t\t\t\t\t\t\t\t\t<img loading=\"lazy\" decoding=\"async\" width=\"800\" height=\"341\" src=\"https:\/\/lencois.com.br\/wp-content\/uploads\/2026\/04\/Brigada-de-Incendio-Chapada-Diamantina-05-1024x436.jpg\" class=\"attachment-large size-large wp-image-4262\" alt=\"\" srcset=\"https:\/\/lencois.com.br\/wp-content\/uploads\/2026\/04\/Brigada-de-Incendio-Chapada-Diamantina-05-1024x436.jpg 1024w, https:\/\/lencois.com.br\/wp-content\/uploads\/2026\/04\/Brigada-de-Incendio-Chapada-Diamantina-05-300x128.jpg 300w, https:\/\/lencois.com.br\/wp-content\/uploads\/2026\/04\/Brigada-de-Incendio-Chapada-Diamantina-05-768x327.jpg 768w, https:\/\/lencois.com.br\/wp-content\/uploads\/2026\/04\/Brigada-de-Incendio-Chapada-Diamantina-05-1536x654.jpg 1536w, https:\/\/lencois.com.br\/wp-content\/uploads\/2026\/04\/Brigada-de-Incendio-Chapada-Diamantina-05-2048x872.jpg 2048w\" sizes=\"(max-width: 800px) 100vw, 800px\" \/>\t\t\t\t\t\t\t\t\t\t\t\t\t\t\t<\/div>\n\t\t\t\t<\/div>\n\t\t\t\t<\/div>\n\t\t<div class=\"elementor-element elementor-element-883d26b e-flex e-con-boxed e-con e-parent\" data-id=\"883d26b\" data-element_type=\"container\" data-e-type=\"container\">\n\t\t\t\t\t<div class=\"e-con-inner\">\n\t\t\t\t<div class=\"elementor-element elementor-element-ee8f9a1 elementor-widget elementor-widget-text-editor\" data-id=\"ee8f9a1\" data-element_type=\"widget\" data-e-type=\"widget\" data-widget_type=\"text-editor.default\">\n\t\t\t\t<div class=\"elementor-widget-container\">\n\t\t\t\t\t\t\t\t\t<p data-start=\"107\" data-end=\"386\">Die Sorge um dieses Gebiet ist eine gemeinsame Verantwortung.<br data-start=\"168\" data-end=\"171\" \/>Sie manifestiert sich in einfachen und best\u00e4ndigen Gesten: in der Art, wie wir mit Freunden, Kindern und Familie \u00fcber die Natur sprechen, in der Art, wie wir uns beim Besuch eines Parks verhalten, und in den Entscheidungen, die wir im Alltag treffen.<\/p><p data-start=\"388\" data-end=\"411\">Es gibt auch jene, die noch weiter gehen.<\/p><p data-start=\"413\" data-end=\"612\">Die freiwilligen Feuerwehrleute von Len\u00e7\u00f3is widmen Zeit, Energie und ihre Anwesenheit, um die Chapada Diamantina unter oft extremen Bedingungen zu sch\u00fctzen. Die Unterst\u00fctzung dieser Arbeit ist eine konkrete Form der Teilnahme.<\/p><p data-start=\"614\" data-end=\"816\">Dies kann auf verschiedene Weise geschehen: durch die Spende von Ausr\u00fcstung, logistische Unterst\u00fctzung, Verpflegung w\u00e4hrend der Eins\u00e4tze oder finanzielle Beitr\u00e4ge, die der Brigade helfen, aktiv und einsatzbereit zu bleiben.<\/p><p data-start=\"847\" data-end=\"919\"><strong data-start=\"847\" data-end=\"919\">PIX-Schl\u00fcssel (CNPJ): 04.480.108\/0001-80<br data-start=\"885\" data-end=\"888\" \/>Freiwilligenbrigade von Len\u00e7\u00f3is\u00a0<\/strong><\/p><p data-start=\"847\" data-end=\"919\"><strong data-start=\"847\" data-end=\"919\">E-Mail: bvlencois@gmail.com<\/strong><\/p><p data-start=\"847\" data-end=\"919\">Hier ist unser Dank an alle freiwilligen Brigadisten von Len\u00e7\u00f3is und der gesamten Chapada Diamantina f\u00fcr ihr anhaltendes Engagement f\u00fcr die Natur und f\u00fcr dieses Gebiet, das uns ern\u00e4hrt.<\/p><p data-start=\"847\" data-end=\"919\">Hotel Canto das \u00c1guas<\/p><p data-start=\"847\" data-end=\"919\"><strong>Fotos bereitgestellt von der BVL<\/strong><\/p>\t\t\t\t\t\t\t\t<\/div>\n\t\t\t\t<\/div>\n\t\t\t\t\t<\/div>\n\t\t\t\t<\/div>\n\t\t\t\t<\/div>","protected":false},"excerpt":{"rendered":"<p>H\u00e1 momentos em que a paisagem muda de forma abrupta. N\u00e3o como uma transforma\u00e7\u00e3o lenta da evolu\u00e7\u00e3o natural, mas como ruptura. Na Chapada Diamantina, o fogo atravessa o territ\u00f3rio assim. \u00c0s vezes esperado, outras vezes n\u00e3o. A vegeta\u00e7\u00e3o escurece, o ar perde densidade, os sons se alteram e o tempo parece suspenso. E, ainda assim, [&hellip;]<\/p>\n","protected":false},"author":28,"featured_media":4261,"comment_status":"closed","ping_status":"closed","sticky":false,"template":"","format":"standard","meta":{"footnotes":""},"categories":[22,1],"tags":[11,26],"class_list":["post-4245","post","type-post","status-publish","format-standard","has-post-thumbnail","hentry","category-sustentabilidade","category-chapada-diamantina","tag-chapada-diamantina","tag-sustentabilidade"],"_links":{"self":[{"href":"https:\/\/lencois.com.br\/de\/wp-json\/wp\/v2\/posts\/4245","targetHints":{"allow":["GET"]}}],"collection":[{"href":"https:\/\/lencois.com.br\/de\/wp-json\/wp\/v2\/posts"}],"about":[{"href":"https:\/\/lencois.com.br\/de\/wp-json\/wp\/v2\/types\/post"}],"author":[{"embeddable":true,"href":"https:\/\/lencois.com.br\/de\/wp-json\/wp\/v2\/users\/28"}],"replies":[{"embeddable":true,"href":"https:\/\/lencois.com.br\/de\/wp-json\/wp\/v2\/comments?post=4245"}],"version-history":[{"count":39,"href":"https:\/\/lencois.com.br\/de\/wp-json\/wp\/v2\/posts\/4245\/revisions"}],"predecessor-version":[{"id":4393,"href":"https:\/\/lencois.com.br\/de\/wp-json\/wp\/v2\/posts\/4245\/revisions\/4393"}],"wp:featuredmedia":[{"embeddable":true,"href":"https:\/\/lencois.com.br\/de\/wp-json\/wp\/v2\/media\/4261"}],"wp:attachment":[{"href":"https:\/\/lencois.com.br\/de\/wp-json\/wp\/v2\/media?parent=4245"}],"wp:term":[{"taxonomy":"category","embeddable":true,"href":"https:\/\/lencois.com.br\/de\/wp-json\/wp\/v2\/categories?post=4245"},{"taxonomy":"post_tag","embeddable":true,"href":"https:\/\/lencois.com.br\/de\/wp-json\/wp\/v2\/tags?post=4245"}],"curies":[{"name":"wp","href":"https:\/\/api.w.org\/{rel}","templated":true}]}}