{"id":4392,"date":"2026-04-16T12:39:52","date_gmt":"2026-04-16T15:39:52","guid":{"rendered":"https:\/\/lencois.com.br\/?p=4392"},"modified":"2026-04-27T10:20:20","modified_gmt":"2026-04-27T13:20:20","slug":"umfassender-reisefuhrer-fur-chapada","status":"publish","type":"post","link":"https:\/\/lencois.com.br\/de\/guia-completo-da-chapada\/","title":{"rendered":"Umfassender Reisef\u00fchrer f\u00fcr die Chapada Diamantina: Anreise, Unterkunft und Sehensw\u00fcrdigkeiten in Len\u00e7\u00f3is"},"content":{"rendered":"<div data-elementor-type=\"wp-post\" data-elementor-id=\"4392\" class=\"elementor elementor-4392\" data-elementor-post-type=\"post\">\n\t\t\t\t<div class=\"elementor-element elementor-element-f114992 e-flex e-con-boxed e-con e-parent\" data-id=\"f114992\" data-element_type=\"container\" data-e-type=\"container\">\n\t\t\t\t\t<div class=\"e-con-inner\">\n\t\t\t\t\t<\/div>\n\t\t\t\t<\/div>\n\t\t<div class=\"elementor-element elementor-element-180ce89 e-flex e-con-boxed e-con e-parent\" data-id=\"180ce89\" data-element_type=\"container\" data-e-type=\"container\">\n\t\t\t\t\t<div class=\"e-con-inner\">\n\t\t\t\t<div class=\"elementor-element elementor-element-92ae91d elementor-widget elementor-widget-text-editor\" data-id=\"92ae91d\" data-element_type=\"widget\" data-e-type=\"widget\" data-widget_type=\"text-editor.default\">\n\t\t\t\t<div class=\"elementor-widget-container\">\n\t\t\t\t\t\t\t\t\t<h2 style=\"text-align: center;\">Umfassender Leitfaden f\u00fcr die Chapada Diamantina: Anreise, Unterkunft und Aktivit\u00e4ten in Len\u00e7\u00f3is.<\/h2><h5 style=\"text-align: center;\">Teil 1<\/h5><p data-start=\"0\" data-end=\"295\">Die Chapada Diamantina ist eines der einzigartigsten Reiseziele Brasiliens f\u00fcr alle, die Natur, Wanderwege, Wasserf\u00e4lle, H\u00f6hlen, historische St\u00e4dte und ein tiefgr\u00fcndigeres Reiseerlebnis suchen. Im Landesinneren von Bahia vereint die Region gro\u00dfartige Landschaften und verschiedene Arten, das Territorium zu bewohnen und wahrzunehmen.<\/p><p data-start=\"297\" data-end=\"558\">Zwischen Bergen, Fl\u00fcssen, historischen Pfaden und Steinst\u00e4dten offenbart die Chapada Diamantina einige der au\u00dfergew\u00f6hnlichsten Landschaften des Landes. Es ist ein Reiseziel, das landschaftliche Sch\u00f6nheit, historische Dichte und eine ganz besondere Beziehung zwischen Natur, Kultur und Zeit vereint.<\/p><p data-start=\"560\" data-end=\"1109\" data-is-last-node=\"\" data-is-only-node=\"\">F\u00fcr Erstbesucher der Chapada Diamantina ist Len\u00e7\u00f3is eine ausgezeichnete Option f\u00fcr den Anfang. Die Stadt bietet eine gute Infrastruktur, einfachen Zugang zu vielen der Hauptattraktionen, ein lebendiges historisches Zentrum und eine nat\u00fcrlich einladende Atmosph\u00e4re. F\u00fcr diejenigen, die die Region komfortabel, tiefgr\u00fcndig und flie\u00dfend kennenlernen m\u00f6chten, ist Len\u00e7\u00f3is der umfassendste Ausgangspunkt. Wer die Reise erweitern m\u00f6chte, kann einige Tage in Mucug\u00ea einplanen, um auch den S\u00fcden des Parks zu erkunden und ein breiteres Verst\u00e4ndnis der Chapada zu entwickeln.<\/p>\t\t\t\t\t\t\t\t<\/div>\n\t\t\t\t<\/div>\n\t\t\t\t\t<\/div>\n\t\t\t\t<\/div>\n\t\t<div class=\"elementor-element elementor-element-e0ae92d e-flex e-con-boxed e-con e-parent\" data-id=\"e0ae92d\" data-element_type=\"container\" data-e-type=\"container\">\n\t\t\t\t\t<div class=\"e-con-inner\">\n\t\t\t\t<div class=\"elementor-element elementor-element-b128edf elementor-widget elementor-widget-image\" data-id=\"b128edf\" data-element_type=\"widget\" data-e-type=\"widget\" data-widget_type=\"image.default\">\n\t\t\t\t<div class=\"elementor-widget-container\">\n\t\t\t\t\t\t\t\t\t\t\t\t\t\t\t<img fetchpriority=\"high\" decoding=\"async\" width=\"800\" height=\"334\" src=\"https:\/\/lencois.com.br\/wp-content\/uploads\/2025\/12\/Hotel-Canto-das-Aguas-12-1024x427.jpg\" class=\"attachment-large size-large wp-image-4104\" alt=\"\" srcset=\"https:\/\/lencois.com.br\/wp-content\/uploads\/2025\/12\/Hotel-Canto-das-Aguas-12-1024x427.jpg 1024w, https:\/\/lencois.com.br\/wp-content\/uploads\/2025\/12\/Hotel-Canto-das-Aguas-12-300x125.jpg 300w, https:\/\/lencois.com.br\/wp-content\/uploads\/2025\/12\/Hotel-Canto-das-Aguas-12-768x320.jpg 768w, https:\/\/lencois.com.br\/wp-content\/uploads\/2025\/12\/Hotel-Canto-das-Aguas-12-1536x640.jpg 1536w, https:\/\/lencois.com.br\/wp-content\/uploads\/2025\/12\/Hotel-Canto-das-Aguas-12.jpg 2048w\" sizes=\"(max-width: 800px) 100vw, 800px\" \/>\t\t\t\t\t\t\t\t\t\t\t\t\t\t\t<\/div>\n\t\t\t\t<\/div>\n\t\t\t\t\t<\/div>\n\t\t\t\t<\/div>\n\t\t<div class=\"elementor-element elementor-element-999daf0 e-flex e-con-boxed e-con e-parent\" data-id=\"999daf0\" data-element_type=\"container\" data-e-type=\"container\">\n\t\t\t\t\t<div class=\"e-con-inner\">\n\t\t\t\t<div class=\"elementor-element elementor-element-a04a7e8 elementor-widget elementor-widget-text-editor\" data-id=\"a04a7e8\" data-element_type=\"widget\" data-e-type=\"widget\" data-widget_type=\"text-editor.default\">\n\t\t\t\t<div class=\"elementor-widget-container\">\n\t\t\t\t\t\t\t\t\t<h2>Wie kommt man zur Chapada Diamantina<\/h2><p class=\"isSelectedEnd\">Die Chapada Diamantina verf\u00fcgt \u00fcber den Flughafen Len\u00e7\u00f3is, mit regelm\u00e4\u00dfigen Fl\u00fcgen der Azul und in einigen Hochsaisonperioden auch Fl\u00fcgen der Latam. F\u00fcr viele Reisende ist dies der praktischste Weg, um in die Region zu gelangen.<\/p><p>Eine weitere Option ist es, in Salvador von Bord zu gehen und die Strecke nach Len\u00e7\u00f3is auf dem Stra\u00dfenweg, mit dem Auto, einem privaten Transfer oder dem Bus zur\u00fcckzulegen. F\u00fcr Reisende aus dem Ausland beginnt die Reise normalerweise in Salvador und geht dann weiter nach Len\u00e7\u00f3is, das weiterhin das Haupteingangstor zur Erkundung des zentralen und n\u00f6rdlichen Teils der Chapada Diamantina ist.<\/p>\t\t\t\t\t\t\t\t<\/div>\n\t\t\t\t<\/div>\n\t\t\t\t\t<\/div>\n\t\t\t\t<\/div>\n\t\t<div class=\"elementor-element elementor-element-163ee7f e-flex e-con-boxed e-con e-parent\" data-id=\"163ee7f\" data-element_type=\"container\" data-e-type=\"container\">\n\t\t\t\t\t<div class=\"e-con-inner\">\n\t\t\t\t<div class=\"elementor-element elementor-element-e5f92df elementor-widget elementor-widget-text-editor\" data-id=\"e5f92df\" data-element_type=\"widget\" data-e-type=\"widget\" data-widget_type=\"text-editor.default\">\n\t\t\t\t<div class=\"elementor-widget-container\">\n\t\t\t\t\t\t\t\t\t<h2>Wo \u00fcbernachten in Len\u00e7\u00f3is<\/h2><p class=\"isSelectedEnd\">F\u00fcr die meisten Reisenden ist Len\u00e7\u00f3is die beste Wahl. Die Stadt kombiniert Infrastruktur, historischen Charme, gute Gastronomie und leichten Zugang zu verschiedenen Emotionen ausl\u00f6senden Ausfl\u00fcgen.<\/p><p class=\"isSelectedEnd\">Im Hotel Canto das \u00c1guas wird dieses Erlebnis noch tiefer. Das Hotel befindet sich im historischen Zentrum von Len\u00e7\u00f3is, am Flussufer, und bietet eine Unterkunft, die Kunst, Natur und Gastfreundschaft mit lokaler Identit\u00e4t verbindet. Es war das erste nachhaltige Hotel Brasiliens und hat eine ganz eigene Beziehung zum Territorium.<\/p><p class=\"isSelectedEnd\">Ein weiterer wichtiger Unterschied, besonders f\u00fcr ausl\u00e4ndische G\u00e4ste, ist der Concierge. Unser Team hilft bei der Reiseplanung, schl\u00e4gt Routen vor, gibt Anleitungen f\u00fcr Fahrten und erleichtert Reservierungen. Dida Murta, unser Concierge, spricht Portugiesisch, Franz\u00f6sisch, Englisch und Italienisch, was f\u00fcr Besucher aus dem Ausland mehr Fl\u00fcssigkeit und Sicherheit mit sich bringt.<\/p><p class=\"isSelectedEnd\">Donnerstags und sonntags, Tage, die normalerweise mit der Ankunft von Fl\u00fcgen in Len\u00e7\u00f3is zusammenfallen, bietet das Hotel eine kostenlose Stadtrundfahrt an. Nach dem Check-in, einer Ruhepause und einem Begr\u00fc\u00dfungsgetr\u00e4nk kann der Gast zu einem gef\u00fchrten Spaziergang mit Dida durch das historische Zentrum aufbrechen. Es ist eine sehr angenehme Art, sich in der Stadt zurechtzufinden, ihre Geschichte kennenzulernen und die Reise mit mehr Vertrautheit zum Reiseziel zu beginnen.<\/p>\t\t\t\t\t\t\t\t<\/div>\n\t\t\t\t<\/div>\n\t\t\t\t\t<\/div>\n\t\t\t\t<\/div>\n\t\t<div class=\"elementor-element elementor-element-94e3dd5 e-grid e-con-full e-con e-parent\" data-id=\"94e3dd5\" data-element_type=\"container\" data-e-type=\"container\">\n\t\t\t\t<div class=\"elementor-element elementor-element-95d0943 elementor-widget elementor-widget-image\" data-id=\"95d0943\" data-element_type=\"widget\" data-e-type=\"widget\" data-widget_type=\"image.default\">\n\t\t\t\t<div class=\"elementor-widget-container\">\n\t\t\t\t\t\t\t\t\t\t\t\t\t\t\t<img decoding=\"async\" width=\"800\" height=\"334\" src=\"https:\/\/lencois.com.br\/wp-content\/uploads\/2026\/04\/Hotel-Canto-das-Aguas-6-1024x427.jpg\" class=\"attachment-large size-large wp-image-4403\" alt=\"\" srcset=\"https:\/\/lencois.com.br\/wp-content\/uploads\/2026\/04\/Hotel-Canto-das-Aguas-6-1024x427.jpg 1024w, https:\/\/lencois.com.br\/wp-content\/uploads\/2026\/04\/Hotel-Canto-das-Aguas-6-300x125.jpg 300w, https:\/\/lencois.com.br\/wp-content\/uploads\/2026\/04\/Hotel-Canto-das-Aguas-6-768x320.jpg 768w, https:\/\/lencois.com.br\/wp-content\/uploads\/2026\/04\/Hotel-Canto-das-Aguas-6-1536x640.jpg 1536w, https:\/\/lencois.com.br\/wp-content\/uploads\/2026\/04\/Hotel-Canto-das-Aguas-6.jpg 2048w\" sizes=\"(max-width: 800px) 100vw, 800px\" \/>\t\t\t\t\t\t\t\t\t\t\t\t\t\t\t<\/div>\n\t\t\t\t<\/div>\n\t\t\t\t<div class=\"elementor-element elementor-element-6b7be8d elementor-widget elementor-widget-image\" data-id=\"6b7be8d\" data-element_type=\"widget\" data-e-type=\"widget\" data-widget_type=\"image.default\">\n\t\t\t\t<div class=\"elementor-widget-container\">\n\t\t\t\t\t\t\t\t\t\t\t\t\t\t\t<img decoding=\"async\" width=\"800\" height=\"334\" src=\"https:\/\/lencois.com.br\/wp-content\/uploads\/2026\/04\/Hotel-Canto-das-Aguas-7-1024x427.jpg\" class=\"attachment-large size-large wp-image-4404\" alt=\"\" srcset=\"https:\/\/lencois.com.br\/wp-content\/uploads\/2026\/04\/Hotel-Canto-das-Aguas-7-1024x427.jpg 1024w, https:\/\/lencois.com.br\/wp-content\/uploads\/2026\/04\/Hotel-Canto-das-Aguas-7-300x125.jpg 300w, https:\/\/lencois.com.br\/wp-content\/uploads\/2026\/04\/Hotel-Canto-das-Aguas-7-768x320.jpg 768w, https:\/\/lencois.com.br\/wp-content\/uploads\/2026\/04\/Hotel-Canto-das-Aguas-7-1536x640.jpg 1536w, https:\/\/lencois.com.br\/wp-content\/uploads\/2026\/04\/Hotel-Canto-das-Aguas-7.jpg 2048w\" sizes=\"(max-width: 800px) 100vw, 800px\" \/>\t\t\t\t\t\t\t\t\t\t\t\t\t\t\t<\/div>\n\t\t\t\t<\/div>\n\t\t\t\t<div class=\"elementor-element elementor-element-0ddf3a9 elementor-widget elementor-widget-image\" data-id=\"0ddf3a9\" data-element_type=\"widget\" data-e-type=\"widget\" data-widget_type=\"image.default\">\n\t\t\t\t<div class=\"elementor-widget-container\">\n\t\t\t\t\t\t\t\t\t\t\t\t\t\t\t<img loading=\"lazy\" decoding=\"async\" width=\"800\" height=\"341\" src=\"https:\/\/lencois.com.br\/wp-content\/uploads\/2026\/04\/Hotel-Canto-das-Aguas-8-1024x436.jpg\" class=\"attachment-large size-large wp-image-4405\" alt=\"\" srcset=\"https:\/\/lencois.com.br\/wp-content\/uploads\/2026\/04\/Hotel-Canto-das-Aguas-8-1024x436.jpg 1024w, https:\/\/lencois.com.br\/wp-content\/uploads\/2026\/04\/Hotel-Canto-das-Aguas-8-300x128.jpg 300w, https:\/\/lencois.com.br\/wp-content\/uploads\/2026\/04\/Hotel-Canto-das-Aguas-8-768x327.jpg 768w, https:\/\/lencois.com.br\/wp-content\/uploads\/2026\/04\/Hotel-Canto-das-Aguas-8-1536x653.jpg 1536w, https:\/\/lencois.com.br\/wp-content\/uploads\/2026\/04\/Hotel-Canto-das-Aguas-8.jpg 2048w\" sizes=\"(max-width: 800px) 100vw, 800px\" \/>\t\t\t\t\t\t\t\t\t\t\t\t\t\t\t<\/div>\n\t\t\t\t<\/div>\n\t\t\t\t<\/div>\n\t\t<div class=\"elementor-element elementor-element-ed9f8fb e-flex e-con-boxed e-con e-parent\" data-id=\"ed9f8fb\" data-element_type=\"container\" data-e-type=\"container\">\n\t\t\t\t\t<div class=\"e-con-inner\">\n\t\t\t\t<div class=\"elementor-element elementor-element-f6b2f6b elementor-widget elementor-widget-text-editor\" data-id=\"f6b2f6b\" data-element_type=\"widget\" data-e-type=\"widget\" data-widget_type=\"text-editor.default\">\n\t\t\t\t<div class=\"elementor-widget-container\">\n\t\t\t\t\t\t\t\t\t<h2>Wie viele Tage in Len\u00e7\u00f3is und Chapada Diamantina bleiben<\/h2><p data-start=\"230\" data-end=\"479\">Um die Chapada Diamantina tiefgr\u00fcndig kennenzulernen, ist Len\u00e7\u00f3is das ideale Eingangstor, um die Region mit Komfort, guter Infrastruktur, vielf\u00e4ltigen Erlebnissen und einfachem Zugang zu den verschiedenen Landschaften des Parks zu erkunden.<\/p><p data-start=\"481\" data-end=\"916\">Unser Vorschlag ist, mindestens f\u00fcnf Tage f\u00fcr Len\u00e7\u00f3is einzuplanen. Diese Zeit erlaubt es, Wanderungen, Autotouren und Flussb\u00e4der mit ruhigeren Momenten in der Stadt selbst zu verbinden, zwischen dem historischen Zentrum, der Gastronomie und der ganz besonderen Atmosph\u00e4re des Ortes. Len\u00e7\u00f3is vereint auf ausgewogene Weise Sch\u00f6nheit, Komfort und Reichtum an Erlebnissen, weshalb es sich so gut f\u00fcr diejenigen eignet, die die Chapada ohne Eile und mit mehr Tiefe erkunden m\u00f6chten.<\/p><p class=\"isSelectedEnd\">F\u00fcr diejenigen, die ihre Reiseroute erweitern und auch eine andere Region des Parks kennenlernen m\u00f6chten, ist eine gute Kombination, noch ein paar Tage in Mucug\u00ea zu verbringen. Die charmante, von Bergen umgebene Stadt mit einem sehr sch\u00f6nen historischen Zentrum bietet einen ruhigeren Rhythmus und eine andere Landschaft als Len\u00e7\u00f3is und erg\u00e4nzt die Reiseroute durch die Chapada Diamantina perfekt. Mucug\u00ea ist ein Ort der Ruhe, umgeben von Schluchten und wundersch\u00f6nen Wasserf\u00e4llen, und dient au\u00dferdem als strategischer Ausgangspunkt f\u00fcr einige der wichtigsten Attraktionen des Parks.<\/p><p class=\"isSelectedEnd\">Mucug\u00ea hat eine schlankere Struktur, aber gerade deswegen birgt sie einen besonderen Charme. Unser Unterkunftsvorschlag ist das <strong>Ref\u00fagio na Serra Boutique Hotel<\/strong>, im historischen Zentrum, eine Adresse, die Stille, Ruhe und \u00fcppige Vegetation kultiviert und eine Atmosph\u00e4re der Ruhe schafft, die perfekt zur Stadt passt. Das Hotel pr\u00e4sentiert sich als \u201cZufluchtsort f\u00fcr die Seele\u201d, und diese Definition bringt das Erlebnis gut auf den Punkt.<\/p><p>Und der Besuch bei <strong>Weingut Uvva<\/strong> ist ein Muss. A <strong>Uvva<\/strong> eine zeitgen\u00f6ssische Architektur, Weintourismus und die Produktion hochwertiger Weine im Herzen des bahianischen Hinterlandes, die eine Erfahrung bietet, die gerade deshalb \u00fcberrascht, weil sie weit weg von den offensichtlichsten Weinregionen stattfindet. Die Weinkellerei selbst pr\u00e4sentiert den Ort als eine Immersion in die Welt der Trauben und des Weins in der Chapada Diamantina, und genau das bietet der Besuch: eine Station von gro\u00dfer Sch\u00f6nheit, viel gastronomischem Genuss und eine neue Perspektive auf die m\u00f6gliche Raffinesse im bahianischen Sert\u00e3o.\u00a0<\/p>\t\t\t\t\t\t\t\t<\/div>\n\t\t\t\t<\/div>\n\t\t\t\t\t<\/div>\n\t\t\t\t<\/div>\n\t\t<div class=\"elementor-element elementor-element-31992cb e-grid e-con-full e-con e-parent\" data-id=\"31992cb\" data-element_type=\"container\" data-e-type=\"container\">\n\t\t\t\t<div class=\"elementor-element elementor-element-a197626 elementor-widget elementor-widget-image\" data-id=\"a197626\" data-element_type=\"widget\" data-e-type=\"widget\" data-widget_type=\"image.default\">\n\t\t\t\t<div class=\"elementor-widget-container\">\n\t\t\t\t\t\t\t\t\t\t\t\t\t\t\t<img loading=\"lazy\" decoding=\"async\" width=\"800\" height=\"334\" src=\"https:\/\/lencois.com.br\/wp-content\/uploads\/2026\/03\/Serrano-1024x427.jpg\" class=\"attachment-large size-large wp-image-4129\" alt=\"\" srcset=\"https:\/\/lencois.com.br\/wp-content\/uploads\/2026\/03\/Serrano-1024x427.jpg 1024w, https:\/\/lencois.com.br\/wp-content\/uploads\/2026\/03\/Serrano-300x125.jpg 300w, https:\/\/lencois.com.br\/wp-content\/uploads\/2026\/03\/Serrano-768x320.jpg 768w, https:\/\/lencois.com.br\/wp-content\/uploads\/2026\/03\/Serrano-1536x640.jpg 1536w, https:\/\/lencois.com.br\/wp-content\/uploads\/2026\/03\/Serrano.jpg 2048w\" sizes=\"(max-width: 800px) 100vw, 800px\" \/>\t\t\t\t\t\t\t\t\t\t\t\t\t\t\t<\/div>\n\t\t\t\t<\/div>\n\t\t\t\t<div class=\"elementor-element elementor-element-ce317e8 elementor-widget elementor-widget-image\" data-id=\"ce317e8\" data-element_type=\"widget\" data-e-type=\"widget\" data-widget_type=\"image.default\">\n\t\t\t\t<div class=\"elementor-widget-container\">\n\t\t\t\t\t\t\t\t\t\t\t\t\t\t\t<img loading=\"lazy\" decoding=\"async\" width=\"800\" height=\"334\" src=\"https:\/\/lencois.com.br\/wp-content\/uploads\/2026\/04\/Morrao-Chapada-Diamantina-1024x427.jpg\" class=\"attachment-large size-large wp-image-4413\" alt=\"\" srcset=\"https:\/\/lencois.com.br\/wp-content\/uploads\/2026\/04\/Morrao-Chapada-Diamantina-1024x427.jpg 1024w, https:\/\/lencois.com.br\/wp-content\/uploads\/2026\/04\/Morrao-Chapada-Diamantina-300x125.jpg 300w, https:\/\/lencois.com.br\/wp-content\/uploads\/2026\/04\/Morrao-Chapada-Diamantina-768x320.jpg 768w, https:\/\/lencois.com.br\/wp-content\/uploads\/2026\/04\/Morrao-Chapada-Diamantina-1536x640.jpg 1536w, https:\/\/lencois.com.br\/wp-content\/uploads\/2026\/04\/Morrao-Chapada-Diamantina.jpg 2048w\" sizes=\"(max-width: 800px) 100vw, 800px\" \/>\t\t\t\t\t\t\t\t\t\t\t\t\t\t\t<\/div>\n\t\t\t\t<\/div>\n\t\t\t\t<div class=\"elementor-element elementor-element-152f634 elementor-widget elementor-widget-image\" data-id=\"152f634\" data-element_type=\"widget\" data-e-type=\"widget\" data-widget_type=\"image.default\">\n\t\t\t\t<div class=\"elementor-widget-container\">\n\t\t\t\t\t\t\t\t\t\t\t\t\t\t\t<img loading=\"lazy\" decoding=\"async\" width=\"800\" height=\"334\" src=\"https:\/\/lencois.com.br\/wp-content\/uploads\/2026\/04\/Cachoeira-Chapada-Diamantina-1024x427.jpg\" class=\"attachment-large size-large wp-image-4410\" alt=\"\" srcset=\"https:\/\/lencois.com.br\/wp-content\/uploads\/2026\/04\/Cachoeira-Chapada-Diamantina-1024x427.jpg 1024w, https:\/\/lencois.com.br\/wp-content\/uploads\/2026\/04\/Cachoeira-Chapada-Diamantina-300x125.jpg 300w, https:\/\/lencois.com.br\/wp-content\/uploads\/2026\/04\/Cachoeira-Chapada-Diamantina-768x320.jpg 768w, https:\/\/lencois.com.br\/wp-content\/uploads\/2026\/04\/Cachoeira-Chapada-Diamantina-1536x640.jpg 1536w, https:\/\/lencois.com.br\/wp-content\/uploads\/2026\/04\/Cachoeira-Chapada-Diamantina.jpg 2048w\" sizes=\"(max-width: 800px) 100vw, 800px\" \/>\t\t\t\t\t\t\t\t\t\t\t\t\t\t\t<\/div>\n\t\t\t\t<\/div>\n\t\t\t\t<\/div>\n\t\t<div class=\"elementor-element elementor-element-883d26b e-flex e-con-boxed e-con e-parent\" data-id=\"883d26b\" data-element_type=\"container\" data-e-type=\"container\">\n\t\t\t\t\t<div class=\"e-con-inner\">\n\t\t\t\t<div class=\"elementor-element elementor-element-ee8f9a1 elementor-widget elementor-widget-text-editor\" data-id=\"ee8f9a1\" data-element_type=\"widget\" data-e-type=\"widget\" data-widget_type=\"text-editor.default\">\n\t\t\t\t<div class=\"elementor-widget-container\">\n\t\t\t\t\t\t\t\t\t<h2>Ausfl\u00fcge von Len\u00e7\u00f3is<\/h2><p class=\"isSelectedEnd\">Len\u00e7\u00f3is bietet eine seltene Kombination aus zug\u00e4nglicher Natur, historischen Wanderwegen, Fl\u00fcssen, H\u00f6hlen und l\u00e4ngeren Expeditionen. Viele der Touren k\u00f6nnen zu Fu\u00df direkt von der Stadt aus gestartet werden, w\u00e4hrend andere mit dem Auto durchgef\u00fchrt werden.<\/p><h3>Stadtf\u00fchrungen zu Fu\u00df vom historischen Zentrum aus<\/h3><p class=\"isSelectedEnd\">Eines der gro\u00dfen Privilegien von Len\u00e7\u00f3is ist, dass man vom historischen Zentrum aus losgehen und nach kurzer Zeit bereits wundersch\u00f6ne Orte erreichen kann.<\/p><p class=\"isSelectedEnd\">Nein <strong>Stadpark Muritiba<\/strong>, zum Beispiel finden Sie in einem Bereich sowohl <strong>Serrano<\/strong>, oder <strong>Salon der farbigen Sande<\/strong>, ein <strong>Cachoeirinha<\/strong>, ein <strong>Fr\u00fchlingswasserfall<\/strong> und <strong>Halleybrunnen<\/strong>. Es ist eine ideale Wanderung f\u00fcr einen ersten Kontakt mit der Geologie und dem Wasser der Chapada.<\/p><p class=\"isSelectedEnd\">Auch zu Fu\u00df von Len\u00e7\u00f3is ausgehend ist einer der klassischsten Ausfl\u00fcge der <strong>Ribeir\u00e3o do Meio<\/strong>, mit seinem nat\u00fcrlichen Rutschstein und Badebecken.<\/p><p class=\"isSelectedEnd\">Zu den sch\u00f6nsten Wanderrouten der Region geh\u00f6ren auch <strong>Ribeir\u00e3o de Cima<\/strong>, die nat\u00fcrlichen Pools, bekannt als <strong>Ich war<\/strong>,o <strong>Rio Mandassaia<\/strong>\u00a0und <strong>Lap\u00e3o-H\u00f6hle.<\/strong>\u00a0<\/p><p class=\"isSelectedEnd\">F\u00fcr diejenigen, die eine anspruchsvollere Wanderung w\u00fcnschen, <strong>Cachoeira do Sossego<\/strong> ist eine der gro\u00dfen Erfahrungen, die man von Len\u00e7\u00f3is aus unternehmen kann, mit einer Wanderung \u00fcber Felsen und Flussbetten zu einem Wasserfall, der zwischen Felsw\u00e4nden eingebettet ist.<\/p><h3>Immersivere \u00dcberquerungen und Wanderwege<\/h3><p class=\"isSelectedEnd\">Len\u00e7\u00f3is ist auch ein Ausgangspunkt f\u00fcr Routen mit gr\u00f6\u00dferer historischer und landschaftlicher Tiefe.<\/p><p class=\"isSelectedEnd\">Die \u00dcberfahrt <strong>Pai In\u00e1cio (Pon\u00ean)\u2013Len\u00e7\u00f3is<\/strong> alte Pfade entlang des Diamantzyklus, mit gro\u00dfartigen Ausblicken, Floraobservation und Ankunft \u00fcber den Fluss Mandassaia, bevor Sie die Stadt erreichen.<\/p><p class=\"isSelectedEnd\">A <strong>Len\u00e7\u00f3is\u2013Cap\u00e3o-\u00dcberquerung<\/strong> ist weniger bekannt und sehr sch\u00f6n, mit einem Bad in <strong>Klares Wasser<\/strong> mit dem Weg. F\u00fcr diejenigen, die l\u00e4ngere Wanderungen suchen, gibt es auch die M\u00f6glichkeit von <strong>Cachoeira da Fuma\u00e7a von unten<\/strong>, auf einer mehrt\u00e4gigen Wanderung.<\/p><p class=\"isSelectedEnd\">O <strong>Vale do Pati<\/strong>, obwohl eine speziellere Planung erfordert, geh\u00f6rt auch dies zum Universum gr\u00f6\u00dferer Expeditionen und ist eine der symboltr\u00e4chtigsten \u00dcberquerungen Brasiliens, die \u00fcber Guin\u00e9, Andara\u00ed oder Cap\u00e3o f\u00fchrt.<\/p><h3>Autofahrten von Len\u00e7\u00f3is<\/h3><p class=\"isSelectedEnd\">Mit dem Auto ist Len\u00e7\u00f3is ein Ausgangspunkt f\u00fcr einige der repr\u00e4sentativsten Sehensw\u00fcrdigkeiten des zentralen Teils der Chapada Diamantina.<\/p><p class=\"isSelectedEnd\">Unter ihnen sind die <strong>Blauer Brunnen<\/strong> und <strong>Bezaubernder Brunnen<\/strong>, zwei sehr pr\u00e4gende unterirdische Erlebnisse.<\/p><p class=\"isSelectedEnd\">Auch mit dem Auto erreichbar sind der <strong>Morro do Pai In\u00e1cio<\/strong>, ein <strong>Torrinha-Grotte<\/strong>, ein <strong>Lapa Doce<\/strong>, ein <strong>Fumaceira-H\u00f6hle<\/strong> und <strong>Cachoeirinha do Pai In\u00e1cio<\/strong>.<\/p><p class=\"isSelectedEnd\">Outro roteiro muito bonito na regi\u00e3o \u00e9 o <strong>Marimbus am Fluss Roncador<\/strong>, eine Kanufahrt durch \u00fcberflutete Gebiete, bekannt als das \u201cPantanal der Chapada\u201d, gef\u00fchrt von Bewohnern des Quilombo do Remanso, einer Quilombola-Gemeinde, die in die Gemeinde Len\u00e7\u00f3is integriert ist.<\/p><p class=\"isSelectedEnd\">In N\u00e4chten mit Vollmond bietet die Region Pai In\u00e1cio immer noch ganz besondere Momente der Kontemplation, mit der M\u00f6glichkeit, vom Aussichtspunkt des Gebirges aus zu beobachten, wie der Mond am Horizont aufgeht.<\/p><h3>Ausfl\u00fcge von Mucug\u00ea<\/h3><p class=\"isSelectedEnd\">Mucug\u00ea in die Reise einzubeziehen ist eine M\u00f6glichkeit, den S\u00fcden der Chapada Diamantina kennenzulernen, eine Region mit ebenso sch\u00f6nen Landschaften.<\/p><p class=\"isSelectedEnd\">Die beiden gro\u00dfen H\u00f6hepunkte der Natur sind die <strong>Cachoeira do Burac\u00e3o<\/strong> und <strong>Fumacinha, <\/strong>die sich in der Gemeinde Ibicoara befinden, etwa 1 Autostunde von Mucug\u00ea entfernt.<\/p><p class=\"isSelectedEnd\">Neben den Naturspazierg\u00e4ngen lohnt sich ein Besuch <strong>Friedhof von Mucug\u00ea<\/strong>, einer der einzigartigsten Orte der Stadt, sowohl wegen der Architektur als auch wegen der Atmosph\u00e4re. Und um das Erlebnis noch zu erweitern, ist der Besuch des <strong>Weingut Uvva<\/strong> wird wegen des gastronomischen Potenzials ihrer Weine sehr empfohlen.\u00a0<\/p><h3>Beste Reisezeit f\u00fcr die Chapada Diamantina<\/h3><p class=\"isSelectedEnd\">Die Chapada Diamantina kann das ganze Jahr \u00fcber besucht werden. Jede Jahreszeit bietet ein anderes Erlebnis, und das ist Teil des Reichtums des Reiseziels.<\/p><p class=\"isSelectedEnd\">Die Regenzeit, insbesondere zwischen Februar und Mai, kann auch sehr sch\u00f6n sein. Zu dieser Zeit wird die Vegetation saftiger, die Landschaft gr\u00fcner und die Fl\u00fcsse und Wasserf\u00e4lle k\u00f6nnen voller sein. Selbst an regnerischen Tagen gibt es viele Ausfl\u00fcge, die sich weiterhin lohnen, insbesondere solche, die sich auf die H\u00f6hlen und Grotten der Region beziehen.<\/p><p class=\"isSelectedEnd\">Zu den H\u00f6hepunkten geh\u00f6ren die <strong>Lapa Doce<\/strong>, ein <strong>Torrinha-Grotte<\/strong>, oder <strong>Blauer Brunnen<\/strong> und <strong>Bezaubernder Brunnen<\/strong>, was die Reise, auch bei wechselndem Wetter, sehr interessant macht.<\/p><p class=\"isSelectedEnd\">In den Monaten Juni, Juli und einem Teil des Augusts k\u00f6nnen die N\u00e4chte k\u00fchler sein, daher lohnt es sich, eine w\u00e4rmere Jacke mitzunehmen. In den w\u00e4rmeren Monaten wird Sonnenschutz noch wichtiger.<\/p>\t\t\t\t\t\t\t\t<\/div>\n\t\t\t\t<\/div>\n\t\t\t\t\t<\/div>\n\t\t\t\t<\/div>\n\t\t<div class=\"elementor-element elementor-element-6c69413 e-flex e-con-boxed e-con e-parent\" data-id=\"6c69413\" data-element_type=\"container\" data-e-type=\"container\">\n\t\t\t\t\t<div class=\"e-con-inner\">\n\t\t\t\t<div class=\"elementor-element elementor-element-9752bd6 elementor-widget elementor-widget-image\" data-id=\"9752bd6\" data-element_type=\"widget\" data-e-type=\"widget\" data-widget_type=\"image.default\">\n\t\t\t\t<div class=\"elementor-widget-container\">\n\t\t\t\t\t\t\t\t\t\t\t\t\t\t\t<img loading=\"lazy\" decoding=\"async\" width=\"800\" height=\"334\" src=\"https:\/\/lencois.com.br\/wp-content\/uploads\/2026\/04\/Morro-do-Camelo-Lencois-1024x427.jpg\" class=\"attachment-large size-large wp-image-4415\" alt=\"\" srcset=\"https:\/\/lencois.com.br\/wp-content\/uploads\/2026\/04\/Morro-do-Camelo-Lencois-1024x427.jpg 1024w, https:\/\/lencois.com.br\/wp-content\/uploads\/2026\/04\/Morro-do-Camelo-Lencois-300x125.jpg 300w, https:\/\/lencois.com.br\/wp-content\/uploads\/2026\/04\/Morro-do-Camelo-Lencois-768x320.jpg 768w, https:\/\/lencois.com.br\/wp-content\/uploads\/2026\/04\/Morro-do-Camelo-Lencois-1536x640.jpg 1536w, https:\/\/lencois.com.br\/wp-content\/uploads\/2026\/04\/Morro-do-Camelo-Lencois.jpg 2048w\" sizes=\"(max-width: 800px) 100vw, 800px\" \/>\t\t\t\t\t\t\t\t\t\t\t\t\t\t\t<\/div>\n\t\t\t\t<\/div>\n\t\t\t\t\t<\/div>\n\t\t\t\t<\/div>\n\t\t<div class=\"elementor-element elementor-element-2fbdce8 e-flex e-con-boxed e-con e-parent\" data-id=\"2fbdce8\" data-element_type=\"container\" data-e-type=\"container\">\n\t\t\t\t\t<div class=\"e-con-inner\">\n\t\t\t\t<div class=\"elementor-element elementor-element-8cf50fd elementor-widget elementor-widget-text-editor\" data-id=\"8cf50fd\" data-element_type=\"widget\" data-e-type=\"widget\" data-widget_type=\"text-editor.default\">\n\t\t\t\t<div class=\"elementor-widget-container\">\n\t\t\t\t\t\t\t\t\t<h3>Was Sie f\u00fcr die Chapada Diamantina mitnehmen sollten<\/h3><p class=\"isSelectedEnd\">Zu wissen, was man f\u00fcr die Chapada Diamantina mitnehmen soll, macht einen Unterschied f\u00fcr den Reisekomfort.<\/p><p class=\"isSelectedEnd\">Im Sommer sollten Sonnencreme, UV-Kleidung, leichte und wandergerechte Kleidung mitgenommen werden. In k\u00e4lteren Monaten, insbesondere zwischen Juni und August, wird empfohlen, einen w\u00e4rmeren Mantel f\u00fcr abendliche Aktivit\u00e4ten einzupacken.<\/p><p class=\"isSelectedEnd\">Ein wesentlicher Punkt ist das Schuhwerk. Der Kauf eines neuen Stiefels f\u00fcr die Reise ist oft ein Fehler. Am besten nimmt man einen bereits eingelaufenen Wanderschuh oder Trekkingschuh mit, vorzugsweise mindestens einen Monat alt, damit sich der Fu\u00df bereits daran gew\u00f6hnt hat. Sehr n\u00fctzlich ist es auch, zwei Paar Schuhe mitzunehmen: eines f\u00fcr Wanderungen, das wahrscheinlich nass oder schmutzig wird, und ein anderes, um abends in der Stadt herumzulaufen.<\/p><p class=\"isSelectedEnd\">Da die Stra\u00dfen in Len\u00e7\u00f3is mit Kopfsteinpflaster bedeckt sind, sind bequeme Turnschuhe oder feste Sandalen sehr gut geeignet, um durch das historische Zentrum zu spazieren.<\/p><p class=\"isSelectedEnd\">Ein weiterer wichtiger Punkt ist, mindestens zwei Badeanz\u00fcge mitzubringen. An vielen Tagen besteht die M\u00f6glichkeit, in Fl\u00fcssen, Brunnen und Wasserf\u00e4llen zu schwimmen, daher ist es sinnvoll, einen zweiten Badeanzug zu haben, w\u00e4hrend der erste im Hotel trocknet.<\/p><p class=\"isSelectedEnd\">F\u00fcr diejenigen, die H\u00f6hlen und Grotten besuchen m\u00f6chten, ist eine Stirnlampe ebenfalls eine gute Idee.<\/p><h3>Len\u00e7\u00f3is ist sicher f\u00fcr internationale Reisende?<\/h3><p class=\"isSelectedEnd\">Ja. Len\u00e7\u00f3is ist im Allgemeinen eine sehr sichere, einladende und leicht zu lebende Stadt f\u00fcr internationale Reisende.<\/p><p class=\"isSelectedEnd\">Ein gro\u00dfer Teil des lokalen Lebens spielt sich in wenigen Stra\u00dfen des historischen Zentrums ab, was die Fortbewegung einfach, intuitiv und angenehm macht. Der Besucher versteht die Stadt schnell, gewinnt Autonomie und f\u00fchlt sich frei, herumzulaufen.<\/p><p class=\"isSelectedEnd\">Im Hotel Canto das \u00c1guas ist diese Erfahrung noch einfacher. Unser Standort befindet sich im historischen Zentrum. Es ist ganz nat\u00fcrlich, zu Fu\u00df hinauszugehen, die Stadt zu erkunden und in aller Ruhe zur\u00fcckzukehren.<\/p><p>Len\u00e7\u00f3is hat auch eine sehr menschliche Atmosph\u00e4re. Die Menschen kennen sich mit Namen, sind hilfsbereit und es ist \u00fcblich, dass Besucher w\u00e4hrend ihres Aufenthalts Beziehungen zu Einheimischen und lokalen Gesch\u00e4ftsleuten aufbauen. Diese emotionale Dimension ist Teil der Sicherheit und des Charmes der Stadt.<\/p>\t\t\t\t\t\t\t\t<\/div>\n\t\t\t\t<\/div>\n\t\t\t\t\t<\/div>\n\t\t\t\t<\/div>\n\t\t<div class=\"elementor-element elementor-element-b9f2635 e-flex e-con-boxed e-con e-parent\" data-id=\"b9f2635\" data-element_type=\"container\" data-e-type=\"container\">\n\t\t\t\t\t<div class=\"e-con-inner\">\n\t\t\t\t<div class=\"elementor-element elementor-element-3b29678 elementor-widget elementor-widget-image\" data-id=\"3b29678\" data-element_type=\"widget\" data-e-type=\"widget\" data-widget_type=\"image.default\">\n\t\t\t\t<div class=\"elementor-widget-container\">\n\t\t\t\t\t\t\t\t\t\t\t\t\t\t\t<img loading=\"lazy\" decoding=\"async\" width=\"800\" height=\"334\" src=\"https:\/\/lencois.com.br\/wp-content\/uploads\/2026\/04\/Vida-Noturna-em-Lencois-1024x427.jpg\" class=\"attachment-large size-large wp-image-4422\" alt=\"\" srcset=\"https:\/\/lencois.com.br\/wp-content\/uploads\/2026\/04\/Vida-Noturna-em-Lencois-1024x427.jpg 1024w, https:\/\/lencois.com.br\/wp-content\/uploads\/2026\/04\/Vida-Noturna-em-Lencois-300x125.jpg 300w, https:\/\/lencois.com.br\/wp-content\/uploads\/2026\/04\/Vida-Noturna-em-Lencois-768x320.jpg 768w, https:\/\/lencois.com.br\/wp-content\/uploads\/2026\/04\/Vida-Noturna-em-Lencois.jpg 1536w\" sizes=\"(max-width: 800px) 100vw, 800px\" \/>\t\t\t\t\t\t\t\t\t\t\t\t\t\t\t<\/div>\n\t\t\t\t<\/div>\n\t\t\t\t\t<\/div>\n\t\t\t\t<\/div>\n\t\t<div class=\"elementor-element elementor-element-564162a e-flex e-con-boxed e-con e-parent\" data-id=\"564162a\" data-element_type=\"container\" data-e-type=\"container\">\n\t\t\t\t\t<div class=\"e-con-inner\">\n\t\t\t\t<div class=\"elementor-element elementor-element-032e2ef elementor-widget elementor-widget-text-editor\" data-id=\"032e2ef\" data-element_type=\"widget\" data-e-type=\"widget\" data-widget_type=\"text-editor.default\">\n\t\t\t\t<div class=\"elementor-widget-container\">\n\t\t\t\t\t\t\t\t\t<h3>Ein Reiseziel, das Zeit verdient<\/h3>\n<p class=\"isSelectedEnd\">Die Chapada Diamantina ist kein Reiseziel, das man \u00fcberst\u00fcrzen sollte. F\u00fcnf Tage in Len\u00e7\u00f3is erm\u00f6glichen bereits ein sehr bereicherndes Erlebnis, und ein paar zus\u00e4tzliche Tage in Mucug\u00ea erweitern den Blick auf die Region erheblich.<\/p>\n<p class=\"isSelectedEnd\">Zwischen Wanderungen vom historischen Zentrum, Wasserf\u00e4llen, Fl\u00fcssen, H\u00f6hlen, \u00dcberquerungen, historischen St\u00e4dten, lokaler Kultur und guter Gastfreundschaft bietet die Chapada ein seltenes Erlebnis in Brasilien: eine Reise von intensiver Natur, aber auch von Zeit, Pr\u00e4senz und Entdeckung.<\/p>\n<h2>&nbsp;<\/h2>\n<h2>&nbsp;<\/h2>\n<h3 style=\"text-align: center;\">H\u00e4ufig gestellte Fragen zur Chapada Diamantina<\/h3>\n<h4>&nbsp;<\/h4>\n<h4>Wie kommt man zur Chapada Diamantina?<\/h4>\n<p class=\"isSelectedEnd\">Der praktischste Weg ist, zum Flughafen Len\u00e7\u00f3is zu fliegen, der Linienfl\u00fcge von Azul und zeitweise Fl\u00fcge von LATAM anbietet. Es ist auch m\u00f6glich, \u00fcber Salvador anzureisen und von dort mit dem Auto, Transfer oder Bus weiterzufahren.<\/p>\n<h4>Wo \u00fcbernachten in der Chapada Diamantina?<\/h4>\n<p class=\"isSelectedEnd\">F\u00fcr die meisten Reisenden ist Len\u00e7\u00f3is der beste Ausgangspunkt f\u00fcr die Reise, da es \u00fcber Struktur, historischen Charme, Restaurants und einfachen Zugang zu vielen Ausfl\u00fcgen verf\u00fcgt. Um die Reiseroute zu erweitern, lohnt es sich, zwei Tage in Mucug\u00ea einzuplanen.<\/p>\n<h4>Wie viele Tage sind ideal, um die Chapada Diamantina zu erkunden?<\/h4>\n<p class=\"isSelectedEnd\">Eine gute Kombination ist, f\u00fcnf Tage in Len\u00e7\u00f3is und noch ein paar Tage in Mucug\u00ea zu verbringen. So lernt man sowohl den zentralen und n\u00f6rdlichen als auch den s\u00fcdlichen Teil des Parks besser kennen.<\/p>\n<h4>Welche Ausflugsm\u00f6glichkeiten gibt es von Len\u00e7\u00f3is aus?<\/h4>\n<p class=\"isSelectedEnd\">Zu den H\u00f6hepunkten geh\u00f6ren Serrano, Sal\u00e3o de Areias Coloridas, Ribeir\u00e3o do Meio, Cachoeira do Sossego, Po\u00e7o Azul, Po\u00e7o Encantado, Morro do Pai In\u00e1cio, Lapa Doce, Torrinha, Marimbus und \u00dcberquerungen wie Pai In\u00e1cio\u2013Len\u00e7\u00f3is und Vale do Pati.<\/p>\n<h4>Welche Ausfl\u00fcge kann man von Mucug\u00ea aus unternehmen?<\/h4>\n<p class=\"isSelectedEnd\">Die gr\u00f6\u00dften Highlights sind der Burac\u00e3o-Wasserfall und die Fumacinha. Auch der Friedhof von Mucug\u00ea und das Weingut Uvva sind einen Besuch wert.<\/p>\n<h4>Die beste Zeit f\u00fcr einen Besuch der Chapada Diamantina ist w\u00e4hrend der Trockenzeit, von April bis September.<\/h4>\n<p class=\"isSelectedEnd\">Die Chapada kann das ganze Jahr \u00fcber besucht werden. Zwischen Februar und Mai macht die Regenzeit die Landschaft gr\u00fcner und die Fl\u00fcsse voller. Zwischen Juni und August k\u00f6nnen die N\u00e4chte k\u00e4lter sein.<\/p>\n<h4>Was man f\u00fcr die Chapada Diamantina einpacken sollte?<\/h4>\n<p class=\"isSelectedEnd\">Tragen Sie Sonnencreme, ein UV-Shirt, leichte Kleidung, eine Jacke f\u00fcr k\u00fchle Abende, zwei Badeanz\u00fcge, zwei Paar Schuhe und ein Paar abgetragene Wanderschuhe. F\u00fcr diejenigen, die H\u00f6hlen besuchen wollen, kann auch eine Stirnlampe n\u00fctzlich sein.<\/p>\n<h4>Ist Len\u00e7\u00f3is sicher f\u00fcr ausl\u00e4ndische Touristen?<\/h4>\n<p>Ja. Len\u00e7\u00f3is ist eine kleine, begehbare, einladende und im Allgemeinen sehr sichere Stadt f\u00fcr internationale Reisende.<\/p>\t\t\t\t\t\t\t\t<\/div>\n\t\t\t\t<\/div>\n\t\t\t\t\t<\/div>\n\t\t\t\t<\/div>\n\t\t<div class=\"elementor-element elementor-element-01f5ec8 e-flex e-con-boxed e-con e-parent\" data-id=\"01f5ec8\" data-element_type=\"container\" data-e-type=\"container\">\n\t\t\t\t\t<div class=\"e-con-inner\">\n\t\t\t\t<div class=\"elementor-element elementor-element-065f05b elementor-widget elementor-widget-text-editor\" data-id=\"065f05b\" data-element_type=\"widget\" data-e-type=\"widget\" data-widget_type=\"text-editor.default\">\n\t\t\t\t<div class=\"elementor-widget-container\">\n\t\t\t\t\t\t\t\t\t<p>\u00a0<\/p><p><strong>Kuratiertes Angebot des Hotel Canto das \u00c1guas<\/strong><\/p><p>\u00a0<\/p><p>\u00a0<\/p>\t\t\t\t\t\t\t\t<\/div>\n\t\t\t\t<\/div>\n\t\t\t\t\t<\/div>\n\t\t\t\t<\/div>\n\t\t\t\t<\/div>","protected":false},"excerpt":{"rendered":"<p>Guia completo da Chapada Diamantina: como chegar, onde ficar e o que fazer em Len\u00e7\u00f3is. Parte 1 A Chapada Diamantina \u00e9 um dos destinos mais singulares do Brasil para quem busca natureza, trilhas, cachoeiras, grutas, cidades hist\u00f3ricas e uma experi\u00eancia de viagem mais profunda. No interior da Bahia, a regi\u00e3o re\u00fane paisagens grandiosas e diferentes [&hellip;]<\/p>\n","protected":false},"author":28,"featured_media":2356,"comment_status":"closed","ping_status":"closed","sticky":false,"template":"","format":"standard","meta":{"footnotes":""},"categories":[1],"tags":[16,11,27,28,29,26],"class_list":["post-4392","post","type-post","status-publish","format-standard","has-post-thumbnail","hentry","category-chapada-diamantina","tag-bahia","tag-chapada-diamantina","tag-guia-de-viagens","tag-o-que-fazer-na-chapada","tag-onde-ficar-na-chapada-diamantina","tag-sustentabilidade"],"_links":{"self":[{"href":"https:\/\/lencois.com.br\/de\/wp-json\/wp\/v2\/posts\/4392","targetHints":{"allow":["GET"]}}],"collection":[{"href":"https:\/\/lencois.com.br\/de\/wp-json\/wp\/v2\/posts"}],"about":[{"href":"https:\/\/lencois.com.br\/de\/wp-json\/wp\/v2\/types\/post"}],"author":[{"embeddable":true,"href":"https:\/\/lencois.com.br\/de\/wp-json\/wp\/v2\/users\/28"}],"replies":[{"embeddable":true,"href":"https:\/\/lencois.com.br\/de\/wp-json\/wp\/v2\/comments?post=4392"}],"version-history":[{"count":50,"href":"https:\/\/lencois.com.br\/de\/wp-json\/wp\/v2\/posts\/4392\/revisions"}],"predecessor-version":[{"id":4763,"href":"https:\/\/lencois.com.br\/de\/wp-json\/wp\/v2\/posts\/4392\/revisions\/4763"}],"wp:featuredmedia":[{"embeddable":true,"href":"https:\/\/lencois.com.br\/de\/wp-json\/wp\/v2\/media\/2356"}],"wp:attachment":[{"href":"https:\/\/lencois.com.br\/de\/wp-json\/wp\/v2\/media?parent=4392"}],"wp:term":[{"taxonomy":"category","embeddable":true,"href":"https:\/\/lencois.com.br\/de\/wp-json\/wp\/v2\/categories?post=4392"},{"taxonomy":"post_tag","embeddable":true,"href":"https:\/\/lencois.com.br\/de\/wp-json\/wp\/v2\/tags?post=4392"}],"curies":[{"name":"wp","href":"https:\/\/api.w.org\/{rel}","templated":true}]}}