{"id":2831,"date":"2026-02-24T18:49:20","date_gmt":"2026-02-24T21:49:20","guid":{"rendered":"https:\/\/cantoaguas.beeweb.net.br\/?p=2831"},"modified":"2026-03-18T21:11:04","modified_gmt":"2026-03-19T00:11:04","slug":"trail-to-the-terreiro-of-jare-when-the-chapada-ceases-to-be-landscape-and-becomes-ritual","status":"publish","type":"post","link":"https:\/\/lencois.com.br\/en\/trilha-ate-o-terreiro-de-jare-quando-a-chapada-deixa-de-ser-paisagem-e-vira-rito\/","title":{"rendered":"Trail to the Jar\u00ea Terreiro: when the Chapada stops being scenery and becomes ritual"},"content":{"rendered":"<div data-elementor-type=\"wp-post\" data-elementor-id=\"2831\" class=\"elementor elementor-2831\" data-elementor-post-type=\"post\">\n\t\t\t\t<div class=\"elementor-element elementor-element-e9c0d3f e-flex e-con-boxed e-con e-parent\" data-id=\"e9c0d3f\" data-element_type=\"container\" data-e-type=\"container\">\n\t\t\t\t\t<div class=\"e-con-inner\">\n\t\t\t\t<div class=\"elementor-element elementor-element-cc16193 elementor-widget elementor-widget-text-editor\" data-id=\"cc16193\" data-element_type=\"widget\" data-e-type=\"widget\" data-widget_type=\"text-editor.default\">\n\t\t\t\t<div class=\"elementor-widget-container\">\n\t\t\t\t\t\t\t\t\t<p class=\"p1\">Some trails lead to viewpoints. Others lead to waterfalls.<\/p><p class=\"p1\">But there is one in Len\u00e7\u00f3is that leads to an ancestral temple.<\/p><p class=\"p1\">The walk to Terreiro de Jar\u00ea is not just a 10-kilometer trek through the Chapada Diamantina National Park. It is a cultural, spiritual, and historical journey\u2014one that stays with you long after the trip ends.<\/p>\t\t\t\t\t\t\t\t<\/div>\n\t\t\t\t<\/div>\n\t\t\t\t<div class=\"elementor-element elementor-element-5338853 elementor-blockquote--skin-quotation elementor-blockquote--align-center elementor-widget elementor-widget-blockquote\" data-id=\"5338853\" data-element_type=\"widget\" data-e-type=\"widget\" data-widget_type=\"blockquote.default\">\n\t\t\t\t<div class=\"elementor-widget-container\">\n\t\t\t\t\t\t\t<blockquote class=\"elementor-blockquote\">\r\n\t\t\t<p class=\"elementor-blockquote__content\">\r\n\t\t\t\tThere are experiences that are not visited. They pass through us.\t\t\t<\/p>\r\n\t\t\t\t\t\t\t<div class=\"e-q-footer\">\r\n\t\t\t\t\t\t\t\t\t\t\t<cite class=\"elementor-blockquote__author\">Look<\/cite>\r\n\t\t\t\t\t\t\t\t\t\t\t\t\t\t<\/div>\r\n\t\t\t\t\t<\/blockquote>\r\n\t\t\t\t\t\t<\/div>\n\t\t\t\t<\/div>\n\t\t\t\t<div class=\"elementor-element elementor-element-9bcc2c3 elementor-widget elementor-widget-text-editor\" data-id=\"9bcc2c3\" data-element_type=\"widget\" data-e-type=\"widget\" data-widget_type=\"text-editor.default\">\n\t\t\t\t<div class=\"elementor-widget-container\">\n\t\t\t\t\t\t\t\t\t<p class=\"p1\">For those seeking more than adventure\u2014for those who travel in search of meaning\u2014this is one of the deepest experiences the Chapada can offer.<\/p>\t\t\t\t\t\t\t\t<\/div>\n\t\t\t\t<\/div>\n\t\t\t\t<div class=\"elementor-element elementor-element-ff86984 elementor-widget elementor-widget-heading\" data-id=\"ff86984\" data-element_type=\"widget\" data-e-type=\"widget\" data-widget_type=\"heading.default\">\n\t\t\t\t<div class=\"elementor-widget-container\">\n\t\t\t\t\t<h2 class=\"elementor-heading-title elementor-size-default\">The beginning: leaving the city behind<\/h2>\t\t\t\t<\/div>\n\t\t\t\t<\/div>\n\t\t\t\t<div class=\"elementor-element elementor-element-8623ff5 elementor-widget elementor-widget-text-editor\" data-id=\"8623ff5\" data-element_type=\"widget\" data-e-type=\"widget\" data-widget_type=\"text-editor.default\">\n\t\t\t\t<div class=\"elementor-widget-container\">\n\t\t\t\t\t\t\t\t\t<p class=\"p1\">The trail begins in Len\u00e7\u00f3is, following the banks of the S\u00e3o Jos\u00e9 River. In the beginning, the landscape is lightly inhabited: small farms, family agriculture, local residents who keep the diamantino culture alive.<\/p><p class=\"p1\">Little by little, the trail narrows.<br \/>The woods close in.<br \/>The silence grows.<\/p><p class=\"p1\">Monkeys appear among the treetops. Butterflies cross the path. The sound of water accompanies every step.<\/p><p class=\"p1\">After about 10 kilometers, you reach the division of Chapada Diamantina National Park, at the Manda\u00e7aia River. There, a pool of clear water invites a pause. A dip. A breath.<\/p><p class=\"p1\"><strong>And so, the crossing.<\/strong><\/p>\t\t\t\t\t\t\t\t<\/div>\n\t\t\t\t<\/div>\n\t\t\t\t<div class=\"elementor-element elementor-element-51bd128 elementor-widget elementor-widget-heading\" data-id=\"51bd128\" data-element_type=\"widget\" data-e-type=\"widget\" data-widget_type=\"heading.default\">\n\t\t\t\t<div class=\"elementor-widget-container\">\n\t\t\t\t\t<h2 class=\"elementor-heading-title elementor-size-default\">The Meeting: Terreiro Peri da Pedra Branca de Ox\u00f3ssi<\/h2>\t\t\t\t<\/div>\n\t\t\t\t<\/div>\n\t\t\t\t<div class=\"elementor-element elementor-element-a8fdd28 elementor-widget elementor-widget-text-editor\" data-id=\"a8fdd28\" data-element_type=\"widget\" data-e-type=\"widget\" data-widget_type=\"text-editor.default\">\n\t\t\t\t<div class=\"elementor-widget-container\">\n\t\t\t\t\t\t\t\t\t<p class=\"p1\">As you cross the river, the scenery changes again.<\/p><p class=\"p1\">Before the trail, the Terreiro de Jar\u00ea emerges \u2014 an Afro-Diamantina religious branch, unique to the Chapada region. It's not just a temple. It's a sacred territory that dates back to the diamond mining days.<\/p><p class=\"p1\">The floor is trodden earth.<br \/>And so it should be.<\/p><p class=\"p1\">Now, the feet touch the ground. The contact with the earth is part of the ritual.<\/p><p class=\"p1\">In the background, the imposing Pedra Branca de Ox\u00f3ssi\u2014a natural wall of about 70 to 80 meters of light-colored rock\u2014gives the place its name and sustains an atmosphere of reverence.<\/p><p class=\"p1\">The Peri da Pedra Branca de Ox\u00f3ssi Terreiro keeps alive a tradition passed down through generations. The current father of saints leads the celebrations as his father did before him, preserving a spiritual lineage that spans decades.<\/p>\t\t\t\t\t\t\t\t<\/div>\n\t\t\t\t<\/div>\n\t\t\t\t<div class=\"elementor-element elementor-element-6f1d8df elementor-widget elementor-widget-image\" data-id=\"6f1d8df\" data-element_type=\"widget\" data-e-type=\"widget\" data-widget_type=\"image.default\">\n\t\t\t\t<div class=\"elementor-widget-container\">\n\t\t\t\t\t\t\t\t\t\t\t\t\t\t\t<img fetchpriority=\"high\" decoding=\"async\" width=\"800\" height=\"450\" src=\"https:\/\/lencois.com.br\/wp-content\/uploads\/2026\/02\/Festa-de-Jare-no-Terreiro-Peji-da-Pedra-Branca-de-Oxossi-1-1024x576.jpg\" class=\"attachment-large size-large wp-image-2862\" alt=\"\" srcset=\"https:\/\/lencois.com.br\/wp-content\/uploads\/2026\/02\/Festa-de-Jare-no-Terreiro-Peji-da-Pedra-Branca-de-Oxossi-1-1024x576.jpg 1024w, https:\/\/lencois.com.br\/wp-content\/uploads\/2026\/02\/Festa-de-Jare-no-Terreiro-Peji-da-Pedra-Branca-de-Oxossi-1-300x169.jpg 300w, https:\/\/lencois.com.br\/wp-content\/uploads\/2026\/02\/Festa-de-Jare-no-Terreiro-Peji-da-Pedra-Branca-de-Oxossi-1-768x432.jpg 768w, https:\/\/lencois.com.br\/wp-content\/uploads\/2026\/02\/Festa-de-Jare-no-Terreiro-Peji-da-Pedra-Branca-de-Oxossi-1-1536x864.jpg 1536w, https:\/\/lencois.com.br\/wp-content\/uploads\/2026\/02\/Festa-de-Jare-no-Terreiro-Peji-da-Pedra-Branca-de-Oxossi-1.jpg 1920w\" sizes=\"(max-width: 800px) 100vw, 800px\" \/>\t\t\t\t\t\t\t\t\t\t\t\t\t\t\t<\/div>\n\t\t\t\t<\/div>\n\t\t\t\t\t<\/div>\n\t\t\t\t<\/div>\n\t\t<div class=\"elementor-element elementor-element-e431a16 e-flex e-con-boxed e-con e-parent\" data-id=\"e431a16\" data-element_type=\"container\" data-e-type=\"container\">\n\t\t\t\t\t<div class=\"e-con-inner\">\n\t\t\t\t<div class=\"elementor-element elementor-element-38a5256 elementor-widget elementor-widget-heading\" data-id=\"38a5256\" data-element_type=\"widget\" data-e-type=\"widget\" data-widget_type=\"heading.default\">\n\t\t\t\t<div class=\"elementor-widget-container\">\n\t\t\t\t\t<h2 class=\"elementor-heading-title elementor-size-default\">The party: colors, songs, and full moon<\/h2>\t\t\t\t<\/div>\n\t\t\t\t<\/div>\n\t\t\t\t\t<\/div>\n\t\t\t\t<\/div>\n\t\t<div class=\"elementor-element elementor-element-4510409 e-flex e-con-boxed e-con e-parent\" data-id=\"4510409\" data-element_type=\"container\" data-e-type=\"container\">\n\t\t\t\t\t<div class=\"e-con-inner\">\n\t\t\t\t<div class=\"elementor-element elementor-element-6028f7a elementor-widget elementor-widget-text-editor\" data-id=\"6028f7a\" data-element_type=\"widget\" data-e-type=\"widget\" data-widget_type=\"text-editor.default\">\n\t\t\t\t<div class=\"elementor-widget-container\">\n\t\t\t\t\t\t\t\t\t<p class=\"p1\">When there is a celebration, the terreiro transforms.<\/p><p class=\"p1\">The lights take on the colors of the honored orix\u00e1s. The altar takes center stage. Chants echo through the forest. Young parents, young mothers, and initiates participate in the rite with vibrant joy.<\/p><p class=\"p1\">It's not a show.<\/p><p class=\"p1\">It's an experience.<\/p><p class=\"p1\">And then, deep into the early morning, after hours of celebration, comes one of the most memorable moments of the experience: the river bath under the full moon.<\/p><p class=\"p1\">Cold water.<br \/>Night silence.<br \/>Silver light reflecting on the current.<\/p>\t\t\t\t\t\t\t\t<\/div>\n\t\t\t\t<\/div>\n\t\t\t\t\t<\/div>\n\t\t\t\t<\/div>\n\t\t<div class=\"elementor-element elementor-element-d425061 e-flex e-con-boxed e-con e-parent\" data-id=\"d425061\" data-element_type=\"container\" data-e-type=\"container\">\n\t\t\t\t\t<div class=\"e-con-inner\">\n\t\t\t\t<div class=\"elementor-element elementor-element-64b5695 elementor-blockquote--skin-quotation elementor-blockquote--align-center elementor-widget elementor-widget-blockquote\" data-id=\"64b5695\" data-element_type=\"widget\" data-e-type=\"widget\" data-widget_type=\"blockquote.default\">\n\t\t\t\t<div class=\"elementor-widget-container\">\n\t\t\t\t\t\t\t<blockquote class=\"elementor-blockquote\">\r\n\t\t\t<p class=\"elementor-blockquote__content\">\r\n\t\t\t\tThe Chapada at night isn't dark. It is luminous.\t\t\t<\/p>\r\n\t\t\t\t\t\t\t<div class=\"e-q-footer\">\r\n\t\t\t\t\t\t\t\t\t\t\t<cite class=\"elementor-blockquote__author\">Look<\/cite>\r\n\t\t\t\t\t\t\t\t\t\t\t\t\t\t<\/div>\r\n\t\t\t\t\t<\/blockquote>\r\n\t\t\t\t\t\t<\/div>\n\t\t\t\t<\/div>\n\t\t\t\t\t<\/div>\n\t\t\t\t<\/div>\n\t\t<div class=\"elementor-element elementor-element-569a7c6 e-flex e-con-boxed e-con e-parent\" data-id=\"569a7c6\" data-element_type=\"container\" data-e-type=\"container\">\n\t\t\t\t\t<div class=\"e-con-inner\">\n\t\t\t\t<div class=\"elementor-element elementor-element-72757c0 elementor-widget elementor-widget-text-editor\" data-id=\"72757c0\" data-element_type=\"widget\" data-e-type=\"widget\" data-widget_type=\"text-editor.default\">\n\t\t\t\t<div class=\"elementor-widget-container\">\n\t\t\t\t\t\t\t\t\t<p class=\"p1\">The return journey is by walking the trail again \u2013 about an hour and a half to Len\u00e7\u00f3is. Fireflies light the way. The body is tired. The mind is awake.<\/p>\t\t\t\t\t\t\t\t<\/div>\n\t\t\t\t<\/div>\n\t\t\t\t\t<\/div>\n\t\t\t\t<\/div>\n\t\t<div class=\"elementor-element elementor-element-da20d62 e-flex e-con-boxed e-con e-parent\" data-id=\"da20d62\" data-element_type=\"container\" data-e-type=\"container\">\n\t\t\t\t\t<div class=\"e-con-inner\">\n\t\t<div class=\"elementor-element elementor-element-68328d4 e-con-full e-flex e-con e-child\" data-id=\"68328d4\" data-element_type=\"container\" data-e-type=\"container\">\n\t\t\t\t<div class=\"elementor-element elementor-element-61836a1 elementor-widget elementor-widget-heading\" data-id=\"61836a1\" data-element_type=\"widget\" data-e-type=\"widget\" data-widget_type=\"heading.default\">\n\t\t\t\t<div class=\"elementor-widget-container\">\n\t\t\t\t\t<h2 class=\"elementor-heading-title elementor-size-default\">Why does this trail transform?<\/h2>\t\t\t\t<\/div>\n\t\t\t\t<\/div>\n\t\t\t\t<div class=\"elementor-element elementor-element-0d5aae9 elementor-widget elementor-widget-text-editor\" data-id=\"0d5aae9\" data-element_type=\"widget\" data-e-type=\"widget\" data-widget_type=\"text-editor.default\">\n\t\t\t\t<div class=\"elementor-widget-container\">\n\t\t\t\t\t\t\t\t\t<p class=\"p1\">Because it brings together three rare layers in the same experience:<\/p><ol start=\"1\"><li><p class=\"p1\">Preserved nature<\/p><\/li><li><p class=\"p1\">Living Afro-Diamantina History<\/p><\/li><li><p class=\"p1\">Authentic ritualistic practices<\/p><\/li><\/ol><p class=\"p1\">It's not religious tourism.<\/p><p class=\"p1\">It's not just ecotourism.<\/p><p class=\"p1\">It's a cultural encounter.<\/p><p class=\"p1\">For travelers over 35, accustomed to international experiences and attentive to the authenticity of destinations, this experience reveals a deep Brazil\u2014far from superficial folklore and close to its roots.<\/p>\t\t\t\t\t\t\t\t<\/div>\n\t\t\t\t<\/div>\n\t\t\t\t<\/div>\n\t\t<div class=\"elementor-element elementor-element-d595fed e-con-full e-flex e-con e-child\" data-id=\"d595fed\" data-element_type=\"container\" data-e-type=\"container\" data-settings=\"{&quot;background_background&quot;:&quot;classic&quot;}\">\n\t\t\t\t<div class=\"elementor-element elementor-element-4294c3e elementor-widget elementor-widget-image\" data-id=\"4294c3e\" data-element_type=\"widget\" data-e-type=\"widget\" data-widget_type=\"image.default\">\n\t\t\t\t<div class=\"elementor-widget-container\">\n\t\t\t\t\t\t\t\t\t\t\t\t\t\t\t<img decoding=\"async\" width=\"800\" height=\"450\" src=\"https:\/\/lencois.com.br\/wp-content\/uploads\/2026\/02\/Pai-Damare-Jare-1-1024x576.jpg\" class=\"attachment-large size-large wp-image-2861\" alt=\"\" srcset=\"https:\/\/lencois.com.br\/wp-content\/uploads\/2026\/02\/Pai-Damare-Jare-1-1024x576.jpg 1024w, https:\/\/lencois.com.br\/wp-content\/uploads\/2026\/02\/Pai-Damare-Jare-1-300x169.jpg 300w, https:\/\/lencois.com.br\/wp-content\/uploads\/2026\/02\/Pai-Damare-Jare-1-768x432.jpg 768w, https:\/\/lencois.com.br\/wp-content\/uploads\/2026\/02\/Pai-Damare-Jare-1-1536x864.jpg 1536w, https:\/\/lencois.com.br\/wp-content\/uploads\/2026\/02\/Pai-Damare-Jare-1.jpg 1920w\" sizes=\"(max-width: 800px) 100vw, 800px\" \/>\t\t\t\t\t\t\t\t\t\t\t\t\t\t\t<\/div>\n\t\t\t\t<\/div>\n\t\t\t\t<\/div>\n\t\t\t\t\t<\/div>\n\t\t\t\t<\/div>\n\t\t<div class=\"elementor-element elementor-element-deecd4d e-flex e-con-boxed e-con e-parent\" data-id=\"deecd4d\" data-element_type=\"container\" data-e-type=\"container\">\n\t\t\t\t\t<div class=\"e-con-inner\">\n\t\t\t\t<div class=\"elementor-element elementor-element-7b81a4c elementor-widget elementor-widget-heading\" data-id=\"7b81a4c\" data-element_type=\"widget\" data-e-type=\"widget\" data-widget_type=\"heading.default\">\n\t\t\t\t<div class=\"elementor-widget-container\">\n\t\t\t\t\t<h2 class=\"elementor-heading-title elementor-size-default\">Culture, respect, and preparation<\/h2>\t\t\t\t<\/div>\n\t\t\t\t<\/div>\n\t\t\t\t\t<\/div>\n\t\t\t\t<\/div>\n\t\t<div class=\"elementor-element elementor-element-48b8288 e-flex e-con-boxed e-con e-parent\" data-id=\"48b8288\" data-element_type=\"container\" data-e-type=\"container\">\n\t\t\t\t\t<div class=\"e-con-inner\">\n\t\t\t\t<div class=\"elementor-element elementor-element-0737118 elementor-widget elementor-widget-text-editor\" data-id=\"0737118\" data-element_type=\"widget\" data-e-type=\"widget\" data-widget_type=\"text-editor.default\">\n\t\t\t\t<div class=\"elementor-widget-container\">\n\t\t\t\t\t\t\t\t\t<p class=\"p1\">Visiting the Terreiro de Jar\u00ea requires respect. It is a sacred space. It is essential:<\/p><ul><li><p class=\"p1\">Be accompanied by experienced local guides<\/p><\/li><li><p class=\"p1\">Understand the cultural significance of the experience<\/p><\/li><li><p class=\"p1\">Participate with a respectful observer's posture<\/p><\/li><\/ul><p class=\"p1\">The trail, while accessible for those with moderate physical fitness, requires planning \u2014 especially if the plan includes a nighttime experience and returning under the moonlight.<\/p>\t\t\t\t\t\t\t\t<\/div>\n\t\t\t\t<\/div>\n\t\t\t\t<div class=\"elementor-element elementor-element-8602949 elementor-widget elementor-widget-heading\" data-id=\"8602949\" data-element_type=\"widget\" data-e-type=\"widget\" data-widget_type=\"heading.default\">\n\t\t\t\t<div class=\"elementor-widget-container\">\n\t\t\t\t\t<h2 class=\"elementor-heading-title elementor-size-default\">Where does this experience truly begin<\/h2>\t\t\t\t<\/div>\n\t\t\t\t<\/div>\n\t\t\t\t<div class=\"elementor-element elementor-element-cb12836 elementor-widget elementor-widget-text-editor\" data-id=\"cb12836\" data-element_type=\"widget\" data-e-type=\"widget\" data-widget_type=\"text-editor.default\">\n\t\t\t\t<div class=\"elementor-widget-container\">\n\t\t\t\t\t\t\t\t\t<p class=\"p1\">Although the trail physically begins in Len\u00e7\u00f3is, the experience begins before that: by choosing to stay in a place that understands the territory.<\/p><p class=\"p1\">A <span class=\"s1\"><b>Pousada Canto das \u00c1guas<\/b><\/span> is born precisely from this harmony between art, nature, and local culture. On the riverbanks, with affective architecture and a sustainable commitment, the hotel functions as a sensitive extension of what one experiences on the trail.<\/p><p class=\"p1\">Here, the sound of the rapids is not a detail.<\/p><p class=\"p1\">It's part of the mindset.<\/p><p class=\"p1\">After an intense experience like the trek to the Terreiro de Jar\u00ea, returning to a space of charm, refined gastronomy, and a contemplative atmosphere isn't a luxury\u2014it's a continuation.<\/p>\t\t\t\t\t\t\t\t<\/div>\n\t\t\t\t<\/div>\n\t\t\t\t<div class=\"elementor-element elementor-element-141f8db elementor-widget elementor-widget-heading\" data-id=\"141f8db\" data-element_type=\"widget\" data-e-type=\"widget\" data-widget_type=\"heading.default\">\n\t\t\t\t<div class=\"elementor-widget-container\">\n\t\t\t\t\t<h2 class=\"elementor-heading-title elementor-size-default\">The Chapada Beyond the Photos<\/h2>\t\t\t\t<\/div>\n\t\t\t\t<\/div>\n\t\t\t\t<div class=\"elementor-element elementor-element-11a1922 elementor-widget elementor-widget-text-editor\" data-id=\"11a1922\" data-element_type=\"widget\" data-e-type=\"widget\" data-widget_type=\"text-editor.default\">\n\t\t\t\t<div class=\"elementor-widget-container\">\n\t\t\t\t\t\t\t\t\t<p class=\"p1\">In the Zero-Click era, where quick answers circulate off-site, it's worth noting the essentials:<\/p><ul><li><p class=\"p1\">The trail is about 10 km from Len\u00e7\u00f3is.<\/p><\/li><li><p class=\"p1\">It passes by the S\u00e3o Jos\u00e9 River and the Manda\u00e7aia River.<\/p><\/li><li><p class=\"p1\">Take it to the Peri da Pedra Branca de Ox\u00f3ssi Terreiro.<\/p><\/li><li><p class=\"p1\">Features preserved nature and Afro-Diamantine tradition.<\/p><\/li><li><p class=\"p1\">It can include nighttime celebrations and return under the full moon.<\/p><\/li><\/ul><p class=\"p1\">But none of this information, by itself, explains what is felt there.<\/p><p class=\"p1\">Because Chapada Diamantina is more than just tourist attractions.<\/p><p class=\"p1\">She is territory.<br \/>It's memory.<br \/>It's a ritual.<br \/>And some experiences don't just ask for a visit.<\/p><p class=\"p1\"><strong>Request delivery.<\/strong><\/p>\t\t\t\t\t\t\t\t<\/div>\n\t\t\t\t<\/div>\n\t\t\t\t\t<\/div>\n\t\t\t\t<\/div>\n\t\t\t\t<\/div>","protected":false},"excerpt":{"rendered":"<p>Discover the trail to Terreiro de Jar\u00ea, in Len\u00e7\u00f3is (BA): a 10 km hike through the Chapada Diamantina National Park to one of the most symbolic sacred spaces of Afro-Diamantina culture.<\/p>","protected":false},"author":8,"featured_media":2832,"comment_status":"closed","ping_status":"closed","sticky":false,"template":"","format":"standard","meta":{"footnotes":""},"categories":[7],"tags":[17,19,20,18],"class_list":["post-2831","post","type-post","status-publish","format-standard","has-post-thumbnail","hentry","category-experiencias","tag-candomble","tag-festa-da-boa-morte","tag-finados","tag-jare"],"_links":{"self":[{"href":"https:\/\/lencois.com.br\/en\/wp-json\/wp\/v2\/posts\/2831","targetHints":{"allow":["GET"]}}],"collection":[{"href":"https:\/\/lencois.com.br\/en\/wp-json\/wp\/v2\/posts"}],"about":[{"href":"https:\/\/lencois.com.br\/en\/wp-json\/wp\/v2\/types\/post"}],"author":[{"embeddable":true,"href":"https:\/\/lencois.com.br\/en\/wp-json\/wp\/v2\/users\/8"}],"replies":[{"embeddable":true,"href":"https:\/\/lencois.com.br\/en\/wp-json\/wp\/v2\/comments?post=2831"}],"version-history":[{"count":23,"href":"https:\/\/lencois.com.br\/en\/wp-json\/wp\/v2\/posts\/2831\/revisions"}],"predecessor-version":[{"id":4121,"href":"https:\/\/lencois.com.br\/en\/wp-json\/wp\/v2\/posts\/2831\/revisions\/4121"}],"wp:featuredmedia":[{"embeddable":true,"href":"https:\/\/lencois.com.br\/en\/wp-json\/wp\/v2\/media\/2832"}],"wp:attachment":[{"href":"https:\/\/lencois.com.br\/en\/wp-json\/wp\/v2\/media?parent=2831"}],"wp:term":[{"taxonomy":"category","embeddable":true,"href":"https:\/\/lencois.com.br\/en\/wp-json\/wp\/v2\/categories?post=2831"},{"taxonomy":"post_tag","embeddable":true,"href":"https:\/\/lencois.com.br\/en\/wp-json\/wp\/v2\/tags?post=2831"}],"curies":[{"name":"wp","href":"https:\/\/api.w.org\/{rel}","templated":true}]}}