{"id":4245,"date":"2026-04-10T10:50:34","date_gmt":"2026-04-10T13:50:34","guid":{"rendered":"https:\/\/lencois.com.br\/?p=4245"},"modified":"2026-04-10T23:02:22","modified_gmt":"2026-04-11T02:02:22","slug":"what-remains-when-the-fire-passes","status":"publish","type":"post","link":"https:\/\/lencois.com.br\/en\/o-que-permanece-quando-o-fogo-passa\/","title":{"rendered":"What remains when the fire passes?"},"content":{"rendered":"<div data-elementor-type=\"wp-post\" data-elementor-id=\"4245\" class=\"elementor elementor-4245\" data-elementor-post-type=\"post\">\n\t\t\t\t<div class=\"elementor-element elementor-element-f114992 e-flex e-con-boxed e-con e-parent\" data-id=\"f114992\" data-element_type=\"container\" data-e-type=\"container\">\n\t\t\t\t\t<div class=\"e-con-inner\">\n\t\t\t\t\t<\/div>\n\t\t\t\t<\/div>\n\t\t<div class=\"elementor-element elementor-element-180ce89 e-flex e-con-boxed e-con e-parent\" data-id=\"180ce89\" data-element_type=\"container\" data-e-type=\"container\">\n\t\t\t\t\t<div class=\"e-con-inner\">\n\t\t\t\t<div class=\"elementor-element elementor-element-92ae91d elementor-widget elementor-widget-text-editor\" data-id=\"92ae91d\" data-element_type=\"widget\" data-e-type=\"widget\" data-widget_type=\"text-editor.default\">\n\t\t\t\t<div class=\"elementor-widget-container\">\n\t\t\t\t\t\t\t\t\t<p><span style=\"caret-color: #000000; color: #000000; font-family: var( --e-global-typography-text-font-family ), Sans-serif; text-align: var(--text-align); font-size: 1rem;\">There are times when the landscape changes abruptly. Not like a slow transformation of natural evolution, but like a rupture. In Chapada Diamantina, fire crosses the territory like this. Sometimes expected, other times not. The vegetation darkens, the air loses density, the sounds change, and time seems suspended. And yet, something remains.<\/span><\/p><p style=\"caret-color: #000000; color: #000000;\" data-start=\"513\" data-end=\"797\">It's not the first time fire has swept through these mountains, but it's no longer the same fire as before. The cycles have shortened, the seasons no longer offer clear references, and drought can arrive and leave just as quickly. What used to be reading the weather is now constant vigilance.<\/p><p style=\"caret-color: #000000; color: #000000;\" data-start=\"799\" data-end=\"1231\">It was in this context that the Len\u00e7\u00f3is Volunteer Brigade was formed. In the beginning, there was no structure, only presence. Repurposed bottles, green branches, long journeys, and the decision not to ignore. Over time, equipment, organization, and careful management of resources came. Today there is method, accountability, and preparedness, but what sustains all of this remains less visible.<\/p>\t\t\t\t\t\t\t\t<\/div>\n\t\t\t\t<\/div>\n\t\t\t\t\t<\/div>\n\t\t\t\t<\/div>\n\t\t<div class=\"elementor-element elementor-element-e0ae92d e-flex e-con-boxed e-con e-parent\" data-id=\"e0ae92d\" data-element_type=\"container\" data-e-type=\"container\">\n\t\t\t\t\t<div class=\"e-con-inner\">\n\t\t\t\t<div class=\"elementor-element elementor-element-b128edf elementor-widget elementor-widget-image\" data-id=\"b128edf\" data-element_type=\"widget\" data-e-type=\"widget\" data-widget_type=\"image.default\">\n\t\t\t\t<div class=\"elementor-widget-container\">\n\t\t\t\t\t\t\t\t\t\t\t\t\t\t\t<img fetchpriority=\"high\" decoding=\"async\" width=\"800\" height=\"341\" src=\"https:\/\/lencois.com.br\/wp-content\/uploads\/2026\/04\/Brigada-de-Incendio-Chapada-Diamantina-00.jpg\" class=\"attachment-large size-large wp-image-4258\" alt=\"\" srcset=\"https:\/\/lencois.com.br\/wp-content\/uploads\/2026\/04\/Brigada-de-Incendio-Chapada-Diamantina-00.jpg 960w, https:\/\/lencois.com.br\/wp-content\/uploads\/2026\/04\/Brigada-de-Incendio-Chapada-Diamantina-00-300x128.jpg 300w, https:\/\/lencois.com.br\/wp-content\/uploads\/2026\/04\/Brigada-de-Incendio-Chapada-Diamantina-00-768x327.jpg 768w\" sizes=\"(max-width: 800px) 100vw, 800px\" \/>\t\t\t\t\t\t\t\t\t\t\t\t\t\t\t<\/div>\n\t\t\t\t<\/div>\n\t\t\t\t\t<\/div>\n\t\t\t\t<\/div>\n\t\t<div class=\"elementor-element elementor-element-999daf0 e-flex e-con-boxed e-con e-parent\" data-id=\"999daf0\" data-element_type=\"container\" data-e-type=\"container\">\n\t\t\t\t\t<div class=\"e-con-inner\">\n\t\t\t\t<div class=\"elementor-element elementor-element-a04a7e8 elementor-widget elementor-widget-text-editor\" data-id=\"a04a7e8\" data-element_type=\"widget\" data-e-type=\"widget\" data-widget_type=\"text-editor.default\">\n\t\t\t\t<div class=\"elementor-widget-container\">\n\t\t\t\t\t\t\t\t\t<p data-start=\"1233\" data-end=\"1506\">They leave without the guarantee of a quick return. Sometimes on foot, sometimes by helicopter. They remain for three days, three nights within the mountains, with no defined trail, no comfort, their bodies exposed and their attention constant. The work requires technique, but cannot be explained by it alone.<\/p><p data-start=\"1508\" data-end=\"1791\">There's also what happens before. The conversations in schools, the meetings that seem small but rearrange how you look at the territory. And what happens after. Rescued animals, areas that slowly start to breathe again. None of this is usually seen, but it's what sustains.<\/p><p data-start=\"1793\" data-end=\"2148\">No movement like this stands alone. There's a silent network all around, made up of practical gestures. Someone who arranges transportation, someone who prepares a meal, someone who makes a call at the right time. We are also part of this, unannounced, with pride. Caring is not an extraordinary act, it is a continuous obligation.<\/p>\t\t\t\t\t\t\t\t<\/div>\n\t\t\t\t<\/div>\n\t\t\t\t\t<\/div>\n\t\t\t\t<\/div>\n\t\t<div class=\"elementor-element elementor-element-163ee7f e-flex e-con-boxed e-con e-parent\" data-id=\"163ee7f\" data-element_type=\"container\" data-e-type=\"container\">\n\t\t\t\t\t<div class=\"e-con-inner\">\n\t\t\t\t<div class=\"elementor-element elementor-element-e5f92df elementor-widget elementor-widget-text-editor\" data-id=\"e5f92df\" data-element_type=\"widget\" data-e-type=\"widget\" data-widget_type=\"text-editor.default\">\n\t\t\t\t<div class=\"elementor-widget-container\">\n\t\t\t\t\t\t\t\t\t<p data-start=\"3062\" data-end=\"3114\">The Chapada is an active territory.<br data-start=\"3089\" data-end=\"3092\" \/>Those who visit become part of this context, even if only for a few days, and also become responsible: understanding the park's limits, respecting guidelines, and avoiding unnecessary risks.<\/p><p data-start=\"3307\" data-end=\"3386\">The tourism that makes sense here isn't just contemplative. It demands attention.<\/p><p data-start=\"2405\" data-end=\"2637\">We feel a real transformation in the understanding of individual and collective responsibilities. There is a growing awareness, albeit discreetly, of people arriving with a different perspective, communities reorganizing themselves. The future is built with persistence, obstinacy, and education.<\/p><p data-start=\"2639\" data-end=\"2898\">Between the Len\u00e7\u00f3is River and the mountains of Chapada Diamantina, we learned that staying put isn't about rigid resistance. It's about adjusting, listening, and sustaining relationships that make sense. The Len\u00e7\u00f3is Volunteer Brigade reminds us of this simply by remaining where they need to be, with a collective generosity that is still rare to find, but essential to inspire us.<\/p>\t\t\t\t\t\t\t\t<\/div>\n\t\t\t\t<\/div>\n\t\t\t\t\t<\/div>\n\t\t\t\t<\/div>\n\t\t<div class=\"elementor-element elementor-element-94e3dd5 e-grid e-con-full e-con e-parent\" data-id=\"94e3dd5\" data-element_type=\"container\" data-e-type=\"container\">\n\t\t\t\t<div class=\"elementor-element elementor-element-95d0943 elementor-widget elementor-widget-image\" data-id=\"95d0943\" data-element_type=\"widget\" data-e-type=\"widget\" data-widget_type=\"image.default\">\n\t\t\t\t<div class=\"elementor-widget-container\">\n\t\t\t\t\t\t\t\t\t\t\t\t\t\t\t<img decoding=\"async\" width=\"800\" height=\"341\" src=\"https:\/\/lencois.com.br\/wp-content\/uploads\/2026\/04\/Brigada-de-Incendio-Chapada-Diamantina-08-1024x436.jpg\" class=\"attachment-large size-large wp-image-4265\" alt=\"\" srcset=\"https:\/\/lencois.com.br\/wp-content\/uploads\/2026\/04\/Brigada-de-Incendio-Chapada-Diamantina-08-1024x436.jpg 1024w, https:\/\/lencois.com.br\/wp-content\/uploads\/2026\/04\/Brigada-de-Incendio-Chapada-Diamantina-08-300x128.jpg 300w, https:\/\/lencois.com.br\/wp-content\/uploads\/2026\/04\/Brigada-de-Incendio-Chapada-Diamantina-08-768x327.jpg 768w, https:\/\/lencois.com.br\/wp-content\/uploads\/2026\/04\/Brigada-de-Incendio-Chapada-Diamantina-08.jpg 1280w\" sizes=\"(max-width: 800px) 100vw, 800px\" \/>\t\t\t\t\t\t\t\t\t\t\t\t\t\t\t<\/div>\n\t\t\t\t<\/div>\n\t\t\t\t<div class=\"elementor-element elementor-element-6b7be8d elementor-widget elementor-widget-image\" data-id=\"6b7be8d\" data-element_type=\"widget\" data-e-type=\"widget\" data-widget_type=\"image.default\">\n\t\t\t\t<div class=\"elementor-widget-container\">\n\t\t\t\t\t\t\t\t\t\t\t\t\t\t\t<img decoding=\"async\" width=\"800\" height=\"341\" src=\"https:\/\/lencois.com.br\/wp-content\/uploads\/2026\/04\/Brigada-de-Incendio-Chapada-Diamantina-09-1024x436.jpg\" class=\"attachment-large size-large wp-image-4266\" alt=\"\" srcset=\"https:\/\/lencois.com.br\/wp-content\/uploads\/2026\/04\/Brigada-de-Incendio-Chapada-Diamantina-09-1024x436.jpg 1024w, https:\/\/lencois.com.br\/wp-content\/uploads\/2026\/04\/Brigada-de-Incendio-Chapada-Diamantina-09-300x128.jpg 300w, https:\/\/lencois.com.br\/wp-content\/uploads\/2026\/04\/Brigada-de-Incendio-Chapada-Diamantina-09-768x327.jpg 768w, https:\/\/lencois.com.br\/wp-content\/uploads\/2026\/04\/Brigada-de-Incendio-Chapada-Diamantina-09-1536x654.jpg 1536w, https:\/\/lencois.com.br\/wp-content\/uploads\/2026\/04\/Brigada-de-Incendio-Chapada-Diamantina-09-2048x872.jpg 2048w\" sizes=\"(max-width: 800px) 100vw, 800px\" \/>\t\t\t\t\t\t\t\t\t\t\t\t\t\t\t<\/div>\n\t\t\t\t<\/div>\n\t\t\t\t<div class=\"elementor-element elementor-element-0ddf3a9 elementor-widget elementor-widget-image\" data-id=\"0ddf3a9\" data-element_type=\"widget\" data-e-type=\"widget\" data-widget_type=\"image.default\">\n\t\t\t\t<div class=\"elementor-widget-container\">\n\t\t\t\t\t\t\t\t\t\t\t\t\t\t\t<img loading=\"lazy\" decoding=\"async\" width=\"800\" height=\"341\" src=\"https:\/\/lencois.com.br\/wp-content\/uploads\/2026\/04\/Brigada-de-Incendio-Chapada-Diamantina-05-1024x436.jpg\" class=\"attachment-large size-large wp-image-4262\" alt=\"\" srcset=\"https:\/\/lencois.com.br\/wp-content\/uploads\/2026\/04\/Brigada-de-Incendio-Chapada-Diamantina-05-1024x436.jpg 1024w, https:\/\/lencois.com.br\/wp-content\/uploads\/2026\/04\/Brigada-de-Incendio-Chapada-Diamantina-05-300x128.jpg 300w, https:\/\/lencois.com.br\/wp-content\/uploads\/2026\/04\/Brigada-de-Incendio-Chapada-Diamantina-05-768x327.jpg 768w, https:\/\/lencois.com.br\/wp-content\/uploads\/2026\/04\/Brigada-de-Incendio-Chapada-Diamantina-05-1536x654.jpg 1536w, https:\/\/lencois.com.br\/wp-content\/uploads\/2026\/04\/Brigada-de-Incendio-Chapada-Diamantina-05-2048x872.jpg 2048w\" sizes=\"(max-width: 800px) 100vw, 800px\" \/>\t\t\t\t\t\t\t\t\t\t\t\t\t\t\t<\/div>\n\t\t\t\t<\/div>\n\t\t\t\t<\/div>\n\t\t<div class=\"elementor-element elementor-element-883d26b e-flex e-con-boxed e-con e-parent\" data-id=\"883d26b\" data-element_type=\"container\" data-e-type=\"container\">\n\t\t\t\t\t<div class=\"e-con-inner\">\n\t\t\t\t<div class=\"elementor-element elementor-element-ee8f9a1 elementor-widget elementor-widget-text-editor\" data-id=\"ee8f9a1\" data-element_type=\"widget\" data-e-type=\"widget\" data-widget_type=\"text-editor.default\">\n\t\t\t\t<div class=\"elementor-widget-container\">\n\t\t\t\t\t\t\t\t\t<p data-start=\"107\" data-end=\"386\">Caring for this territory is a shared responsibility.<br data-start=\"168\" data-end=\"171\" \/>It manifests in simple, constant gestures: in how we talk about nature with friends, children, and family, in the way we behave when visiting a park, and in the choices we make every day.<\/p><p data-start=\"388\" data-end=\"411\">Some also go further.<\/p><p data-start=\"413\" data-end=\"612\">The volunteer firefighters of Len\u00e7\u00f3is dedicate their time, energy, and presence to protect the Chapada Diamantina in often extreme conditions. Supporting this work is a concrete way to participate.<\/p><p data-start=\"614\" data-end=\"816\">This can happen in different ways: through equipment donations, logistical support, food during operations, or financial contributions that help keep the Brigade active and prepared.<\/p><p data-start=\"847\" data-end=\"919\"><strong data-start=\"847\" data-end=\"919\">PIX key (CNPJ): 04.480.108\/0001-80<br data-start=\"885\" data-end=\"888\" \/>Len\u00e7\u00f3is Volunteer Brigade\u00a0<\/strong><\/p><p data-start=\"847\" data-end=\"919\"><strong data-start=\"847\" data-end=\"919\">Email: bvlencois@gmail.com<\/strong><\/p><p data-start=\"847\" data-end=\"919\">Here is our thanks to all the Volunteer Firefighters from Len\u00e7\u00f3is and the entire Chapada Diamantina region, for their continued commitment to nature and to this territory that sustains us.<\/p><p data-start=\"847\" data-end=\"919\">Hotel Canto das \u00c1guas<\/p><p data-start=\"847\" data-end=\"919\"><strong>Photos courtesy<\/strong><\/p>\t\t\t\t\t\t\t\t<\/div>\n\t\t\t\t<\/div>\n\t\t\t\t\t<\/div>\n\t\t\t\t<\/div>\n\t\t\t\t<\/div>","protected":false},"excerpt":{"rendered":"<p>H\u00e1 momentos em que a paisagem muda de forma abrupta. N\u00e3o como uma transforma\u00e7\u00e3o lenta da evolu\u00e7\u00e3o natural, mas como ruptura. Na Chapada Diamantina, o fogo atravessa o territ\u00f3rio assim. \u00c0s vezes esperado, outras vezes n\u00e3o. A vegeta\u00e7\u00e3o escurece, o ar perde densidade, os sons se alteram e o tempo parece suspenso. E, ainda assim, [&hellip;]<\/p>\n","protected":false},"author":28,"featured_media":4261,"comment_status":"closed","ping_status":"closed","sticky":false,"template":"","format":"standard","meta":{"footnotes":""},"categories":[22,1],"tags":[11,26],"class_list":["post-4245","post","type-post","status-publish","format-standard","has-post-thumbnail","hentry","category-sustentabilidade","category-chapada-diamantina","tag-chapada-diamantina","tag-sustentabilidade"],"_links":{"self":[{"href":"https:\/\/lencois.com.br\/en\/wp-json\/wp\/v2\/posts\/4245","targetHints":{"allow":["GET"]}}],"collection":[{"href":"https:\/\/lencois.com.br\/en\/wp-json\/wp\/v2\/posts"}],"about":[{"href":"https:\/\/lencois.com.br\/en\/wp-json\/wp\/v2\/types\/post"}],"author":[{"embeddable":true,"href":"https:\/\/lencois.com.br\/en\/wp-json\/wp\/v2\/users\/28"}],"replies":[{"embeddable":true,"href":"https:\/\/lencois.com.br\/en\/wp-json\/wp\/v2\/comments?post=4245"}],"version-history":[{"count":39,"href":"https:\/\/lencois.com.br\/en\/wp-json\/wp\/v2\/posts\/4245\/revisions"}],"predecessor-version":[{"id":4393,"href":"https:\/\/lencois.com.br\/en\/wp-json\/wp\/v2\/posts\/4245\/revisions\/4393"}],"wp:featuredmedia":[{"embeddable":true,"href":"https:\/\/lencois.com.br\/en\/wp-json\/wp\/v2\/media\/4261"}],"wp:attachment":[{"href":"https:\/\/lencois.com.br\/en\/wp-json\/wp\/v2\/media?parent=4245"}],"wp:term":[{"taxonomy":"category","embeddable":true,"href":"https:\/\/lencois.com.br\/en\/wp-json\/wp\/v2\/categories?post=4245"},{"taxonomy":"post_tag","embeddable":true,"href":"https:\/\/lencois.com.br\/en\/wp-json\/wp\/v2\/tags?post=4245"}],"curies":[{"name":"wp","href":"https:\/\/api.w.org\/{rel}","templated":true}]}}