{"id":1823,"date":"2025-12-01T16:24:58","date_gmt":"2025-12-01T19:24:58","guid":{"rendered":"https:\/\/cantoaguas.beeweb.net.br\/?p=1823"},"modified":"2026-04-27T10:21:50","modified_gmt":"2026-04-27T13:21:50","slug":"mejor-epoca-para-visitar-lencois-y-consejos-practicos","status":"publish","type":"post","link":"https:\/\/lencois.com.br\/es\/melhor-epoca-para-visitar-lencois-e-dicas-praticas\/","title":{"rendered":"Cu\u00e1ndo Visitar la Chapada Diamantina: Un Destino para Todas las Estaciones"},"content":{"rendered":"<div data-elementor-type=\"wp-post\" data-elementor-id=\"1823\" class=\"elementor elementor-1823\" data-elementor-post-type=\"post\">\n\t\t\t\t<div class=\"elementor-element elementor-element-4ec6af56 e-flex e-con-boxed e-con e-parent\" data-id=\"4ec6af56\" data-element_type=\"container\" data-e-type=\"container\">\n\t\t\t\t\t<div class=\"e-con-inner\">\n\t\t\t\t<div class=\"elementor-element elementor-element-5c23760c elementor-widget elementor-widget-text-editor\" data-id=\"5c23760c\" data-element_type=\"widget\" data-e-type=\"widget\" data-widget_type=\"text-editor.default\">\n\t\t\t\t<div class=\"elementor-widget-container\">\n\t\t\t\t\t\t\t\t\t<p data-start=\"223\" data-end=\"511\">La Chapada Diamantina, en el estado de Bah\u00eda, es un destino que se transforma a lo largo del a\u00f1o sin perder su esencia. M\u00e1s que una \u201cmejor \u00e9poca\u201d, lo que existe son diferentes formas de vivir el territorio: cada estaci\u00f3n revela un ritmo, una luz y posibilidades espec\u00edficas de experiencia.<\/p><p data-start=\"513\" data-end=\"1002\">Entre abril y septiembre, durante el per\u00edodo m\u00e1s seco y de temperaturas amenas, la Chapada se presenta de forma particularmente favorable para caminatas m\u00e1s largas y traves\u00edas. Es el momento ideal para explorar recorridos como el Valle de Pati, la Cachoeira da Fuma\u00e7a por abajo o traves\u00edas en altitud, donde el esfuerzo f\u00edsico encuentra recompensa en paisajes amplios y estables. El clima m\u00e1s fresco permite d\u00edas enteros de caminata con mayor confort, mientras los cielos limpios ampl\u00edan la lectura del paisaje.<\/p><p data-start=\"1004\" data-end=\"1579\">Este mismo per\u00edodo est\u00e1 tambi\u00e9n marcado por experiencias culturales singulares. En junio, Len\u00e7\u00f3is y toda la regi\u00f3n viven el S\u00e3o Jo\u00e3o, una celebraci\u00f3n profundamente arraigada, donde m\u00fasica, danza, gastronom\u00eda y encuentros suceden de forma espont\u00e1nea y colectiva. Una vivencia real, donde el visitante participa naturalmente de la cultura local. En septiembre, las manifestaciones de Jar\u00ea, tradici\u00f3n espiritual de matriz afro-brasile\u00f1a, ofrecen una rara oportunidad de contacto con pr\u00e1cticas culturales vivas, conducidas con respeto y significado.<\/p><p data-start=\"1581\" data-end=\"2073\">Con la llegada de las lluvias, entre noviembre y marzo, la Chapada revela otra dimensi\u00f3n. Las cascadas ganan volumen, los r\u00edos se vuelven m\u00e1s intensos y la vegetaci\u00f3n adquiere tonos m\u00e1s vivos. Es un per\u00edodo especialmente interesante para quienes buscan experiencias ligadas al agua, como Marimbus y Roncador, donde el paisaje se expande en \u00e1reas anegadas y traves\u00edas en canoa. Las lluvias, generalmente intercaladas con per\u00edodos de sol, no impiden el viaje, solo orientan un ritmo m\u00e1s flexible.<\/p><p data-start=\"2075\" data-end=\"2341\">Este es tambi\u00e9n un excelente momento para explorar cavernas como Lapa Doce, Torrinha, Po\u00e7o Azul y Po\u00e7o Encantado. Estos ambientes subterr\u00e1neos mantienen condiciones estables a lo largo del a\u00f1o, convirti\u00e9ndose en alternativas seguras y fascinantes independientemente del clima exterior.<\/p><p data-start=\"2343\" data-end=\"2717\">En verano, la Chapada invita a una experiencia m\u00e1s ligera y sensorial. Senderos m\u00e1s cortos y accesibles, combinados con ba\u00f1os de r\u00edo, marcan el ritmo de los d\u00edas. Lugares como Ribeir\u00e3o do Meio, Ribeir\u00e3o de Cima, Serrano, Mandassaia y todo el Parque Municipal da Muritiba se convierten en extensiones naturales de la ciudad, accesibles a pie e ideales para pausas al sol y refrescantes zambullidas.<\/p><p data-start=\"2719\" data-end=\"3086\">El invierno, por su parte, trae una atm\u00f3sfera m\u00e1s introspectiva y acogedora. Las noches son m\u00e1s frescas, invitando a una experiencia m\u00e1s contemplativa, ya sea en una cena tranquila, en una caminata por el centro hist\u00f3rico o simplemente en el silencio que envuelve el paisaje. Es tambi\u00e9n un per\u00edodo de mayor estabilidad clim\u00e1tica, favoreciendo planificaciones m\u00e1s precisas.<\/p><p data-start=\"3088\" data-end=\"3438\">A lo largo del a\u00f1o, otras manifestaciones culturales refuerzan la conexi\u00f3n entre territorio y memoria. La Fiesta del Se\u00f1or de los Pasos, en Len\u00e7\u00f3is, traduce la fuerza de las tradiciones religiosas locales, mientras que en Igatu, la celebraci\u00f3n de Finados trae una dimensi\u00f3n simb\u00f3lica \u00fanica, donde la historia, la espiritualidad y el paisaje se entrelazan de forma silenciosa y profunda en el caminar de las \u201cAlmas\u201d.<\/p><p data-start=\"3440\" data-end=\"3835\">Al final, elegir cu\u00e1ndo visitar la Chapada Diamantina no se trata de encontrar una condici\u00f3n ideal, sino de entender que cada estaci\u00f3n ofrece una lectura distinta del mismo territorio. En Len\u00e7\u00f3is, esta experiencia ocurre con naturalidad, una ciudad segura, acogedora y transitable, donde el visitante encuentra acceso a la naturaleza, pero tambi\u00e9n un ritmo que permite vivirla con profundidad.<\/p><p data-start=\"3837\" data-end=\"3978\" data-is-last-node=\"\" data-is-only-node=\"\">Aqu\u00ed, explorar y descansar dejan de ser opuestos para convertirse en parte de un mismo flujo, continuo, equilibrado y esencialmente aut\u00e9ntico.<\/p>\t\t\t\t\t\t\t\t<\/div>\n\t\t\t\t<\/div>\n\t\t\t\t\t<\/div>\n\t\t\t\t<\/div>\n\t\t\t\t<\/div>","protected":false},"excerpt":{"rendered":"<p>A Chapada Diamantina, no estado da Bahia, \u00e9 um destino que se transforma ao longo do ano sem perder sua ess\u00eancia. Mais do que uma \u201cmelhor \u00e9poca\u201d, o que existe s\u00e3o diferentes formas de viver o territ\u00f3rio: cada esta\u00e7\u00e3o revela um ritmo, uma luz e possibilidades espec\u00edficas de experi\u00eancia. Entre abril e setembro, durante o [&hellip;]<\/p>\n","protected":false},"author":1,"featured_media":4116,"comment_status":"closed","ping_status":"closed","sticky":false,"template":"","format":"standard","meta":{"footnotes":""},"categories":[1],"tags":[],"class_list":["post-1823","post","type-post","status-publish","format-standard","has-post-thumbnail","hentry","category-chapada-diamantina"],"_links":{"self":[{"href":"https:\/\/lencois.com.br\/es\/wp-json\/wp\/v2\/posts\/1823","targetHints":{"allow":["GET"]}}],"collection":[{"href":"https:\/\/lencois.com.br\/es\/wp-json\/wp\/v2\/posts"}],"about":[{"href":"https:\/\/lencois.com.br\/es\/wp-json\/wp\/v2\/types\/post"}],"author":[{"embeddable":true,"href":"https:\/\/lencois.com.br\/es\/wp-json\/wp\/v2\/users\/1"}],"replies":[{"embeddable":true,"href":"https:\/\/lencois.com.br\/es\/wp-json\/wp\/v2\/comments?post=1823"}],"version-history":[{"count":13,"href":"https:\/\/lencois.com.br\/es\/wp-json\/wp\/v2\/posts\/1823\/revisions"}],"predecessor-version":[{"id":4766,"href":"https:\/\/lencois.com.br\/es\/wp-json\/wp\/v2\/posts\/1823\/revisions\/4766"}],"wp:featuredmedia":[{"embeddable":true,"href":"https:\/\/lencois.com.br\/es\/wp-json\/wp\/v2\/media\/4116"}],"wp:attachment":[{"href":"https:\/\/lencois.com.br\/es\/wp-json\/wp\/v2\/media?parent=1823"}],"wp:term":[{"taxonomy":"category","embeddable":true,"href":"https:\/\/lencois.com.br\/es\/wp-json\/wp\/v2\/categories?post=1823"},{"taxonomy":"post_tag","embeddable":true,"href":"https:\/\/lencois.com.br\/es\/wp-json\/wp\/v2\/tags?post=1823"}],"curies":[{"name":"wp","href":"https:\/\/api.w.org\/{rel}","templated":true}]}}