{"id":1828,"date":"2026-03-19T10:04:34","date_gmt":"2026-03-19T13:04:34","guid":{"rendered":"https:\/\/cantoaguas.beeweb.net.br\/?p=1828"},"modified":"2026-03-19T12:03:49","modified_gmt":"2026-03-19T15:03:49","slug":"lencois-puerta-de-entrada-a-la-chapada-diamantina","status":"publish","type":"post","link":"https:\/\/lencois.com.br\/es\/lencois-porta-de-entrada-para-a-chapada-diamantina\/","title":{"rendered":"Len\u00e7\u00f3is: El Acceso Natural a la Chapada Diamantina"},"content":{"rendered":"\t\t<div data-elementor-type=\"wp-post\" data-elementor-id=\"1828\" class=\"elementor elementor-1828\" data-elementor-post-type=\"post\">\n\t\t\t\t<div class=\"elementor-element elementor-element-51585e93 e-flex e-con-boxed e-con e-parent\" data-id=\"51585e93\" data-element_type=\"container\" data-e-type=\"container\">\n\t\t\t\t\t<div class=\"e-con-inner\">\n\t\t\t\t<div class=\"elementor-element elementor-element-24b37700 elementor-widget elementor-widget-text-editor\" data-id=\"24b37700\" data-element_type=\"widget\" data-e-type=\"widget\" data-widget_type=\"text-editor.default\">\n\t\t\t\t<div class=\"elementor-widget-container\">\n\t\t\t\t\t\t\t\t\t<section class=\"text-token-text-primary w-full focus:outline-none [--shadow-height:45px] has-data-writing-block:pointer-events-none has-data-writing-block:-mt-(--shadow-height) has-data-writing-block:pt-(--shadow-height) [&amp;:has([data-writing-block])&gt;*]:pointer-events-auto scroll-mt-(--header-height)\" dir=\"auto\" data-turn-id=\"084f94b8-b2fa-46e4-b527-90983f616f9b\" data-testid=\"conversation-turn-11\" data-scroll-anchor=\"false\" data-turn=\"user\"><div class=\"text-base my-auto mx-auto pt-12 [--thread-content-margin:var(--thread-content-margin-xs,calc(var(--spacing)*4))] @w-sm\/main:[--thread-content-margin:var(--thread-content-margin-sm,calc(var(--spacing)*6))] @w-lg\/main:[--thread-content-margin:var(--thread-content-margin-lg,calc(var(--spacing)*16))] px-(--thread-content-margin)\"><div class=\"[--thread-content-max-width:40rem] @w-lg\/main:[--thread-content-max-width:48rem] mx-auto max-w-(--thread-content-max-width) flex-1 group\/turn-messages focus-visible:outline-hidden relative flex w-full min-w-0 flex-col\"><div class=\"flex max-w-full flex-col gap-4 grow\"><div class=\"min-h-8 text-message relative flex w-full flex-col items-end gap-2 text-start break-words whitespace-normal outline-none keyboard-focused:focus-ring [.text-message+&amp;]:mt-1\" dir=\"auto\" data-message-author-role=\"user\" data-message-id=\"084f94b8-b2fa-46e4-b527-90983f616f9b\"><div class=\"flex w-full flex-col gap-1 empty:hidden items-end rtl:items-start\"><div class=\"user-message-bubble-color corner-superellipse\/0.98 relative rounded-[22px] px-4 py-2.5 leading-6 max-w-(--user-chat-width,70%)\"><div class=\"whitespace-pre-wrap\">Len\u00e7\u00f3is, no cora\u00e7\u00e3o da Chapada Diamantina, \u00e9 um dos destinos mais singulares da Bahia, um lugar onde natureza, hist\u00f3ria e vida cotidiana convivem em equil\u00edbrio. Com suas ruas de pedra, casinhas coloridas e um ritmo tranquilo, a cidade preserva uma atmosfera acolhedora que convida o visitante a desacelerar, observar e se conectar com o entorno.<\/div><\/div><\/div><\/div><\/div><\/div><\/div><\/section><section class=\"text-token-text-primary w-full focus:outline-none [--shadow-height:45px] has-data-writing-block:pointer-events-none has-data-writing-block:-mt-(--shadow-height) has-data-writing-block:pt-(--shadow-height) [&amp;:has([data-writing-block])&gt;*]:pointer-events-auto scroll-mt-[calc(var(--header-height)+min(200px,max(70px,20svh)))]\" dir=\"auto\" data-turn-id=\"request-WEB:21b87a1b-af85-4abf-bd9a-4c890f75c8dd-5\" data-testid=\"conversation-turn-12\" data-scroll-anchor=\"true\" data-turn=\"assistant\"><div class=\"text-base my-auto mx-auto pb-10 [--thread-content-margin:var(--thread-content-margin-xs,calc(var(--spacing)*4))] @w-sm\/main:[--thread-content-margin:var(--thread-content-margin-sm,calc(var(--spacing)*6))] @w-lg\/main:[--thread-content-margin:var(--thread-content-margin-lg,calc(var(--spacing)*16))] px-(--thread-content-margin)\"><div class=\"[--thread-content-max-width:40rem] @w-lg\/main:[--thread-content-max-width:48rem] mx-auto max-w-(--thread-content-max-width) flex-1 group\/turn-messages focus-visible:outline-hidden relative flex w-full min-w-0 flex-col agent-turn\"><div class=\"flex max-w-full flex-col gap-4 grow\"><div class=\"min-h-8 text-message relative flex w-full flex-col items-end gap-2 text-start break-words whitespace-normal outline-none keyboard-focused:focus-ring [.text-message+&amp;]:mt-1\" dir=\"auto\" tabindex=\"0\" data-message-author-role=\"assistant\" data-message-id=\"7e4a423b-705e-4954-b75b-bfc1993df9dc\" data-message-model-slug=\"gpt-5-3\" data-turn-start-message=\"true\"><div class=\"flex w-full flex-col gap-1 empty:hidden\"><div class=\"markdown prose dark:prose-invert w-full wrap-break-word light markdown-new-styling\"><p data-start=\"348\" data-end=\"892\">Fundada em meados do s\u00e9culo XIX, Len\u00e7\u00f3is teve sua origem marcada pelo ciclo do diamante, que atraiu exploradores, comerciantes e transformou a regi\u00e3o em um dos centros econ\u00f4micos mais importantes do Brasil \u00e0 \u00e9poca. Como em grande parte desse per\u00edodo hist\u00f3rico, essa prosperidade tamb\u00e9m esteve ligada ao trabalho escravizado, cuja mem\u00f3ria faz parte da constru\u00e7\u00e3o cultural e social da cidade. Hoje, essa heran\u00e7a \u00e9 percebida na arquitetura preservada, nas tradi\u00e7\u00f5es e na identidade resiliente de Len\u00e7\u00f3is, que soube se reinventar ao longo do tempo.<\/p><p data-start=\"894\" data-end=\"1450\">Com o decl\u00ednio do garimpo, a cidade encontrou no turismo ecol\u00f3gico um novo caminho, e n\u00e3o por acaso. Len\u00e7\u00f3is \u00e9 a principal porta de entrada para o Parque Nacional da Chapada Diamantina, uma das \u00e1reas naturais mais impressionantes do pa\u00eds. O mais singular \u00e9 que, a partir do pr\u00f3prio centro hist\u00f3rico, em apenas cerca de cinco minutos de caminhada, j\u00e1 \u00e9 poss\u00edvel acessar trilhas que levam a rios, po\u00e7os naturais e forma\u00e7\u00f5es rochosas \u00fanicas. Essa proximidade entre cidade e natureza cria uma experi\u00eancia rara, onde n\u00e3o h\u00e1 ruptura entre o urbano e o selvagem.<\/p><p data-start=\"1452\" data-end=\"1923\">A partir de Len\u00e7\u00f3is, partem algumas das trilhas mais emblem\u00e1ticas da Chapada, como o Ribeir\u00e3o do Meio, ideal para um primeiro contato com a regi\u00e3o, al\u00e9m de acessos a paisagens ic\u00f4nicas como a Cachoeira da Fuma\u00e7a, uma das mais altas do Brasil, e o Morro do Pai In\u00e1cio, famoso por suas vistas panor\u00e2micas ao p\u00f4r do sol. S\u00e3o cen\u00e1rios que combinam c\u00e2nions, serras, vales e uma biodiversidade rica, tornando a regi\u00e3o um dos principais destinos de ecoturismo da Am\u00e9rica do Sul.<\/p><p data-start=\"1925\" data-end=\"2336\">Apesar dessa grandiosidade natural, a vida em Len\u00e7\u00f3is acontece de forma simples e fluida. A cidade \u00e9 pequena, segura e pode ser explorada inteiramente a p\u00e9. Caminhar por suas ruas \u00e9 parte essencial da experi\u00eancia, seja durante o dia, descobrindo lojinhas, ateli\u00eas e galerias, ou \u00e0 noite, quando a cidade ganha um ritmo leve, com m\u00fasica, conversas e uma ilumina\u00e7\u00e3o suave que valoriza o seu patrim\u00f4nio hist\u00f3rico.<\/p><p data-start=\"2338\" data-end=\"2936\">A cena gastron\u00f4mica de Len\u00e7\u00f3is \u00e9 outro destaque, surpreendendo pela qualidade e autenticidade. Restaurantes como o Cozinha Aberta, de D\u00e9bora Doitschinoff, trazem uma abordagem criativa e contempor\u00e2nea com forte conex\u00e3o com ingredientes locais. O Restaurante Lampi\u00e3o valoriza a culin\u00e1ria regional com identidade e consist\u00eancia, enquanto o Restaurante Azul, dentro do Hotel Canto das \u00c1guas, prop\u00f5e uma experi\u00eancia sensorial do sil\u00eancio criado pelo canto das corredeiras, um card\u00e1pio com influencias africanas e nordestinas\u2026 contemplando cl\u00e1ssicos da gastronomia franco-italiana. A varanda debru\u00e7ada sobre o Rio Len\u00e7\u00f3is faz do Azul um dos endere\u00e7os mais agrad\u00e1veis para almo\u00e7ar e jantar na cidade. Para uma pausa delicada, o ch\u00e1 da tarde de Joara Ferraz \u00e9 um ritual \u00e0 parte, reunindo cuidado, sabor e um delicioso charme intimista.<\/p><p data-start=\"2938\" data-end=\"3240\">A cidade tamb\u00e9m abriga espa\u00e7os dedicados \u00e0 arte e \u00e0 cultura local. Galerias como a Nativa apresentam um trabalho de curadoria de artes da America Latina, um espa\u00e7o vivo de ansertralidade e respeito, enquanto a Gruna, localizada dentro do Hotel Canto das \u00c1guas, prop\u00f5e um di\u00e1logo Fotogr\u00e1fico entre arte e natureza, refor\u00e7ando o car\u00e1ter criativo e autoral do destino.<\/p><p data-start=\"3242\" data-end=\"3474\">Ao cair da noite, Len\u00e7\u00f3is revela uma vida noturna tranquila e segura, onde bares e restaurantes se tornam pontos de encontro sem excessos. N\u00e3o h\u00e1 pressa, nem agita\u00e7\u00e3o exagerada, apenas um convite a aproveitar o tempo com qualidade.<\/p><p data-start=\"3476\" data-end=\"3790\" data-is-last-node=\"\" data-is-only-node=\"\">Len\u00e7\u00f3is \u00e9, assim, um destino que se revela aos poucos. Entre a mem\u00f3ria do diamante, a for\u00e7a da natureza e a leveza da vida cotidiana, a cidade oferece uma experi\u00eancia aut\u00eantica, onde tudo parece acontecer na medida certa, e onde explorar e descansar deixam de ser opostos para se tornarem parte de um mesmo ritmo.<\/p><\/div><\/div><\/div><\/div><\/div><\/div><\/section>\t\t\t\t\t\t\t\t<\/div>\n\t\t\t\t<\/div>\n\t\t\t\t\t<\/div>\n\t\t\t\t<\/div>\n\t\t<div class=\"elementor-element elementor-element-3ce684b e-grid e-con-boxed e-con e-parent\" data-id=\"3ce684b\" data-element_type=\"container\" data-e-type=\"container\">\n\t\t\t\t\t<div class=\"e-con-inner\">\n\t\t\t\t<div class=\"elementor-element elementor-element-9baa1c7 elementor-widget elementor-widget-image\" data-id=\"9baa1c7\" data-element_type=\"widget\" data-e-type=\"widget\" data-widget_type=\"image.default\">\n\t\t\t\t<div class=\"elementor-widget-container\">\n\t\t\t\t\t\t\t\t\t\t\t\t\t\t\t<img decoding=\"async\" src=\"https:\/\/lencois.com.br\/wp-content\/uploads\/2026\/02\/Lencois-Vida-Noturna.jpg\" title=\"Lencois Vida Noturna\" alt=\"Lencois Vida Noturna\" loading=\"lazy\" \/>\t\t\t\t\t\t\t\t\t\t\t\t\t\t\t<\/div>\n\t\t\t\t<\/div>\n\t\t\t\t<div class=\"elementor-element elementor-element-38121b7 elementor-widget elementor-widget-image\" data-id=\"38121b7\" data-element_type=\"widget\" data-e-type=\"widget\" data-widget_type=\"image.default\">\n\t\t\t\t<div class=\"elementor-widget-container\">\n\t\t\t\t\t\t\t\t\t\t\t\t\t\t\t<img fetchpriority=\"high\" decoding=\"async\" width=\"522\" height=\"346\" src=\"https:\/\/lencois.com.br\/wp-content\/uploads\/2026\/02\/Lencois-Antigas-Igreja-do-Sr-dos-Passos.jpg\" class=\"attachment-large size-large wp-image-2413\" alt=\"\" srcset=\"https:\/\/lencois.com.br\/wp-content\/uploads\/2026\/02\/Lencois-Antigas-Igreja-do-Sr-dos-Passos.jpg 522w, https:\/\/lencois.com.br\/wp-content\/uploads\/2026\/02\/Lencois-Antigas-Igreja-do-Sr-dos-Passos-300x199.jpg 300w\" sizes=\"(max-width: 522px) 100vw, 522px\" \/>\t\t\t\t\t\t\t\t\t\t\t\t\t\t\t<\/div>\n\t\t\t\t<\/div>\n\t\t\t\t<div class=\"elementor-element elementor-element-0c55a33 elementor-widget elementor-widget-image\" data-id=\"0c55a33\" data-element_type=\"widget\" data-e-type=\"widget\" data-widget_type=\"image.default\">\n\t\t\t\t<div class=\"elementor-widget-container\">\n\t\t\t\t\t\t\t\t\t\t\t\t\t\t\t<img decoding=\"async\" width=\"800\" height=\"450\" src=\"https:\/\/lencois.com.br\/wp-content\/uploads\/2026\/02\/Lencois-Bahia-Chapada-Diamantina-1-1024x576.jpg\" class=\"attachment-large size-large wp-image-2495\" alt=\"\" srcset=\"https:\/\/lencois.com.br\/wp-content\/uploads\/2026\/02\/Lencois-Bahia-Chapada-Diamantina-1-1024x576.jpg 1024w, https:\/\/lencois.com.br\/wp-content\/uploads\/2026\/02\/Lencois-Bahia-Chapada-Diamantina-1-300x169.jpg 300w, https:\/\/lencois.com.br\/wp-content\/uploads\/2026\/02\/Lencois-Bahia-Chapada-Diamantina-1-768x432.jpg 768w, https:\/\/lencois.com.br\/wp-content\/uploads\/2026\/02\/Lencois-Bahia-Chapada-Diamantina-1-1536x864.jpg 1536w, https:\/\/lencois.com.br\/wp-content\/uploads\/2026\/02\/Lencois-Bahia-Chapada-Diamantina-1.jpg 1920w\" sizes=\"(max-width: 800px) 100vw, 800px\" \/>\t\t\t\t\t\t\t\t\t\t\t\t\t\t\t<\/div>\n\t\t\t\t<\/div>\n\t\t\t\t\t<\/div>\n\t\t\t\t<\/div>\n\t\t<div class=\"elementor-element elementor-element-6d67ed4 e-con-full e-flex e-con e-parent\" data-id=\"6d67ed4\" data-element_type=\"container\" data-e-type=\"container\">\n\t\t\t\t<\/div>\n\t\t<div class=\"elementor-element elementor-element-af5c54e e-flex e-con-boxed e-con e-parent\" data-id=\"af5c54e\" data-element_type=\"container\" data-e-type=\"container\">\n\t\t\t\t\t<div class=\"e-con-inner\">\n\t\t\t\t\t<\/div>\n\t\t\t\t<\/div>\n\t\t\t\t<\/div>\n\t\t","protected":false},"excerpt":{"rendered":"<p>Len\u00e7\u00f3is, no cora\u00e7\u00e3o da Chapada Diamantina, \u00e9 um dos destinos mais singulares da Bahia, um lugar onde natureza, hist\u00f3ria e vida cotidiana convivem em equil\u00edbrio. Com suas ruas de pedra, casinhas coloridas e um ritmo tranquilo, a cidade preserva uma atmosfera acolhedora que convida o visitante a desacelerar, observar e se conectar com o entorno. [&hellip;]<\/p>\n","protected":false},"author":1,"featured_media":3422,"comment_status":"closed","ping_status":"closed","sticky":false,"template":"","format":"standard","meta":{"footnotes":""},"categories":[12],"tags":[16,11,15],"class_list":["post-1828","post","type-post","status-publish","format-standard","has-post-thumbnail","hentry","category-viva-lencois","tag-bahia","tag-chapada-diamantina","tag-lencois"],"_links":{"self":[{"href":"https:\/\/lencois.com.br\/es\/wp-json\/wp\/v2\/posts\/1828","targetHints":{"allow":["GET"]}}],"collection":[{"href":"https:\/\/lencois.com.br\/es\/wp-json\/wp\/v2\/posts"}],"about":[{"href":"https:\/\/lencois.com.br\/es\/wp-json\/wp\/v2\/types\/post"}],"author":[{"embeddable":true,"href":"https:\/\/lencois.com.br\/es\/wp-json\/wp\/v2\/users\/1"}],"replies":[{"embeddable":true,"href":"https:\/\/lencois.com.br\/es\/wp-json\/wp\/v2\/comments?post=1828"}],"version-history":[{"count":13,"href":"https:\/\/lencois.com.br\/es\/wp-json\/wp\/v2\/posts\/1828\/revisions"}],"predecessor-version":[{"id":4119,"href":"https:\/\/lencois.com.br\/es\/wp-json\/wp\/v2\/posts\/1828\/revisions\/4119"}],"wp:featuredmedia":[{"embeddable":true,"href":"https:\/\/lencois.com.br\/es\/wp-json\/wp\/v2\/media\/3422"}],"wp:attachment":[{"href":"https:\/\/lencois.com.br\/es\/wp-json\/wp\/v2\/media?parent=1828"}],"wp:term":[{"taxonomy":"category","embeddable":true,"href":"https:\/\/lencois.com.br\/es\/wp-json\/wp\/v2\/categories?post=1828"},{"taxonomy":"post_tag","embeddable":true,"href":"https:\/\/lencois.com.br\/es\/wp-json\/wp\/v2\/tags?post=1828"}],"curies":[{"name":"wp","href":"https:\/\/api.w.org\/{rel}","templated":true}]}}