{"id":2831,"date":"2026-02-24T18:49:20","date_gmt":"2026-02-24T21:49:20","guid":{"rendered":"https:\/\/cantoaguas.beeweb.net.br\/?p=2831"},"modified":"2026-03-18T21:11:04","modified_gmt":"2026-03-19T00:11:04","slug":"sendero-hasta-el-terreiro-de-jare-cuando-la-meseta-deja-de-ser-paisaje-y-se-convierte-en-rito","status":"publish","type":"post","link":"https:\/\/lencois.com.br\/es\/trilha-ate-o-terreiro-de-jare-quando-a-chapada-deixa-de-ser-paisagem-e-vira-rito\/","title":{"rendered":"Camino a la Caba\u00f1a de Jar\u00ea: cuando la Chapada deja de ser paisaje y se convierte en rito"},"content":{"rendered":"<div data-elementor-type=\"wp-post\" data-elementor-id=\"2831\" class=\"elementor elementor-2831\" data-elementor-post-type=\"post\">\n\t\t\t\t<div class=\"elementor-element elementor-element-e9c0d3f e-flex e-con-boxed e-con e-parent\" data-id=\"e9c0d3f\" data-element_type=\"container\" data-e-type=\"container\">\n\t\t\t\t\t<div class=\"e-con-inner\">\n\t\t\t\t<div class=\"elementor-element elementor-element-cc16193 elementor-widget elementor-widget-text-editor\" data-id=\"cc16193\" data-element_type=\"widget\" data-e-type=\"widget\" data-widget_type=\"text-editor.default\">\n\t\t\t\t<div class=\"elementor-widget-container\">\n\t\t\t\t\t\t\t\t\t<p class=\"p1\">Algunos senderos llevan a miradores. Otros llevan a cascadas.<\/p><p class=\"p1\">Pero existe una, en Len\u00e7\u00f3is, que lleva a un templo ancestral.<\/p><p class=\"p1\">La caminata a la Terreiro de Jar\u00ea no es solo una ruta de 10 kil\u00f3metros por el Parque Nacional de la Chapada Diamantina. Es una traves\u00eda cultural, espiritual e hist\u00f3rica, de esas que permanecen en el cuerpo incluso despu\u00e9s de que el viaje termina.<\/p>\t\t\t\t\t\t\t\t<\/div>\n\t\t\t\t<\/div>\n\t\t\t\t<div class=\"elementor-element elementor-element-5338853 elementor-blockquote--skin-quotation elementor-blockquote--align-center elementor-widget elementor-widget-blockquote\" data-id=\"5338853\" data-element_type=\"widget\" data-e-type=\"widget\" data-widget_type=\"blockquote.default\">\n\t\t\t\t<div class=\"elementor-widget-container\">\n\t\t\t\t\t\t\t<blockquote class=\"elementor-blockquote\">\r\n\t\t\t<p class=\"elementor-blockquote__content\">\r\n\t\t\t\tHay experiencias que no se visitan. Ellas nos atraviesan.\t\t\t<\/p>\r\n\t\t\t\t\t\t\t<div class=\"e-q-footer\">\r\n\t\t\t\t\t\t\t\t\t\t\t<cite class=\"elementor-blockquote__author\">Jonga<\/cite>\r\n\t\t\t\t\t\t\t\t\t\t\t\t\t\t<\/div>\r\n\t\t\t\t\t<\/blockquote>\r\n\t\t\t\t\t\t<\/div>\n\t\t\t\t<\/div>\n\t\t\t\t<div class=\"elementor-element elementor-element-9bcc2c3 elementor-widget elementor-widget-text-editor\" data-id=\"9bcc2c3\" data-element_type=\"widget\" data-e-type=\"widget\" data-widget_type=\"text-editor.default\">\n\t\t\t\t<div class=\"elementor-widget-container\">\n\t\t\t\t\t\t\t\t\t<p class=\"p1\">Para quienes buscan m\u00e1s que aventura \u2014 para quienes viajan en busca de significado \u2014 esta es una de las experiencias m\u00e1s profundas que la Chapada puede ofrecer.<\/p>\t\t\t\t\t\t\t\t<\/div>\n\t\t\t\t<\/div>\n\t\t\t\t<div class=\"elementor-element elementor-element-ff86984 elementor-widget elementor-widget-heading\" data-id=\"ff86984\" data-element_type=\"widget\" data-e-type=\"widget\" data-widget_type=\"heading.default\">\n\t\t\t\t<div class=\"elementor-widget-container\">\n\t\t\t\t\t<h2 class=\"elementor-heading-title elementor-size-default\">El comienzo: dejando la ciudad atr\u00e1s<\/h2>\t\t\t\t<\/div>\n\t\t\t\t<\/div>\n\t\t\t\t<div class=\"elementor-element elementor-element-8623ff5 elementor-widget elementor-widget-text-editor\" data-id=\"8623ff5\" data-element_type=\"widget\" data-e-type=\"widget\" data-widget_type=\"text-editor.default\">\n\t\t\t\t<div class=\"elementor-widget-container\">\n\t\t\t\t\t\t\t\t\t<p class=\"p1\">El sendero comienza todav\u00eda en Len\u00e7\u00f3is, siguiendo por las orillas del r\u00edo S\u00e3o Jos\u00e9. Al principio, el paisaje est\u00e1 ligeramente habitado: peque\u00f1os huertos, agricultura familiar, lugare\u00f1os que mantienen viva la cultura diamantina.<\/p><p class=\"p1\">Poco a poco, el sendero se estrecha.<br \/>El mata cierra.<br \/>El silencio crece.<\/p><p class=\"p1\">Monos aparecen entre las copas de los \u00e1rboles. Mariposas cruzan el camino. El sonido del agua acompa\u00f1a cada paso.<\/p><p class=\"p1\">Despu\u00e9s de unos 10 kil\u00f3metros, se llega a la divisi\u00f3n del Parque Nacional de la Chapada Diamantina, en el r\u00edo Manda\u00e7aia. All\u00ed, un pozo de aguas claras invita a una pausa. Un chapuz\u00f3n. Un respiro.<\/p><p class=\"p1\"><strong>Y entonces, la traves\u00eda.<\/strong><\/p>\t\t\t\t\t\t\t\t<\/div>\n\t\t\t\t<\/div>\n\t\t\t\t<div class=\"elementor-element elementor-element-51bd128 elementor-widget elementor-widget-heading\" data-id=\"51bd128\" data-element_type=\"widget\" data-e-type=\"widget\" data-widget_type=\"heading.default\">\n\t\t\t\t<div class=\"elementor-widget-container\">\n\t\t\t\t\t<h2 class=\"elementor-heading-title elementor-size-default\">El encuentro: Terreiro Peri da Pedra Branca de Ox\u00f3ssi<\/h2>\t\t\t\t<\/div>\n\t\t\t\t<\/div>\n\t\t\t\t<div class=\"elementor-element elementor-element-a8fdd28 elementor-widget elementor-widget-text-editor\" data-id=\"a8fdd28\" data-element_type=\"widget\" data-e-type=\"widget\" data-widget_type=\"text-editor.default\">\n\t\t\t\t<div class=\"elementor-widget-container\">\n\t\t\t\t\t\t\t\t\t<p class=\"p1\">Al cruzar el r\u00edo, el paisaje cambia de nuevo.<\/p><p class=\"p1\">Ante el camino, surge el Terreiro de Jar\u00ea \u2014 vertiente religiosa afro-diamantina, propia de la regi\u00f3n de la Chapada. No es solo un templo. Es un territorio sagrado que se remonta a los tiempos de la explotaci\u00f3n de diamantes.<\/p><p class=\"p1\">El suelo es tierra apisonada.<br \/>Y as\u00ed debe ser.<\/p><p class=\"p1\">Ali, los pies tocan el suelo. El contacto con la tierra es parte del rito.<\/p><p class=\"p1\">Al fondo, la imponente Piedra Blanca de Ox\u00f3ssi \u2014 una pared natural de unos 70 a 80 metros de roca clara \u2014 da nombre al espacio y sustenta la atm\u00f3sfera de reverencia.<\/p><p class=\"p1\">El Terreiro Peri da Pedra Branca de Ox\u00f3ssi mantiene viva una tradici\u00f3n transmitida entre generaciones. El actual pai de santo dirige las celebraciones como su padre hizo antes que \u00e9l, preservando una l\u00ednea espiritual que atraviesa d\u00e9cadas.<\/p>\t\t\t\t\t\t\t\t<\/div>\n\t\t\t\t<\/div>\n\t\t\t\t<div class=\"elementor-element elementor-element-6f1d8df elementor-widget elementor-widget-image\" data-id=\"6f1d8df\" data-element_type=\"widget\" data-e-type=\"widget\" data-widget_type=\"image.default\">\n\t\t\t\t<div class=\"elementor-widget-container\">\n\t\t\t\t\t\t\t\t\t\t\t\t\t\t\t<img fetchpriority=\"high\" decoding=\"async\" width=\"800\" height=\"450\" src=\"https:\/\/lencois.com.br\/wp-content\/uploads\/2026\/02\/Festa-de-Jare-no-Terreiro-Peji-da-Pedra-Branca-de-Oxossi-1-1024x576.jpg\" class=\"attachment-large size-large wp-image-2862\" alt=\"\" srcset=\"https:\/\/lencois.com.br\/wp-content\/uploads\/2026\/02\/Festa-de-Jare-no-Terreiro-Peji-da-Pedra-Branca-de-Oxossi-1-1024x576.jpg 1024w, https:\/\/lencois.com.br\/wp-content\/uploads\/2026\/02\/Festa-de-Jare-no-Terreiro-Peji-da-Pedra-Branca-de-Oxossi-1-300x169.jpg 300w, https:\/\/lencois.com.br\/wp-content\/uploads\/2026\/02\/Festa-de-Jare-no-Terreiro-Peji-da-Pedra-Branca-de-Oxossi-1-768x432.jpg 768w, https:\/\/lencois.com.br\/wp-content\/uploads\/2026\/02\/Festa-de-Jare-no-Terreiro-Peji-da-Pedra-Branca-de-Oxossi-1-1536x864.jpg 1536w, https:\/\/lencois.com.br\/wp-content\/uploads\/2026\/02\/Festa-de-Jare-no-Terreiro-Peji-da-Pedra-Branca-de-Oxossi-1.jpg 1920w\" sizes=\"(max-width: 800px) 100vw, 800px\" \/>\t\t\t\t\t\t\t\t\t\t\t\t\t\t\t<\/div>\n\t\t\t\t<\/div>\n\t\t\t\t\t<\/div>\n\t\t\t\t<\/div>\n\t\t<div class=\"elementor-element elementor-element-e431a16 e-flex e-con-boxed e-con e-parent\" data-id=\"e431a16\" data-element_type=\"container\" data-e-type=\"container\">\n\t\t\t\t\t<div class=\"e-con-inner\">\n\t\t\t\t<div class=\"elementor-element elementor-element-38a5256 elementor-widget elementor-widget-heading\" data-id=\"38a5256\" data-element_type=\"widget\" data-e-type=\"widget\" data-widget_type=\"heading.default\">\n\t\t\t\t<div class=\"elementor-widget-container\">\n\t\t\t\t\t<h2 class=\"elementor-heading-title elementor-size-default\">La fiesta: colores, cantos y luna llena<\/h2>\t\t\t\t<\/div>\n\t\t\t\t<\/div>\n\t\t\t\t\t<\/div>\n\t\t\t\t<\/div>\n\t\t<div class=\"elementor-element elementor-element-4510409 e-flex e-con-boxed e-con e-parent\" data-id=\"4510409\" data-element_type=\"container\" data-e-type=\"container\">\n\t\t\t\t\t<div class=\"e-con-inner\">\n\t\t\t\t<div class=\"elementor-element elementor-element-6028f7a elementor-widget elementor-widget-text-editor\" data-id=\"6028f7a\" data-element_type=\"widget\" data-e-type=\"widget\" data-widget_type=\"text-editor.default\">\n\t\t\t\t<div class=\"elementor-widget-container\">\n\t\t\t\t\t\t\t\t\t<p class=\"p1\">Cuando hay celebraci\u00f3n, el terreiro se transforma.<\/p><p class=\"p1\">Las luces adoptan los colores de los orix\u00e1s homenajeados. El altar cobra protagonismo. Los cantos resuenan por la selva. Padres peque\u00f1os, madres peque\u00f1as e iniciados participan del rito con alegr\u00eda vibrante.<\/p><p class=\"p1\">No es espect\u00e1culo.<\/p><p class=\"p1\">Es experiencia.<\/p><p class=\"p1\">Y entonces, entrada la madrugada, despu\u00e9s de horas de celebraci\u00f3n, llega uno de los momentos m\u00e1s impactantes de la experiencia: el ba\u00f1o en el r\u00edo bajo la luna llena.<\/p><p class=\"p1\">Agua fr\u00eda.<br \/>Silencio nocturno.<br \/>Luz plateada reflejando en la corrienteza.<\/p>\t\t\t\t\t\t\t\t<\/div>\n\t\t\t\t<\/div>\n\t\t\t\t\t<\/div>\n\t\t\t\t<\/div>\n\t\t<div class=\"elementor-element elementor-element-d425061 e-flex e-con-boxed e-con e-parent\" data-id=\"d425061\" data-element_type=\"container\" data-e-type=\"container\">\n\t\t\t\t\t<div class=\"e-con-inner\">\n\t\t\t\t<div class=\"elementor-element elementor-element-64b5695 elementor-blockquote--skin-quotation elementor-blockquote--align-center elementor-widget elementor-widget-blockquote\" data-id=\"64b5695\" data-element_type=\"widget\" data-e-type=\"widget\" data-widget_type=\"blockquote.default\">\n\t\t\t\t<div class=\"elementor-widget-container\">\n\t\t\t\t\t\t\t<blockquote class=\"elementor-blockquote\">\r\n\t\t\t<p class=\"elementor-blockquote__content\">\r\n\t\t\t\tLa Chapada de noche no es oscura. Es luminosa.\t\t\t<\/p>\r\n\t\t\t\t\t\t\t<div class=\"e-q-footer\">\r\n\t\t\t\t\t\t\t\t\t\t\t<cite class=\"elementor-blockquote__author\">Jonga<\/cite>\r\n\t\t\t\t\t\t\t\t\t\t\t\t\t\t<\/div>\r\n\t\t\t\t\t<\/blockquote>\r\n\t\t\t\t\t\t<\/div>\n\t\t\t\t<\/div>\n\t\t\t\t\t<\/div>\n\t\t\t\t<\/div>\n\t\t<div class=\"elementor-element elementor-element-569a7c6 e-flex e-con-boxed e-con e-parent\" data-id=\"569a7c6\" data-element_type=\"container\" data-e-type=\"container\">\n\t\t\t\t\t<div class=\"e-con-inner\">\n\t\t\t\t<div class=\"elementor-element elementor-element-72757c0 elementor-widget elementor-widget-text-editor\" data-id=\"72757c0\" data-element_type=\"widget\" data-e-type=\"widget\" data-widget_type=\"text-editor.default\">\n\t\t\t\t<div class=\"elementor-widget-container\">\n\t\t\t\t\t\t\t\t\t<p class=\"p1\">El regreso ocurre caminando de nuevo por el sendero \u2014 alrededor de una hora y media hasta Len\u00e7\u00f3is. Luci\u00e9rnagas iluminan el camino. El cuerpo est\u00e1 cansado. La mente, despierta.<\/p>\t\t\t\t\t\t\t\t<\/div>\n\t\t\t\t<\/div>\n\t\t\t\t\t<\/div>\n\t\t\t\t<\/div>\n\t\t<div class=\"elementor-element elementor-element-da20d62 e-flex e-con-boxed e-con e-parent\" data-id=\"da20d62\" data-element_type=\"container\" data-e-type=\"container\">\n\t\t\t\t\t<div class=\"e-con-inner\">\n\t\t<div class=\"elementor-element elementor-element-68328d4 e-con-full e-flex e-con e-child\" data-id=\"68328d4\" data-element_type=\"container\" data-e-type=\"container\">\n\t\t\t\t<div class=\"elementor-element elementor-element-61836a1 elementor-widget elementor-widget-heading\" data-id=\"61836a1\" data-element_type=\"widget\" data-e-type=\"widget\" data-widget_type=\"heading.default\">\n\t\t\t\t<div class=\"elementor-widget-container\">\n\t\t\t\t\t<h2 class=\"elementor-heading-title elementor-size-default\">\u00bfPor qu\u00e9 este camino transforma?<\/h2>\t\t\t\t<\/div>\n\t\t\t\t<\/div>\n\t\t\t\t<div class=\"elementor-element elementor-element-0d5aae9 elementor-widget elementor-widget-text-editor\" data-id=\"0d5aae9\" data-element_type=\"widget\" data-e-type=\"widget\" data-widget_type=\"text-editor.default\">\n\t\t\t\t<div class=\"elementor-widget-container\">\n\t\t\t\t\t\t\t\t\t<p class=\"p1\">Porque ella re\u00fane tres capas raras en una misma experiencia:<\/p><ol start=\"1\"><li><p class=\"p1\">Naturaleza preservada<\/p><\/li><li><p class=\"p1\">Historia afro-diamantina viva<\/p><\/li><li><p class=\"p1\">Ritualidad aut\u00e9ntica<\/p><\/li><\/ol><p class=\"p1\">No es turismo religioso.<\/p><p class=\"p1\">No es solo ecoturismo.<\/p><p class=\"p1\">Es un encuentro cultural.<\/p><p class=\"p1\">Para viajeros mayores de 35 a\u00f1os, habituados a experiencias internacionales y atentos a la autenticidad de los destinos, esta vivencia revela un Brasil profundo \u2014lejos del folclore superficial y cerca de la ra\u00edz.<\/p>\t\t\t\t\t\t\t\t<\/div>\n\t\t\t\t<\/div>\n\t\t\t\t<\/div>\n\t\t<div class=\"elementor-element elementor-element-d595fed e-con-full e-flex e-con e-child\" data-id=\"d595fed\" data-element_type=\"container\" data-e-type=\"container\" data-settings=\"{&quot;background_background&quot;:&quot;classic&quot;}\">\n\t\t\t\t<div class=\"elementor-element elementor-element-4294c3e elementor-widget elementor-widget-image\" data-id=\"4294c3e\" data-element_type=\"widget\" data-e-type=\"widget\" data-widget_type=\"image.default\">\n\t\t\t\t<div class=\"elementor-widget-container\">\n\t\t\t\t\t\t\t\t\t\t\t\t\t\t\t<img decoding=\"async\" width=\"800\" height=\"450\" src=\"https:\/\/lencois.com.br\/wp-content\/uploads\/2026\/02\/Pai-Damare-Jare-1-1024x576.jpg\" class=\"attachment-large size-large wp-image-2861\" alt=\"\" srcset=\"https:\/\/lencois.com.br\/wp-content\/uploads\/2026\/02\/Pai-Damare-Jare-1-1024x576.jpg 1024w, https:\/\/lencois.com.br\/wp-content\/uploads\/2026\/02\/Pai-Damare-Jare-1-300x169.jpg 300w, https:\/\/lencois.com.br\/wp-content\/uploads\/2026\/02\/Pai-Damare-Jare-1-768x432.jpg 768w, https:\/\/lencois.com.br\/wp-content\/uploads\/2026\/02\/Pai-Damare-Jare-1-1536x864.jpg 1536w, https:\/\/lencois.com.br\/wp-content\/uploads\/2026\/02\/Pai-Damare-Jare-1.jpg 1920w\" sizes=\"(max-width: 800px) 100vw, 800px\" \/>\t\t\t\t\t\t\t\t\t\t\t\t\t\t\t<\/div>\n\t\t\t\t<\/div>\n\t\t\t\t<\/div>\n\t\t\t\t\t<\/div>\n\t\t\t\t<\/div>\n\t\t<div class=\"elementor-element elementor-element-deecd4d e-flex e-con-boxed e-con e-parent\" data-id=\"deecd4d\" data-element_type=\"container\" data-e-type=\"container\">\n\t\t\t\t\t<div class=\"e-con-inner\">\n\t\t\t\t<div class=\"elementor-element elementor-element-7b81a4c elementor-widget elementor-widget-heading\" data-id=\"7b81a4c\" data-element_type=\"widget\" data-e-type=\"widget\" data-widget_type=\"heading.default\">\n\t\t\t\t<div class=\"elementor-widget-container\">\n\t\t\t\t\t<h2 class=\"elementor-heading-title elementor-size-default\">Cultura, respeto y preparaci\u00f3n<\/h2>\t\t\t\t<\/div>\n\t\t\t\t<\/div>\n\t\t\t\t\t<\/div>\n\t\t\t\t<\/div>\n\t\t<div class=\"elementor-element elementor-element-48b8288 e-flex e-con-boxed e-con e-parent\" data-id=\"48b8288\" data-element_type=\"container\" data-e-type=\"container\">\n\t\t\t\t\t<div class=\"e-con-inner\">\n\t\t\t\t<div class=\"elementor-element elementor-element-0737118 elementor-widget elementor-widget-text-editor\" data-id=\"0737118\" data-element_type=\"widget\" data-e-type=\"widget\" data-widget_type=\"text-editor.default\">\n\t\t\t\t<div class=\"elementor-widget-container\">\n\t\t\t\t\t\t\t\t\t<p class=\"p1\">Visitar el Terreiro de Jar\u00ea exige respeto. Se trata de un espacio sagrado. Es fundamental:<\/p><ul><li><p class=\"p1\">Ir acompa\u00f1ado por gu\u00edas locales experimentados<\/p><\/li><li><p class=\"p1\">Comprender el significado cultural de la experiencia<\/p><\/li><li><p class=\"p1\">Participar con postura de observador respetuoso<\/p><\/li><\/ul><p class=\"p1\">El sendero, a pesar de ser accesible para quienes tienen una condici\u00f3n f\u00edsica moderada, exige planificaci\u00f3n \u2014 especialmente si la propuesta incluye la vivencia nocturna y el regreso bajo la luna.<\/p>\t\t\t\t\t\t\t\t<\/div>\n\t\t\t\t<\/div>\n\t\t\t\t<div class=\"elementor-element elementor-element-8602949 elementor-widget elementor-widget-heading\" data-id=\"8602949\" data-element_type=\"widget\" data-e-type=\"widget\" data-widget_type=\"heading.default\">\n\t\t\t\t<div class=\"elementor-widget-container\">\n\t\t\t\t\t<h2 class=\"elementor-heading-title elementor-size-default\">D\u00f3nde esta experiencia comienza de verdad<\/h2>\t\t\t\t<\/div>\n\t\t\t\t<\/div>\n\t\t\t\t<div class=\"elementor-element elementor-element-cb12836 elementor-widget elementor-widget-text-editor\" data-id=\"cb12836\" data-element_type=\"widget\" data-e-type=\"widget\" data-widget_type=\"text-editor.default\">\n\t\t\t\t<div class=\"elementor-widget-container\">\n\t\t\t\t\t\t\t\t\t<p class=\"p1\">Aunque el sendero comience f\u00edsicamente en Len\u00e7\u00f3is, la experiencia empieza antes: en la elecci\u00f3n de hospedarse en un lugar que comprende el territorio.<\/p><p class=\"p1\">A <span class=\"s1\"><b>Pousada Canto de las Aguas<\/b><\/span> nace exactamente de esta armon\u00eda entre arte, naturaleza y cultura local. A orillas del r\u00edo, con arquitectura afectiva y compromiso sostenible, el hotel funciona como extensi\u00f3n sensible de lo que se vive en la ruta.<\/p><p class=\"p1\">Aqu\u00ed, el sonido de las correderas no es detalle.<\/p><p class=\"p1\">Es parte del estado de \u00e1nimo.<\/p><p class=\"p1\">Despu\u00e9s de una experiencia intensa como la caminata al Terreiro de Jar\u00ea, regresar a un espacio de encanto, gastronom\u00eda refinada y atm\u00f3sfera contemplativa no es un lujo, es continuidad.<\/p>\t\t\t\t\t\t\t\t<\/div>\n\t\t\t\t<\/div>\n\t\t\t\t<div class=\"elementor-element elementor-element-141f8db elementor-widget elementor-widget-heading\" data-id=\"141f8db\" data-element_type=\"widget\" data-e-type=\"widget\" data-widget_type=\"heading.default\">\n\t\t\t\t<div class=\"elementor-widget-container\">\n\t\t\t\t\t<h2 class=\"elementor-heading-title elementor-size-default\">La Chapada m\u00e1s all\u00e1 de las fotos<\/h2>\t\t\t\t<\/div>\n\t\t\t\t<\/div>\n\t\t\t\t<div class=\"elementor-element elementor-element-11a1922 elementor-widget elementor-widget-text-editor\" data-id=\"11a1922\" data-element_type=\"widget\" data-e-type=\"widget\" data-widget_type=\"text-editor.default\">\n\t\t\t\t<div class=\"elementor-widget-container\">\n\t\t\t\t\t\t\t\t\t<p class=\"p1\">En la era del Clic Cero, donde las respuestas r\u00e1pidas circulan fuera de los sitios web, vale la pena registrar lo esencial:<\/p><ul><li><p class=\"p1\">El sendero tiene unos 10 km desde Len\u00e7\u00f3is.<\/p><\/li><li><p class=\"p1\">Pasa por el R\u00edo S\u00e3o Jos\u00e9 y por el R\u00edo Manda\u00e7aia.<\/p><\/li><li><p class=\"p1\">Lleva al Terreiro Peri de Piedra Blanca de Ox\u00f3ssi.<\/p><\/li><li><p class=\"p1\">Envolver naturaleza preservada y tradici\u00f3n afro-diamantina.<\/p><\/li><li><p class=\"p1\">Puede incluir celebraciones nocturnas y regreso bajo luna llena.<\/p><\/li><\/ul><p class=\"p1\">Pero ninguna de esta informaci\u00f3n, por s\u00ed sola, explica lo que se siente all\u00ed.<\/p><p class=\"p1\">Porque la Chapada Diamantina no se reduce a puntos tur\u00edsticos.<\/p><p class=\"p1\">Ella es territorio.<br \/>Es memoria.<br \/>Es rito.<br \/>Y algunas experiencias no piden solo visita.<\/p><p class=\"p1\"><strong>Quiero entrega.<\/strong><\/p>\t\t\t\t\t\t\t\t<\/div>\n\t\t\t\t<\/div>\n\t\t\t\t\t<\/div>\n\t\t\t\t<\/div>\n\t\t\t\t<\/div>","protected":false},"excerpt":{"rendered":"<p>Descubra el sendero hacia el Terreiro de Jar\u00ea, en Len\u00e7\u00f3is (BA): 10 km de caminata por el Parque Nacional de la Chapada Diamantina hasta uno de los espacios sagrados m\u00e1s simb\u00f3licos de la cultura afro-diamantina.<\/p>","protected":false},"author":8,"featured_media":2832,"comment_status":"closed","ping_status":"closed","sticky":false,"template":"","format":"standard","meta":{"footnotes":""},"categories":[7],"tags":[17,19,20,18],"class_list":["post-2831","post","type-post","status-publish","format-standard","has-post-thumbnail","hentry","category-experiencias","tag-candomble","tag-festa-da-boa-morte","tag-finados","tag-jare"],"_links":{"self":[{"href":"https:\/\/lencois.com.br\/es\/wp-json\/wp\/v2\/posts\/2831","targetHints":{"allow":["GET"]}}],"collection":[{"href":"https:\/\/lencois.com.br\/es\/wp-json\/wp\/v2\/posts"}],"about":[{"href":"https:\/\/lencois.com.br\/es\/wp-json\/wp\/v2\/types\/post"}],"author":[{"embeddable":true,"href":"https:\/\/lencois.com.br\/es\/wp-json\/wp\/v2\/users\/8"}],"replies":[{"embeddable":true,"href":"https:\/\/lencois.com.br\/es\/wp-json\/wp\/v2\/comments?post=2831"}],"version-history":[{"count":23,"href":"https:\/\/lencois.com.br\/es\/wp-json\/wp\/v2\/posts\/2831\/revisions"}],"predecessor-version":[{"id":4121,"href":"https:\/\/lencois.com.br\/es\/wp-json\/wp\/v2\/posts\/2831\/revisions\/4121"}],"wp:featuredmedia":[{"embeddable":true,"href":"https:\/\/lencois.com.br\/es\/wp-json\/wp\/v2\/media\/2832"}],"wp:attachment":[{"href":"https:\/\/lencois.com.br\/es\/wp-json\/wp\/v2\/media?parent=2831"}],"wp:term":[{"taxonomy":"category","embeddable":true,"href":"https:\/\/lencois.com.br\/es\/wp-json\/wp\/v2\/categories?post=2831"},{"taxonomy":"post_tag","embeddable":true,"href":"https:\/\/lencois.com.br\/es\/wp-json\/wp\/v2\/tags?post=2831"}],"curies":[{"name":"wp","href":"https:\/\/api.w.org\/{rel}","templated":true}]}}