{"id":4099,"date":"2026-03-18T19:58:06","date_gmt":"2026-03-18T22:58:06","guid":{"rendered":"https:\/\/lencois.com.br\/?p=4099"},"modified":"2026-03-18T21:08:57","modified_gmt":"2026-03-19T00:08:57","slug":"pequeno-azul-donde-la-luz-revela-la-profundidad-de-la-meseta","status":"publish","type":"post","link":"https:\/\/lencois.com.br\/es\/poco-azul-onde-a-luz-revela-a-profundidade-da-chapada\/","title":{"rendered":"Po\u00e7o Azul: Donde la Luz Revela la Profundidad de la Chapada"},"content":{"rendered":"<div data-elementor-type=\"wp-post\" data-elementor-id=\"4099\" class=\"elementor elementor-4099\" data-elementor-post-type=\"post\">\n\t\t\t\t<div class=\"elementor-element elementor-element-a341c0c e-flex e-con-boxed e-con e-parent\" data-id=\"a341c0c\" data-element_type=\"container\" data-e-type=\"container\">\n\t\t\t\t\t<div class=\"e-con-inner\">\n\t\t\t\t<div class=\"elementor-element elementor-element-a434c8e elementor-widget elementor-widget-video\" data-id=\"a434c8e\" data-element_type=\"widget\" data-e-type=\"widget\" data-settings=\"{&quot;youtube_url&quot;:&quot;https:\\\/\\\/youtu.be\\\/0y2onSoVEqE&quot;,&quot;video_type&quot;:&quot;youtube&quot;,&quot;controls&quot;:&quot;yes&quot;}\" data-widget_type=\"video.default\">\n\t\t\t\t<div class=\"elementor-widget-container\">\n\t\t\t\t\t\t\t<div class=\"elementor-wrapper elementor-open-inline\">\n\t\t\t<div class=\"elementor-video\"><\/div>\t\t<\/div>\n\t\t\t\t\t\t<\/div>\n\t\t\t\t<\/div>\n\t\t\t\t\t<\/div>\n\t\t\t\t<\/div>\n\t\t<div class=\"elementor-element elementor-element-0d440fa e-flex e-con-boxed e-con e-parent\" data-id=\"0d440fa\" data-element_type=\"container\" data-e-type=\"container\">\n\t\t\t\t\t<div class=\"e-con-inner\">\n\t\t\t\t<div class=\"elementor-element elementor-element-c7c885f elementor-widget elementor-widget-text-editor\" data-id=\"c7c885f\" data-element_type=\"widget\" data-e-type=\"widget\" data-widget_type=\"text-editor.default\">\n\t\t\t\t<div class=\"elementor-widget-container\">\n\t\t\t\t\t\t\t\t\t<p data-start=\"149\" data-end=\"540\">Po\u00e7o Azul es una de las experiencias naturales m\u00e1s impactantes de Chapada Diamantina, en Bah\u00eda, y uno de los paseos m\u00e1s memorables para quien visita Len\u00e7\u00f3is. Conocido por la absoluta transparencia de sus aguas y por el fen\u00f3meno \u00fanico de incidencia de la luz solar que ilumina la caverna en tonos intensos de azul, el lugar ofrece una vivencia inusual, donde naturaleza, silencio y contemplaci\u00f3n se encuentran.<\/p><p data-start=\"542\" data-end=\"996\">Ubicado a pocas horas de Len\u00e7\u00f3is, principal puerta de entrada al Parque Nacional de la Chapada Diamantina, el Po\u00e7o Azul se destaca por su belleza, y tambi\u00e9n por la forma en que se preserva. El acceso es cuidadosamente controlado, con un n\u00famero limitado de visitantes por d\u00eda, garantizando la protecci\u00f3n del ecosistema y una experiencia m\u00e1s tranquila, sin aglomeraciones. Esta organizaci\u00f3n refleja el compromiso de la regi\u00f3n con el turismo sustentable y responsable.<\/p><p data-start=\"998\" data-end=\"1419\">La experiencia dentro de la cueva es sencilla y a la vez sorprendente. Equipados con chalecos salvavidas, los visitantes se deslizan suavemente sobre el agua cristalina, observando el fondo del pozo con una claridad impresionante. En determinados momentos del d\u00eda, cuando la luz atraviesa la abertura de la cueva, el ambiente se transforma, revelando un azul profundo y casi irreal, que se ha convertido en s\u00edmbolo de la Chapada Diamantina.<\/p><p data-start=\"1421\" data-end=\"1885\">M\u00e1s que un atractivo aislado, el Pozo Azul forma parte de un territorio reconocido por su riqueza natural y por la forma consciente en que se maneja el turismo.<\/p><p data-start=\"1421\" data-end=\"1885\">La Chapada Diamantina es uno de los principales destinos de ecoturismo de Brasil, con paisajes que combinan ca\u00f1ones, r\u00edos de aguas puras, cascadas y una biodiversidad preservada. La valoraci\u00f3n de los gu\u00edas locales, el respeto a las \u00e1reas protegidas y la integraci\u00f3n con las comunidades son pilares de esta experiencia.<\/p><p data-start=\"1887\" data-end=\"2314\">Len\u00e7\u00f3is, ciudad base para explorar la regi\u00f3n, complementa esta vivencia de forma \u00fanica. Peque\u00f1a, segura y acogedora, puede ser explorada enteramente a pie. En solo unos cinco minutos de caminata a partir del centro hist\u00f3rico, ya es posible acceder a \u00e1reas del Parque Nacional, iniciando senderos que llevan a r\u00edos y formaciones naturales. Esta proximidad entre ciudad y naturaleza crea una conexi\u00f3n directa y continua con el ambiente.<\/p><p data-start=\"2316\" data-end=\"2632\">A diferencia de los destinos tur\u00edsticos masificados, Len\u00e7\u00f3is preserva una atm\u00f3sfera aut\u00e9ntica. No hay acoso comercial ni exceso de est\u00edmulos, solo sonrisas genuinas, personas siempre dispuestas a ayudar y un ritmo de vida que invita a la presencia. Es una joya rara, donde el visitante se siente bienvenido de forma natural.<\/p><p data-start=\"2634\" data-end=\"2968\">La estructura local permite que la experiencia sea completa, combinando naturaleza y confort. Restaurantes como el Cozinha Aberta, el Restaurante Lampi\u00e3o y el Restaurante Azul ofrecen interpretaciones contempor\u00e1neas de la culinaria regional.<\/p><p data-start=\"2970\" data-end=\"3176\">Para visitantes internacionales, el soporte de servicios como conserjer\u00eda franc\u00f3fona facilita la comunicaci\u00f3n y la creaci\u00f3n de itinerarios personalizados, garantizando a\u00fan m\u00e1s comodidad y seguridad durante la estad\u00eda.<\/p><p data-start=\"3178\" data-end=\"3421\" data-is-last-node=\"\" data-is-only-node=\"\">Visitar el Po\u00e7o Azul es m\u00e1s que conocer un lugar, es vivir un escenario donde la luz, el agua y el tiempo se encuentran de forma precisa. Una experiencia que traduce la esencia de la Chapada Diamantina: intensa, preservada y silenciosamente inolvidable.<\/p>\t\t\t\t\t\t\t\t<\/div>\n\t\t\t\t<\/div>\n\t\t\t\t\t<\/div>\n\t\t\t\t<\/div>\n\t\t\t\t<\/div>","protected":false},"excerpt":{"rendered":"<p>Po\u00e7o Azul \u00e9 uma das experi\u00eancias naturais mais impressionantes da Chapada Diamantina, na Bahia, e um dos passeios mais marcantes para quem visita Len\u00e7\u00f3is. Conhecido pela transpar\u00eancia absoluta de suas \u00e1guas e pelo fen\u00f4meno \u00fanico de incid\u00eancia da luz solar que ilumina a caverna em tons intensos de azul, o local oferece uma viv\u00eancia rara, [&hellip;]<\/p>\n","protected":false},"author":28,"featured_media":2567,"comment_status":"closed","ping_status":"closed","sticky":false,"template":"","format":"standard","meta":{"footnotes":""},"categories":[1],"tags":[14],"class_list":["post-4099","post","type-post","status-publish","format-standard","has-post-thumbnail","hentry","category-chapada-diamantina","tag-poco-azul"],"_links":{"self":[{"href":"https:\/\/lencois.com.br\/es\/wp-json\/wp\/v2\/posts\/4099","targetHints":{"allow":["GET"]}}],"collection":[{"href":"https:\/\/lencois.com.br\/es\/wp-json\/wp\/v2\/posts"}],"about":[{"href":"https:\/\/lencois.com.br\/es\/wp-json\/wp\/v2\/types\/post"}],"author":[{"embeddable":true,"href":"https:\/\/lencois.com.br\/es\/wp-json\/wp\/v2\/users\/28"}],"replies":[{"embeddable":true,"href":"https:\/\/lencois.com.br\/es\/wp-json\/wp\/v2\/comments?post=4099"}],"version-history":[{"count":4,"href":"https:\/\/lencois.com.br\/es\/wp-json\/wp\/v2\/posts\/4099\/revisions"}],"predecessor-version":[{"id":4103,"href":"https:\/\/lencois.com.br\/es\/wp-json\/wp\/v2\/posts\/4099\/revisions\/4103"}],"wp:featuredmedia":[{"embeddable":true,"href":"https:\/\/lencois.com.br\/es\/wp-json\/wp\/v2\/media\/2567"}],"wp:attachment":[{"href":"https:\/\/lencois.com.br\/es\/wp-json\/wp\/v2\/media?parent=4099"}],"wp:term":[{"taxonomy":"category","embeddable":true,"href":"https:\/\/lencois.com.br\/es\/wp-json\/wp\/v2\/categories?post=4099"},{"taxonomy":"post_tag","embeddable":true,"href":"https:\/\/lencois.com.br\/es\/wp-json\/wp\/v2\/tags?post=4099"}],"curies":[{"name":"wp","href":"https:\/\/api.w.org\/{rel}","templated":true}]}}