{"id":4245,"date":"2026-04-10T10:50:34","date_gmt":"2026-04-10T13:50:34","guid":{"rendered":"https:\/\/lencois.com.br\/?p=4245"},"modified":"2026-04-10T23:02:22","modified_gmt":"2026-04-11T02:02:22","slug":"lo-que-queda-cuando-el-fuego-pasa","status":"publish","type":"post","link":"https:\/\/lencois.com.br\/es\/o-que-permanece-quando-o-fogo-passa\/","title":{"rendered":"\u00bfQu\u00e9 queda cuando el fuego pasa?"},"content":{"rendered":"<div data-elementor-type=\"wp-post\" data-elementor-id=\"4245\" class=\"elementor elementor-4245\" data-elementor-post-type=\"post\">\n\t\t\t\t<div class=\"elementor-element elementor-element-f114992 e-flex e-con-boxed e-con e-parent\" data-id=\"f114992\" data-element_type=\"container\" data-e-type=\"container\">\n\t\t\t\t\t<div class=\"e-con-inner\">\n\t\t\t\t\t<\/div>\n\t\t\t\t<\/div>\n\t\t<div class=\"elementor-element elementor-element-180ce89 e-flex e-con-boxed e-con e-parent\" data-id=\"180ce89\" data-element_type=\"container\" data-e-type=\"container\">\n\t\t\t\t\t<div class=\"e-con-inner\">\n\t\t\t\t<div class=\"elementor-element elementor-element-92ae91d elementor-widget elementor-widget-text-editor\" data-id=\"92ae91d\" data-element_type=\"widget\" data-e-type=\"widget\" data-widget_type=\"text-editor.default\">\n\t\t\t\t<div class=\"elementor-widget-container\">\n\t\t\t\t\t\t\t\t\t<p><span style=\"caret-color: #000000; color: #000000; font-family: var( --e-global-typography-text-font-family ), Sans-serif; text-align: var(--text-align); font-size: 1rem;\">Hay momentos en que el paisaje cambia de forma abrupta. No como una transformaci\u00f3n lenta de la evoluci\u00f3n natural, sino como una ruptura. En la Chapada Diamantina, el fuego atraviesa el territorio as\u00ed. A veces esperado, otras veces no. La vegetaci\u00f3n se oscurece, el aire pierde densidad, los sonidos se alteran y el tiempo parece suspendido. Y, aun as\u00ed, algo permanece.<\/span><\/p><p style=\"caret-color: #000000; color: #000000;\" data-start=\"513\" data-end=\"797\">No es la primera vez que el fuego atraviesa estas sierras, pero ya no es el mismo fuego de antes. Los ciclos se han acortado, las estaciones han dejado de ofrecer referencias claras y la sequ\u00eda puede llegar r\u00e1pido y partir en la misma velocidad. Lo que antes era lectura del tiempo hoy es atenci\u00f3n continua.<\/p><p style=\"caret-color: #000000; color: #000000;\" data-start=\"799\" data-end=\"1231\">Fue en ese contexto que se form\u00f3 la Brigada Voluntaria de Len\u00e7\u00f3is. Al principio no hab\u00eda estructura, hab\u00eda presencia. Botellas reutilizadas, ramas verdes, desplazamientos largos y la decisi\u00f3n de no ignorar. Con el tiempo llegaron los equipos, la organizaci\u00f3n y la gesti\u00f3n cuidadosa de los recursos. Hoy hay m\u00e9todo, rendici\u00f3n de cuentas y preparaci\u00f3n, pero lo que sustenta todo esto sigue siendo menos visible.<\/p>\t\t\t\t\t\t\t\t<\/div>\n\t\t\t\t<\/div>\n\t\t\t\t\t<\/div>\n\t\t\t\t<\/div>\n\t\t<div class=\"elementor-element elementor-element-e0ae92d e-flex e-con-boxed e-con e-parent\" data-id=\"e0ae92d\" data-element_type=\"container\" data-e-type=\"container\">\n\t\t\t\t\t<div class=\"e-con-inner\">\n\t\t\t\t<div class=\"elementor-element elementor-element-b128edf elementor-widget elementor-widget-image\" data-id=\"b128edf\" data-element_type=\"widget\" data-e-type=\"widget\" data-widget_type=\"image.default\">\n\t\t\t\t<div class=\"elementor-widget-container\">\n\t\t\t\t\t\t\t\t\t\t\t\t\t\t\t<img fetchpriority=\"high\" decoding=\"async\" width=\"800\" height=\"341\" src=\"https:\/\/lencois.com.br\/wp-content\/uploads\/2026\/04\/Brigada-de-Incendio-Chapada-Diamantina-00.jpg\" class=\"attachment-large size-large wp-image-4258\" alt=\"\" srcset=\"https:\/\/lencois.com.br\/wp-content\/uploads\/2026\/04\/Brigada-de-Incendio-Chapada-Diamantina-00.jpg 960w, https:\/\/lencois.com.br\/wp-content\/uploads\/2026\/04\/Brigada-de-Incendio-Chapada-Diamantina-00-300x128.jpg 300w, https:\/\/lencois.com.br\/wp-content\/uploads\/2026\/04\/Brigada-de-Incendio-Chapada-Diamantina-00-768x327.jpg 768w\" sizes=\"(max-width: 800px) 100vw, 800px\" \/>\t\t\t\t\t\t\t\t\t\t\t\t\t\t\t<\/div>\n\t\t\t\t<\/div>\n\t\t\t\t\t<\/div>\n\t\t\t\t<\/div>\n\t\t<div class=\"elementor-element elementor-element-999daf0 e-flex e-con-boxed e-con e-parent\" data-id=\"999daf0\" data-element_type=\"container\" data-e-type=\"container\">\n\t\t\t\t\t<div class=\"e-con-inner\">\n\t\t\t\t<div class=\"elementor-element elementor-element-a04a7e8 elementor-widget elementor-widget-text-editor\" data-id=\"a04a7e8\" data-element_type=\"widget\" data-e-type=\"widget\" data-widget_type=\"text-editor.default\">\n\t\t\t\t<div class=\"elementor-widget-container\">\n\t\t\t\t\t\t\t\t\t<p data-start=\"1233\" data-end=\"1506\">Ellos parten sin garant\u00eda de regreso r\u00e1pido. A veces a pie, a veces en helic\u00f3ptero. Permanecen tres d\u00edas, tres noches dentro de la sierra, sin sendero definido, sin comodidad, con el cuerpo expuesto y la atenci\u00f3n constante. El trabajo exige t\u00e9cnica, pero no se explica solo por ella.<\/p><p data-start=\"1508\" data-end=\"1791\">Tambi\u00e9n est\u00e1 lo que sucede antes. Las conversaciones en las escuelas, los encuentros que parecen peque\u00f1os, pero reorganizan la forma de mirar el territorio. Y lo que sucede despu\u00e9s. Animales rescatados, \u00e1reas que lentamente vuelven a respirar. Nada de esto suele ser visto, pero es esto lo que sostiene.<\/p><p data-start=\"1793\" data-end=\"2148\">Ning\u00fan movimiento como este se mantiene solo. Existe una red silenciosa alrededor, hecha de gestos pr\u00e1cticos. Alguien que organiza un transporte, alguien que prepara una comida, alguien que hace una llamada en el momento oportuno. Nosotros tambi\u00e9n formamos parte de esto, sin anuncio, con orgullo. Cuidar no es un gesto extraordinario, es una obligaci\u00f3n continua.<\/p>\t\t\t\t\t\t\t\t<\/div>\n\t\t\t\t<\/div>\n\t\t\t\t\t<\/div>\n\t\t\t\t<\/div>\n\t\t<div class=\"elementor-element elementor-element-163ee7f e-flex e-con-boxed e-con e-parent\" data-id=\"163ee7f\" data-element_type=\"container\" data-e-type=\"container\">\n\t\t\t\t\t<div class=\"e-con-inner\">\n\t\t\t\t<div class=\"elementor-element elementor-element-e5f92df elementor-widget elementor-widget-text-editor\" data-id=\"e5f92df\" data-element_type=\"widget\" data-e-type=\"widget\" data-widget_type=\"text-editor.default\">\n\t\t\t\t<div class=\"elementor-widget-container\">\n\t\t\t\t\t\t\t\t\t<p data-start=\"3062\" data-end=\"3114\">La Chapada es un territorio activo.<br data-start=\"3089\" data-end=\"3092\" \/>Quien visita pasa a integrar ese contexto a\u00fan que por pocos d\u00edas pasa a ser tambi\u00e9n responsable: entender los l\u00edmites del parque, respetar orientaciones, evitar riesgos innecesarios.<\/p><p data-start=\"3307\" data-end=\"3386\">El turismo que tiene sentido aqu\u00ed no es solo contemplativo. Requiere atenci\u00f3n.<\/p><p data-start=\"2405\" data-end=\"2637\">Sentimos una transformaci\u00f3n real en el entendimiento de las responsabilidades individuales y colectivas. Hay una conciencia que crece, aunque de forma discreta, personas que llegan con otra mirada, comunidades que se reorganizan. El futuro se construye con persistencia, obstinaci\u00f3n y educaci\u00f3n.<\/p><p data-start=\"2639\" data-end=\"2898\">Entre el r\u00edo Len\u00e7\u00f3is y las sierras de la Chapada Diamantina, aprendimos que permanecer no es resistir de forma r\u00edgida. Es ajustar, escuchar y sustentar relaciones que tienen sentido. La Brigada Voluntaria de Len\u00e7\u00f3is nos recuerda de esto solo permaneciendo donde es necesario estar, con generosidad colectiva que todav\u00eda es rara de encontrar, pero fundamental para inspirarnos.<\/p>\t\t\t\t\t\t\t\t<\/div>\n\t\t\t\t<\/div>\n\t\t\t\t\t<\/div>\n\t\t\t\t<\/div>\n\t\t<div class=\"elementor-element elementor-element-94e3dd5 e-grid e-con-full e-con e-parent\" data-id=\"94e3dd5\" data-element_type=\"container\" data-e-type=\"container\">\n\t\t\t\t<div class=\"elementor-element elementor-element-95d0943 elementor-widget elementor-widget-image\" data-id=\"95d0943\" data-element_type=\"widget\" data-e-type=\"widget\" data-widget_type=\"image.default\">\n\t\t\t\t<div class=\"elementor-widget-container\">\n\t\t\t\t\t\t\t\t\t\t\t\t\t\t\t<img decoding=\"async\" width=\"800\" height=\"341\" src=\"https:\/\/lencois.com.br\/wp-content\/uploads\/2026\/04\/Brigada-de-Incendio-Chapada-Diamantina-08-1024x436.jpg\" class=\"attachment-large size-large wp-image-4265\" alt=\"\" srcset=\"https:\/\/lencois.com.br\/wp-content\/uploads\/2026\/04\/Brigada-de-Incendio-Chapada-Diamantina-08-1024x436.jpg 1024w, https:\/\/lencois.com.br\/wp-content\/uploads\/2026\/04\/Brigada-de-Incendio-Chapada-Diamantina-08-300x128.jpg 300w, https:\/\/lencois.com.br\/wp-content\/uploads\/2026\/04\/Brigada-de-Incendio-Chapada-Diamantina-08-768x327.jpg 768w, https:\/\/lencois.com.br\/wp-content\/uploads\/2026\/04\/Brigada-de-Incendio-Chapada-Diamantina-08.jpg 1280w\" sizes=\"(max-width: 800px) 100vw, 800px\" \/>\t\t\t\t\t\t\t\t\t\t\t\t\t\t\t<\/div>\n\t\t\t\t<\/div>\n\t\t\t\t<div class=\"elementor-element elementor-element-6b7be8d elementor-widget elementor-widget-image\" data-id=\"6b7be8d\" data-element_type=\"widget\" data-e-type=\"widget\" data-widget_type=\"image.default\">\n\t\t\t\t<div class=\"elementor-widget-container\">\n\t\t\t\t\t\t\t\t\t\t\t\t\t\t\t<img decoding=\"async\" width=\"800\" height=\"341\" src=\"https:\/\/lencois.com.br\/wp-content\/uploads\/2026\/04\/Brigada-de-Incendio-Chapada-Diamantina-09-1024x436.jpg\" class=\"attachment-large size-large wp-image-4266\" alt=\"\" srcset=\"https:\/\/lencois.com.br\/wp-content\/uploads\/2026\/04\/Brigada-de-Incendio-Chapada-Diamantina-09-1024x436.jpg 1024w, https:\/\/lencois.com.br\/wp-content\/uploads\/2026\/04\/Brigada-de-Incendio-Chapada-Diamantina-09-300x128.jpg 300w, https:\/\/lencois.com.br\/wp-content\/uploads\/2026\/04\/Brigada-de-Incendio-Chapada-Diamantina-09-768x327.jpg 768w, https:\/\/lencois.com.br\/wp-content\/uploads\/2026\/04\/Brigada-de-Incendio-Chapada-Diamantina-09-1536x654.jpg 1536w, https:\/\/lencois.com.br\/wp-content\/uploads\/2026\/04\/Brigada-de-Incendio-Chapada-Diamantina-09-2048x872.jpg 2048w\" sizes=\"(max-width: 800px) 100vw, 800px\" \/>\t\t\t\t\t\t\t\t\t\t\t\t\t\t\t<\/div>\n\t\t\t\t<\/div>\n\t\t\t\t<div class=\"elementor-element elementor-element-0ddf3a9 elementor-widget elementor-widget-image\" data-id=\"0ddf3a9\" data-element_type=\"widget\" data-e-type=\"widget\" data-widget_type=\"image.default\">\n\t\t\t\t<div class=\"elementor-widget-container\">\n\t\t\t\t\t\t\t\t\t\t\t\t\t\t\t<img loading=\"lazy\" decoding=\"async\" width=\"800\" height=\"341\" src=\"https:\/\/lencois.com.br\/wp-content\/uploads\/2026\/04\/Brigada-de-Incendio-Chapada-Diamantina-05-1024x436.jpg\" class=\"attachment-large size-large wp-image-4262\" alt=\"\" srcset=\"https:\/\/lencois.com.br\/wp-content\/uploads\/2026\/04\/Brigada-de-Incendio-Chapada-Diamantina-05-1024x436.jpg 1024w, https:\/\/lencois.com.br\/wp-content\/uploads\/2026\/04\/Brigada-de-Incendio-Chapada-Diamantina-05-300x128.jpg 300w, https:\/\/lencois.com.br\/wp-content\/uploads\/2026\/04\/Brigada-de-Incendio-Chapada-Diamantina-05-768x327.jpg 768w, https:\/\/lencois.com.br\/wp-content\/uploads\/2026\/04\/Brigada-de-Incendio-Chapada-Diamantina-05-1536x654.jpg 1536w, https:\/\/lencois.com.br\/wp-content\/uploads\/2026\/04\/Brigada-de-Incendio-Chapada-Diamantina-05-2048x872.jpg 2048w\" sizes=\"(max-width: 800px) 100vw, 800px\" \/>\t\t\t\t\t\t\t\t\t\t\t\t\t\t\t<\/div>\n\t\t\t\t<\/div>\n\t\t\t\t<\/div>\n\t\t<div class=\"elementor-element elementor-element-883d26b e-flex e-con-boxed e-con e-parent\" data-id=\"883d26b\" data-element_type=\"container\" data-e-type=\"container\">\n\t\t\t\t\t<div class=\"e-con-inner\">\n\t\t\t\t<div class=\"elementor-element elementor-element-ee8f9a1 elementor-widget elementor-widget-text-editor\" data-id=\"ee8f9a1\" data-element_type=\"widget\" data-e-type=\"widget\" data-widget_type=\"text-editor.default\">\n\t\t\t\t<div class=\"elementor-widget-container\">\n\t\t\t\t\t\t\t\t\t<p data-start=\"107\" data-end=\"386\">Cuidar de este territorio es una responsabilidad compartida.<br data-start=\"168\" data-end=\"171\" \/>Se manifiesta en gestos sencillos y constantes: en la forma en que hablamos sobre la naturaleza con amigos, hijos y familiares, en la manera en que nos comportamos al visitar un parque y en las elecciones que hacemos en el d\u00eda a d\u00eda.<\/p><p data-start=\"388\" data-end=\"411\">Hay quienes van m\u00e1s all\u00e1.<\/p><p data-start=\"413\" data-end=\"612\">Los brigadistas voluntarios de Len\u00e7\u00f3is dedican tiempo, energ\u00eda y presencia para proteger la Chapada Diamantina en condiciones muchas veces extremas. Apoyar este trabajo es una forma concreta de participar.<\/p><p data-start=\"614\" data-end=\"816\">Esto puede suceder de diferentes maneras: con donaci\u00f3n de equipos, apoyo log\u00edstico, alimentaci\u00f3n durante las operaciones, o contribuciones financieras que ayudan a mantener la Brigada activa y preparada.<\/p><p data-start=\"847\" data-end=\"919\"><strong data-start=\"847\" data-end=\"919\">Clave PIX (CNPJ): 04.480.108\/0001-80<br data-start=\"885\" data-end=\"888\" \/>Brigada Voluntaria de Len\u00e7\u00f3is\u00a0<\/strong><\/p><p data-start=\"847\" data-end=\"919\"><strong data-start=\"847\" data-end=\"919\">Correo electr\u00f3nico: bvlencois@gmail.com<\/strong><\/p><p data-start=\"847\" data-end=\"919\">Aqu\u00ed queda nuestro agradecimiento a todos los Brigadistas Voluntarios de Len\u00e7\u00f3is y de toda la Chapada Diamantina, por el compromiso continuo con la naturaleza y con este territorio que nos sustenta.<\/p><p data-start=\"847\" data-end=\"919\">Hotel Canto das \u00c1guas<\/p><p data-start=\"847\" data-end=\"919\"><strong>Fotos cedidas por la BVL<\/strong><\/p>\t\t\t\t\t\t\t\t<\/div>\n\t\t\t\t<\/div>\n\t\t\t\t\t<\/div>\n\t\t\t\t<\/div>\n\t\t\t\t<\/div>","protected":false},"excerpt":{"rendered":"<p>H\u00e1 momentos em que a paisagem muda de forma abrupta. N\u00e3o como uma transforma\u00e7\u00e3o lenta da evolu\u00e7\u00e3o natural, mas como ruptura. Na Chapada Diamantina, o fogo atravessa o territ\u00f3rio assim. \u00c0s vezes esperado, outras vezes n\u00e3o. A vegeta\u00e7\u00e3o escurece, o ar perde densidade, os sons se alteram e o tempo parece suspenso. E, ainda assim, [&hellip;]<\/p>\n","protected":false},"author":28,"featured_media":4261,"comment_status":"closed","ping_status":"closed","sticky":false,"template":"","format":"standard","meta":{"footnotes":""},"categories":[22,1],"tags":[11,26],"class_list":["post-4245","post","type-post","status-publish","format-standard","has-post-thumbnail","hentry","category-sustentabilidade","category-chapada-diamantina","tag-chapada-diamantina","tag-sustentabilidade"],"_links":{"self":[{"href":"https:\/\/lencois.com.br\/es\/wp-json\/wp\/v2\/posts\/4245","targetHints":{"allow":["GET"]}}],"collection":[{"href":"https:\/\/lencois.com.br\/es\/wp-json\/wp\/v2\/posts"}],"about":[{"href":"https:\/\/lencois.com.br\/es\/wp-json\/wp\/v2\/types\/post"}],"author":[{"embeddable":true,"href":"https:\/\/lencois.com.br\/es\/wp-json\/wp\/v2\/users\/28"}],"replies":[{"embeddable":true,"href":"https:\/\/lencois.com.br\/es\/wp-json\/wp\/v2\/comments?post=4245"}],"version-history":[{"count":39,"href":"https:\/\/lencois.com.br\/es\/wp-json\/wp\/v2\/posts\/4245\/revisions"}],"predecessor-version":[{"id":4393,"href":"https:\/\/lencois.com.br\/es\/wp-json\/wp\/v2\/posts\/4245\/revisions\/4393"}],"wp:featuredmedia":[{"embeddable":true,"href":"https:\/\/lencois.com.br\/es\/wp-json\/wp\/v2\/media\/4261"}],"wp:attachment":[{"href":"https:\/\/lencois.com.br\/es\/wp-json\/wp\/v2\/media?parent=4245"}],"wp:term":[{"taxonomy":"category","embeddable":true,"href":"https:\/\/lencois.com.br\/es\/wp-json\/wp\/v2\/categories?post=4245"},{"taxonomy":"post_tag","embeddable":true,"href":"https:\/\/lencois.com.br\/es\/wp-json\/wp\/v2\/tags?post=4245"}],"curies":[{"name":"wp","href":"https:\/\/api.w.org\/{rel}","templated":true}]}}