{"id":4392,"date":"2026-04-16T12:39:52","date_gmt":"2026-04-16T15:39:52","guid":{"rendered":"https:\/\/lencois.com.br\/?p=4392"},"modified":"2026-04-27T10:20:20","modified_gmt":"2026-04-27T13:20:20","slug":"guia-completa-de-la-chapada","status":"publish","type":"post","link":"https:\/\/lencois.com.br\/es\/guia-completo-da-chapada\/","title":{"rendered":"Gu\u00eda completa de la Chapada Diamantina: c\u00f3mo llegar, d\u00f3nde alojarse y qu\u00e9 hacer en Len\u00e7\u00f3is"},"content":{"rendered":"<div data-elementor-type=\"wp-post\" data-elementor-id=\"4392\" class=\"elementor elementor-4392\" data-elementor-post-type=\"post\">\n\t\t\t\t<div class=\"elementor-element elementor-element-f114992 e-flex e-con-boxed e-con e-parent\" data-id=\"f114992\" data-element_type=\"container\" data-e-type=\"container\">\n\t\t\t\t\t<div class=\"e-con-inner\">\n\t\t\t\t\t<\/div>\n\t\t\t\t<\/div>\n\t\t<div class=\"elementor-element elementor-element-180ce89 e-flex e-con-boxed e-con e-parent\" data-id=\"180ce89\" data-element_type=\"container\" data-e-type=\"container\">\n\t\t\t\t\t<div class=\"e-con-inner\">\n\t\t\t\t<div class=\"elementor-element elementor-element-92ae91d elementor-widget elementor-widget-text-editor\" data-id=\"92ae91d\" data-element_type=\"widget\" data-e-type=\"widget\" data-widget_type=\"text-editor.default\">\n\t\t\t\t<div class=\"elementor-widget-container\">\n\t\t\t\t\t\t\t\t\t<h2 style=\"text-align: center;\">Gu\u00eda completo de la Chapada Diamantina: c\u00f3mo llegar, d\u00f3nde alojarse y qu\u00e9 hacer en Len\u00e7\u00f3is.<\/h2><h5 style=\"text-align: center;\">Parte 1<\/h5><p data-start=\"0\" data-end=\"295\">La Chapada Diamantina es uno de los destinos m\u00e1s singulares de Brasil para quienes buscan naturaleza, senderos, cascadas, grutas, ciudades hist\u00f3ricas y una experiencia de viaje m\u00e1s profunda. En el interior de Bah\u00eda, la regi\u00f3n re\u00fane paisajes grandiosos y diferentes formas de habitar y percibir el territorio.<\/p><p data-start=\"297\" data-end=\"558\">Entre sierras, r\u00edos, senderos hist\u00f3ricos y ciudades de piedra, la Chapada Diamantina revela algunos de los paisajes m\u00e1s extraordinarios del pa\u00eds. Es un destino que combina fuerza esc\u00e9nica, densidad hist\u00f3rica y una relaci\u00f3n muy particular entre naturaleza, cultura y tiempo.<\/p><p data-start=\"560\" data-end=\"1109\" data-is-last-node=\"\" data-is-only-node=\"\">Para quienes visitan la Chapada Diamantina por primera vez, Len\u00e7\u00f3is es una excelente opci\u00f3n para comenzar. La ciudad re\u00fane buena infraestructura, acceso facilitado a muchos de los principales atractivos, un centro hist\u00f3rico vivo y una atm\u00f3sfera naturalmente acogedora. Para quienes desean conocer la regi\u00f3n con comodidad, profundidad y fluidez, Len\u00e7\u00f3is es el punto de partida m\u00e1s completo. Ya para quienes quieren ampliar el viaje, incluir algunos d\u00edas en Mucug\u00ea es una manera especialmente interesante de explorar tambi\u00e9n el sur del parque y construir una lectura m\u00e1s amplia de la Chapada.<\/p>\t\t\t\t\t\t\t\t<\/div>\n\t\t\t\t<\/div>\n\t\t\t\t\t<\/div>\n\t\t\t\t<\/div>\n\t\t<div class=\"elementor-element elementor-element-e0ae92d e-flex e-con-boxed e-con e-parent\" data-id=\"e0ae92d\" data-element_type=\"container\" data-e-type=\"container\">\n\t\t\t\t\t<div class=\"e-con-inner\">\n\t\t\t\t<div class=\"elementor-element elementor-element-b128edf elementor-widget elementor-widget-image\" data-id=\"b128edf\" data-element_type=\"widget\" data-e-type=\"widget\" data-widget_type=\"image.default\">\n\t\t\t\t<div class=\"elementor-widget-container\">\n\t\t\t\t\t\t\t\t\t\t\t\t\t\t\t<img fetchpriority=\"high\" decoding=\"async\" width=\"800\" height=\"334\" src=\"https:\/\/lencois.com.br\/wp-content\/uploads\/2025\/12\/Hotel-Canto-das-Aguas-12-1024x427.jpg\" class=\"attachment-large size-large wp-image-4104\" alt=\"\" srcset=\"https:\/\/lencois.com.br\/wp-content\/uploads\/2025\/12\/Hotel-Canto-das-Aguas-12-1024x427.jpg 1024w, https:\/\/lencois.com.br\/wp-content\/uploads\/2025\/12\/Hotel-Canto-das-Aguas-12-300x125.jpg 300w, https:\/\/lencois.com.br\/wp-content\/uploads\/2025\/12\/Hotel-Canto-das-Aguas-12-768x320.jpg 768w, https:\/\/lencois.com.br\/wp-content\/uploads\/2025\/12\/Hotel-Canto-das-Aguas-12-1536x640.jpg 1536w, https:\/\/lencois.com.br\/wp-content\/uploads\/2025\/12\/Hotel-Canto-das-Aguas-12.jpg 2048w\" sizes=\"(max-width: 800px) 100vw, 800px\" \/>\t\t\t\t\t\t\t\t\t\t\t\t\t\t\t<\/div>\n\t\t\t\t<\/div>\n\t\t\t\t\t<\/div>\n\t\t\t\t<\/div>\n\t\t<div class=\"elementor-element elementor-element-999daf0 e-flex e-con-boxed e-con e-parent\" data-id=\"999daf0\" data-element_type=\"container\" data-e-type=\"container\">\n\t\t\t\t\t<div class=\"e-con-inner\">\n\t\t\t\t<div class=\"elementor-element elementor-element-a04a7e8 elementor-widget elementor-widget-text-editor\" data-id=\"a04a7e8\" data-element_type=\"widget\" data-e-type=\"widget\" data-widget_type=\"text-editor.default\">\n\t\t\t\t<div class=\"elementor-widget-container\">\n\t\t\t\t\t\t\t\t\t<h2>C\u00f3mo llegar a Chapada Diamantina<\/h2><p class=\"isSelectedEnd\">La Chapada Diamantina tiene el Aeropuerto de Len\u00e7\u00f3is, con vuelos regulares de Azul y, en algunos per\u00edodos de temporada alta, tambi\u00e9n vuelos de Latam. Para muchos viajeros, esta es la forma m\u00e1s pr\u00e1ctica de llegar a la regi\u00f3n.<\/p><p>Otra opci\u00f3n es desembarcar en Salvador y seguir hasta Len\u00e7\u00f3is por carretera, en coche, con traslado privado o autob\u00fas. Para quienes vienen del extranjero, el trayecto normalmente comienza por Salvador y contin\u00faa hasta Len\u00e7\u00f3is, que sigue siendo la principal puerta de entrada para explorar la parte central y norte de la Chapada Diamantina.<\/p>\t\t\t\t\t\t\t\t<\/div>\n\t\t\t\t<\/div>\n\t\t\t\t\t<\/div>\n\t\t\t\t<\/div>\n\t\t<div class=\"elementor-element elementor-element-163ee7f e-flex e-con-boxed e-con e-parent\" data-id=\"163ee7f\" data-element_type=\"container\" data-e-type=\"container\">\n\t\t\t\t\t<div class=\"e-con-inner\">\n\t\t\t\t<div class=\"elementor-element elementor-element-e5f92df elementor-widget elementor-widget-text-editor\" data-id=\"e5f92df\" data-element_type=\"widget\" data-e-type=\"widget\" data-widget_type=\"text-editor.default\">\n\t\t\t\t<div class=\"elementor-widget-container\">\n\t\t\t\t\t\t\t\t\t<h2>Donde alojarse en Len\u00e7\u00f3is<\/h2><p class=\"isSelectedEnd\">Para gran parte de los viajeros, la mejor opci\u00f3n es alojarse en Len\u00e7\u00f3is. La ciudad combina estructura, encanto hist\u00f3rico, buena gastronom\u00eda y f\u00e1cil acceso a diversos paseos de gran impacto emocional.<\/p><p class=\"isSelectedEnd\">En el Hotel Canto das \u00c1guas, esta experiencia adquiere a\u00fan m\u00e1s profundidad. El hotel se encuentra dentro del centro hist\u00f3rico de Len\u00e7\u00f3is, a orillas del r\u00edo, y propone una estancia que une arte, naturaleza y hospitalidad con identidad local. Fue el primer hotel sostenible de Brasil y tiene una relaci\u00f3n muy propia con el territorio.<\/p><p class=\"isSelectedEnd\">Otro diferencial importante, especialmente para hu\u00e9spedes extranjeros, es el conserje. Nuestro equipo ayuda a organizar el viaje, sugerir itinerarios, orientar desplazamientos y facilitar reservas. Dida Murta, nuestro conserje, habla portugu\u00e9s, franc\u00e9s, ingl\u00e9s e italiano, lo que brinda m\u00e1s fluidez y seguridad para quienes vienen de afuera.<\/p><p class=\"isSelectedEnd\">Los jueves y domingos, d\u00edas que suelen coincidir con llegadas de vuelos a Len\u00e7\u00f3is, el hotel ofrece un tour gratuito por la ciudad. Despu\u00e9s del check-in, de un momento de descanso y de una bebida de bienvenida, el hu\u00e9sped puede salir a una caminata guiada por Dida por el centro hist\u00f3rico. Es una forma muy agradable de ubicarse en la ciudad, conocer su historia y comenzar el viaje con m\u00e1s intimidad con el destino.<\/p>\t\t\t\t\t\t\t\t<\/div>\n\t\t\t\t<\/div>\n\t\t\t\t\t<\/div>\n\t\t\t\t<\/div>\n\t\t<div class=\"elementor-element elementor-element-94e3dd5 e-grid e-con-full e-con e-parent\" data-id=\"94e3dd5\" data-element_type=\"container\" data-e-type=\"container\">\n\t\t\t\t<div class=\"elementor-element elementor-element-95d0943 elementor-widget elementor-widget-image\" data-id=\"95d0943\" data-element_type=\"widget\" data-e-type=\"widget\" data-widget_type=\"image.default\">\n\t\t\t\t<div class=\"elementor-widget-container\">\n\t\t\t\t\t\t\t\t\t\t\t\t\t\t\t<img decoding=\"async\" width=\"800\" height=\"334\" src=\"https:\/\/lencois.com.br\/wp-content\/uploads\/2026\/04\/Hotel-Canto-das-Aguas-6-1024x427.jpg\" class=\"attachment-large size-large wp-image-4403\" alt=\"\" srcset=\"https:\/\/lencois.com.br\/wp-content\/uploads\/2026\/04\/Hotel-Canto-das-Aguas-6-1024x427.jpg 1024w, https:\/\/lencois.com.br\/wp-content\/uploads\/2026\/04\/Hotel-Canto-das-Aguas-6-300x125.jpg 300w, https:\/\/lencois.com.br\/wp-content\/uploads\/2026\/04\/Hotel-Canto-das-Aguas-6-768x320.jpg 768w, https:\/\/lencois.com.br\/wp-content\/uploads\/2026\/04\/Hotel-Canto-das-Aguas-6-1536x640.jpg 1536w, https:\/\/lencois.com.br\/wp-content\/uploads\/2026\/04\/Hotel-Canto-das-Aguas-6.jpg 2048w\" sizes=\"(max-width: 800px) 100vw, 800px\" \/>\t\t\t\t\t\t\t\t\t\t\t\t\t\t\t<\/div>\n\t\t\t\t<\/div>\n\t\t\t\t<div class=\"elementor-element elementor-element-6b7be8d elementor-widget elementor-widget-image\" data-id=\"6b7be8d\" data-element_type=\"widget\" data-e-type=\"widget\" data-widget_type=\"image.default\">\n\t\t\t\t<div class=\"elementor-widget-container\">\n\t\t\t\t\t\t\t\t\t\t\t\t\t\t\t<img decoding=\"async\" width=\"800\" height=\"334\" src=\"https:\/\/lencois.com.br\/wp-content\/uploads\/2026\/04\/Hotel-Canto-das-Aguas-7-1024x427.jpg\" class=\"attachment-large size-large wp-image-4404\" alt=\"\" srcset=\"https:\/\/lencois.com.br\/wp-content\/uploads\/2026\/04\/Hotel-Canto-das-Aguas-7-1024x427.jpg 1024w, https:\/\/lencois.com.br\/wp-content\/uploads\/2026\/04\/Hotel-Canto-das-Aguas-7-300x125.jpg 300w, https:\/\/lencois.com.br\/wp-content\/uploads\/2026\/04\/Hotel-Canto-das-Aguas-7-768x320.jpg 768w, https:\/\/lencois.com.br\/wp-content\/uploads\/2026\/04\/Hotel-Canto-das-Aguas-7-1536x640.jpg 1536w, https:\/\/lencois.com.br\/wp-content\/uploads\/2026\/04\/Hotel-Canto-das-Aguas-7.jpg 2048w\" sizes=\"(max-width: 800px) 100vw, 800px\" \/>\t\t\t\t\t\t\t\t\t\t\t\t\t\t\t<\/div>\n\t\t\t\t<\/div>\n\t\t\t\t<div class=\"elementor-element elementor-element-0ddf3a9 elementor-widget elementor-widget-image\" data-id=\"0ddf3a9\" data-element_type=\"widget\" data-e-type=\"widget\" data-widget_type=\"image.default\">\n\t\t\t\t<div class=\"elementor-widget-container\">\n\t\t\t\t\t\t\t\t\t\t\t\t\t\t\t<img loading=\"lazy\" decoding=\"async\" width=\"800\" height=\"341\" src=\"https:\/\/lencois.com.br\/wp-content\/uploads\/2026\/04\/Hotel-Canto-das-Aguas-8-1024x436.jpg\" class=\"attachment-large size-large wp-image-4405\" alt=\"\" srcset=\"https:\/\/lencois.com.br\/wp-content\/uploads\/2026\/04\/Hotel-Canto-das-Aguas-8-1024x436.jpg 1024w, https:\/\/lencois.com.br\/wp-content\/uploads\/2026\/04\/Hotel-Canto-das-Aguas-8-300x128.jpg 300w, https:\/\/lencois.com.br\/wp-content\/uploads\/2026\/04\/Hotel-Canto-das-Aguas-8-768x327.jpg 768w, https:\/\/lencois.com.br\/wp-content\/uploads\/2026\/04\/Hotel-Canto-das-Aguas-8-1536x653.jpg 1536w, https:\/\/lencois.com.br\/wp-content\/uploads\/2026\/04\/Hotel-Canto-das-Aguas-8.jpg 2048w\" sizes=\"(max-width: 800px) 100vw, 800px\" \/>\t\t\t\t\t\t\t\t\t\t\t\t\t\t\t<\/div>\n\t\t\t\t<\/div>\n\t\t\t\t<\/div>\n\t\t<div class=\"elementor-element elementor-element-ed9f8fb e-flex e-con-boxed e-con e-parent\" data-id=\"ed9f8fb\" data-element_type=\"container\" data-e-type=\"container\">\n\t\t\t\t\t<div class=\"e-con-inner\">\n\t\t\t\t<div class=\"elementor-element elementor-element-f6b2f6b elementor-widget elementor-widget-text-editor\" data-id=\"f6b2f6b\" data-element_type=\"widget\" data-e-type=\"widget\" data-widget_type=\"text-editor.default\">\n\t\t\t\t<div class=\"elementor-widget-container\">\n\t\t\t\t\t\t\t\t\t<h2>\u00bfCu\u00e1ntos d\u00edas quedarse en Len\u00e7\u00f3is y en la Chapada Diamantina?<\/h2><p data-start=\"230\" data-end=\"479\">Para conocer la Chapada Diamantina con profundidad, Len\u00e7\u00f3is es la puerta de entrada ideal para explorar la regi\u00f3n con comodidad, buena estructura, diversidad de experiencias y acceso facilitado a diferentes paisajes del parque.<\/p><p data-start=\"481\" data-end=\"916\">Nuestra sugerencia es dedicar al menos cinco d\u00edas a Len\u00e7\u00f3is. Este tiempo permite alternar senderos, paseos en coche y ba\u00f1os de r\u00edo con momentos m\u00e1s tranquilos en la propia ciudad, entre el centro hist\u00f3rico, la gastronom\u00eda y la atm\u00f3sfera tan particular del destino. Len\u00e7\u00f3is re\u00fane, de forma muy equilibrada, belleza, conveniencia y repertorio, y por eso funciona tan bien para quienes desean conocer la Chapada sin prisa y con m\u00e1s amplitud.<\/p><p class=\"isSelectedEnd\">Para quien desea ampliar el recorrido y conocer tambi\u00e9n otra regi\u00f3n del parque, una excelente combinaci\u00f3n es seguir con algunos d\u00edas m\u00e1s en Mucug\u00ea. Encantadora, rodeada de monta\u00f1as y con un centro hist\u00f3rico muy bonito, la ciudad ofrece un ritmo m\u00e1s silencioso y un paisaje diferente a Len\u00e7\u00f3is, complementando muy bien el itinerario por la Chapada Diamantina. Mucug\u00ea es un lugar de tranquilidad, rodeado de ca\u00f1ones y hermosas cascadas, adem\u00e1s de funcionar como un punto de partida estrat\u00e9gico para algunas de las principales atracciones del parque.<\/p><p class=\"isSelectedEnd\">Mucug\u00ea tiene una estructura m\u00e1s esbelta, pero precisamente por eso guarda un encanto particular. Nuestra sugerencia de hospedaje es el <strong>Refugio en la Sierra Hotel Boutique<\/strong>, en el centro hist\u00f3rico, una direcci\u00f3n que cultiva el silencio, la tranquilidad y una vegetaci\u00f3n exuberante, creando una atm\u00f3sfera de descanso muy coherente con la ciudad. El hotel se presenta como \u201cun refugio para tocar el alma\u201d, y esta definici\u00f3n traduce bien la experiencia.<\/p><p>Y la visita a <strong>Vin\u00edcola Uvva<\/strong> es imperdible. Lo <strong>Uva<\/strong> Una arquitectura contempor\u00e1nea, enoturismo y producci\u00f3n de vinos de alta calidad en pleno interior de Bah\u00eda, proponiendo una experiencia que sorprende justamente por acontecer lejos de los territorios m\u00e1s obvios asociados al vino. La propia bodega presenta el lugar como una inmersi\u00f3n en el mundo de la uva y del vino en la Chapada Diamantina, y es eso mismo lo que la visita ofrece: una parada de gran belleza, mucho placer gastron\u00f3mico y una perspectiva nueva sobre la sofisticaci\u00f3n posible en el sert\u00f3n bahiano.\u00a0<\/p>\t\t\t\t\t\t\t\t<\/div>\n\t\t\t\t<\/div>\n\t\t\t\t\t<\/div>\n\t\t\t\t<\/div>\n\t\t<div class=\"elementor-element elementor-element-31992cb e-grid e-con-full e-con e-parent\" data-id=\"31992cb\" data-element_type=\"container\" data-e-type=\"container\">\n\t\t\t\t<div class=\"elementor-element elementor-element-a197626 elementor-widget elementor-widget-image\" data-id=\"a197626\" data-element_type=\"widget\" data-e-type=\"widget\" data-widget_type=\"image.default\">\n\t\t\t\t<div class=\"elementor-widget-container\">\n\t\t\t\t\t\t\t\t\t\t\t\t\t\t\t<img loading=\"lazy\" decoding=\"async\" width=\"800\" height=\"334\" src=\"https:\/\/lencois.com.br\/wp-content\/uploads\/2026\/03\/Serrano-1024x427.jpg\" class=\"attachment-large size-large wp-image-4129\" alt=\"\" srcset=\"https:\/\/lencois.com.br\/wp-content\/uploads\/2026\/03\/Serrano-1024x427.jpg 1024w, https:\/\/lencois.com.br\/wp-content\/uploads\/2026\/03\/Serrano-300x125.jpg 300w, https:\/\/lencois.com.br\/wp-content\/uploads\/2026\/03\/Serrano-768x320.jpg 768w, https:\/\/lencois.com.br\/wp-content\/uploads\/2026\/03\/Serrano-1536x640.jpg 1536w, https:\/\/lencois.com.br\/wp-content\/uploads\/2026\/03\/Serrano.jpg 2048w\" sizes=\"(max-width: 800px) 100vw, 800px\" \/>\t\t\t\t\t\t\t\t\t\t\t\t\t\t\t<\/div>\n\t\t\t\t<\/div>\n\t\t\t\t<div class=\"elementor-element elementor-element-ce317e8 elementor-widget elementor-widget-image\" data-id=\"ce317e8\" data-element_type=\"widget\" data-e-type=\"widget\" data-widget_type=\"image.default\">\n\t\t\t\t<div class=\"elementor-widget-container\">\n\t\t\t\t\t\t\t\t\t\t\t\t\t\t\t<img loading=\"lazy\" decoding=\"async\" width=\"800\" height=\"334\" src=\"https:\/\/lencois.com.br\/wp-content\/uploads\/2026\/04\/Morrao-Chapada-Diamantina-1024x427.jpg\" class=\"attachment-large size-large wp-image-4413\" alt=\"\" srcset=\"https:\/\/lencois.com.br\/wp-content\/uploads\/2026\/04\/Morrao-Chapada-Diamantina-1024x427.jpg 1024w, https:\/\/lencois.com.br\/wp-content\/uploads\/2026\/04\/Morrao-Chapada-Diamantina-300x125.jpg 300w, https:\/\/lencois.com.br\/wp-content\/uploads\/2026\/04\/Morrao-Chapada-Diamantina-768x320.jpg 768w, https:\/\/lencois.com.br\/wp-content\/uploads\/2026\/04\/Morrao-Chapada-Diamantina-1536x640.jpg 1536w, https:\/\/lencois.com.br\/wp-content\/uploads\/2026\/04\/Morrao-Chapada-Diamantina.jpg 2048w\" sizes=\"(max-width: 800px) 100vw, 800px\" \/>\t\t\t\t\t\t\t\t\t\t\t\t\t\t\t<\/div>\n\t\t\t\t<\/div>\n\t\t\t\t<div class=\"elementor-element elementor-element-152f634 elementor-widget elementor-widget-image\" data-id=\"152f634\" data-element_type=\"widget\" data-e-type=\"widget\" data-widget_type=\"image.default\">\n\t\t\t\t<div class=\"elementor-widget-container\">\n\t\t\t\t\t\t\t\t\t\t\t\t\t\t\t<img loading=\"lazy\" decoding=\"async\" width=\"800\" height=\"334\" src=\"https:\/\/lencois.com.br\/wp-content\/uploads\/2026\/04\/Cachoeira-Chapada-Diamantina-1024x427.jpg\" class=\"attachment-large size-large wp-image-4410\" alt=\"\" srcset=\"https:\/\/lencois.com.br\/wp-content\/uploads\/2026\/04\/Cachoeira-Chapada-Diamantina-1024x427.jpg 1024w, https:\/\/lencois.com.br\/wp-content\/uploads\/2026\/04\/Cachoeira-Chapada-Diamantina-300x125.jpg 300w, https:\/\/lencois.com.br\/wp-content\/uploads\/2026\/04\/Cachoeira-Chapada-Diamantina-768x320.jpg 768w, https:\/\/lencois.com.br\/wp-content\/uploads\/2026\/04\/Cachoeira-Chapada-Diamantina-1536x640.jpg 1536w, https:\/\/lencois.com.br\/wp-content\/uploads\/2026\/04\/Cachoeira-Chapada-Diamantina.jpg 2048w\" sizes=\"(max-width: 800px) 100vw, 800px\" \/>\t\t\t\t\t\t\t\t\t\t\t\t\t\t\t<\/div>\n\t\t\t\t<\/div>\n\t\t\t\t<\/div>\n\t\t<div class=\"elementor-element elementor-element-883d26b e-flex e-con-boxed e-con e-parent\" data-id=\"883d26b\" data-element_type=\"container\" data-e-type=\"container\">\n\t\t\t\t\t<div class=\"e-con-inner\">\n\t\t\t\t<div class=\"elementor-element elementor-element-ee8f9a1 elementor-widget elementor-widget-text-editor\" data-id=\"ee8f9a1\" data-element_type=\"widget\" data-e-type=\"widget\" data-widget_type=\"text-editor.default\">\n\t\t\t\t<div class=\"elementor-widget-container\">\n\t\t\t\t\t\t\t\t\t<h2>Excursiones desde Len\u00e7\u00f3is<\/h2><p class=\"isSelectedEnd\">Len\u00e7\u00f3is ofrece una combinaci\u00f3n rara de naturaleza accesible, senderos hist\u00f3ricos, r\u00edos, grutas y expediciones m\u00e1s largas. Muchos de los paseos pueden empezar a pie, directamente desde la ciudad, mientras que otros se hacen con apoyo de coche.<\/p><h3>Paseos a pie saliendo del centro hist\u00f3rico<\/h3><p class=\"isSelectedEnd\">Una de las grandes ventajas de Len\u00e7\u00f3is es poder salir caminando del centro hist\u00f3rico y, en poco tiempo, ya estar en lugares preciosos.<\/p><p class=\"isSelectedEnd\">No <strong>Parque Municipal da Muritiba<\/strong>, por exemplo, voc\u00ea encontra em uma mesma \u00e1rea o <strong>Serrano<\/strong>, o <strong>Sal\u00f3n de Arenas de Colores<\/strong>, un <strong>Cachoeirinha<\/strong>, un <strong>Cascada de Primavera<\/strong> y o <strong>Pozo Halley<\/strong>. Es un recorrido ideal para un primer contacto con la geolog\u00eda y las aguas de la Chapada.<\/p><p class=\"isSelectedEnd\">Tambi\u00e9n saliendo a pie de Len\u00e7\u00f3is, uno de los paseos m\u00e1s cl\u00e1sicos es el <strong>Arroyo del Medio<\/strong>, con su piedra de tobog\u00e1n natural y pozos para ba\u00f1arse.<\/p><p class=\"isSelectedEnd\">Entre los senderos peatonales m\u00e1s bellos de la regi\u00f3n tambi\u00e9n se encuentran los <strong>Arroyo de la Cima<\/strong>, las piscinas naturales conocidas como <strong>Yaras<\/strong>, o <strong>R\u00edo Mandassaia<\/strong>\u00a0y a <strong>Gruta Lap\u00e3o.<\/strong>\u00a0<\/p><p class=\"isSelectedEnd\">Para quienes quieren una caminata m\u00e1s exigente, la <strong>Cascada del Sosiego<\/strong> es una de las grandes experiencias saliendo de Len\u00e7\u00f3is, con trekking por piedras y lecho de r\u00edo hasta una cascada encajada entre paredones.<\/p><h3>Cruces y senderos m\u00e1s envolventes<\/h3><p class=\"isSelectedEnd\">Len\u00e7\u00f3is tambi\u00e9n es punto de partida para itinerarios de mayor profundidad hist\u00f3rica y paisaj\u00edstica.<\/p><p class=\"isSelectedEnd\">La traves\u00eda <strong>Pai In\u00e1cio (Pon\u00ean)\u2013Len\u00e7\u00f3is<\/strong> recorre viejos caminos unidos al ciclo del diamante, con grandes vistas, observaci\u00f3n de flora y llegada por el r\u00edo Mandassaia antes de entrar a la ciudad.<\/p><p class=\"isSelectedEnd\">A <strong>traves\u00eda Len\u00e7\u00f3is\u2013Cap\u00e3o<\/strong> es menos conocida y muy bonita, con ba\u00f1o en <strong>Aguas Claras<\/strong> en el camino. Ya para quienes buscan caminatas m\u00e1s largas, tambi\u00e9n existe la posibilidad de hacer la <strong>Cascada de la Fuma\u00e7a por Debajo<\/strong>, en una ruta de varios d\u00edas.<\/p><p class=\"isSelectedEnd\">O <strong>Valle del Pati<\/strong>, aunque exige una planificaci\u00f3n m\u00e1s espec\u00edfica, tambi\u00e9n entra en este universo de expediciones m\u00e1s grandes y es una de las traves\u00edas m\u00e1s emblem\u00e1ticas de Brasil saliendo por Guin\u00e9, Andara\u00ed o Cap\u00e3o.<\/p><h3>Paseos en coche saliendo de Len\u00e7\u00f3is<\/h3><p class=\"isSelectedEnd\">Desde el coche, Len\u00e7\u00f3is da acceso a algunos de los atractivos m\u00e1s emblem\u00e1ticos de la parte central de la Chapada Diamantina.<\/p><p class=\"isSelectedEnd\">Entre ellos est\u00e1n <strong>Pozo Azul<\/strong> y o <strong>Pozo Encantado<\/strong>, dos experiencias subterr\u00e1neas muy notables.<\/p><p class=\"isSelectedEnd\">Tambi\u00e9n con acceso por coche est\u00e1n el <strong>Morro do Pai In\u00e1cio<\/strong>, un <strong>Gruta de la Torrinha<\/strong>, un <strong>Lapa Dulce<\/strong>, un <strong>Gruta de la Humeante<\/strong> y a <strong>Cachoeirinha del Padre Ignacio<\/strong>.<\/p><p class=\"isSelectedEnd\">Otro guion muy bonito en la regi\u00f3n es el <strong>Marimbus con R\u00edo Roncador<\/strong>, un recorrido en canoa por \u00e1reas inundadas conocidas como el \u201cPantanal da Chapada\u201d, guiado por residentes del Quilombo do Remanso, una comunidad quilombola integrada al municipio de Len\u00e7\u00f3is.<\/p><p class=\"isSelectedEnd\">En las noches de luna llena, la regi\u00f3n de Pai In\u00e1cio todav\u00eda ofrece momentos muy especiales de contemplaci\u00f3n, con la posibilidad de observar la luna surgiendo en el horizonte desde los miradores de la sierra.<\/p><h3>Paseos saliendo de Mucug\u00ea<\/h3><p class=\"isSelectedEnd\">Incluir Mucug\u00ea en el viaje es una forma de conocer el sur de la Chapada Diamantina, una regi\u00f3n con paisajes igualmente hermosos.<\/p><p class=\"isSelectedEnd\">Los dos grandes puntos de inter\u00e9s de la naturaleza son el <strong>Cascada del Burac\u00e3o<\/strong> y a <strong>Humo, <\/strong>que ficam no munic\u00edpio de Ibicoara, cerca de 1 hora de carro de Mucug\u00ea.<\/p><p class=\"isSelectedEnd\">Al\u00e9m dos passeios de natureza, vale muito visitar o <strong>Cementerio de Mucug\u00ea<\/strong>, uno de los lugares m\u00e1s singulares de la ciudad, tanto por la arquitectura como por la atm\u00f3sfera. Y, para ampliar a\u00fan m\u00e1s la experiencia, la visita al <strong>Bodega Uvva<\/strong> es altamente recomendada por el potencial gastron\u00f3mico de sus vinos.\u00a0<\/p><h3>Mejor \u00e9poca para visitar la Chapada Diamantina<\/h3><p class=\"isSelectedEnd\">La Chapada Diamantina se puede visitar durante todo el a\u00f1o. Cada \u00e9poca ofrece una experiencia diferente, y eso forma parte de la riqueza del destino.<\/p><p class=\"isSelectedEnd\">El per\u00edodo de lluvia, especialmente entre febrero y mayo, tambi\u00e9n puede ser muy bonito. En esa \u00e9poca, la vegetaci\u00f3n cobra m\u00e1s vigor, el paisaje se torna m\u00e1s verde y los r\u00edos y cascadas pueden estar m\u00e1s llenos. Incluso en d\u00edas lluviosos, hay muchos paseos que siguen valiendo la pena, sobre todo los ligados a las grutas y cavernas de la regi\u00f3n.<\/p><p class=\"isSelectedEnd\">Entre los aspectos m\u00e1s destacados se encuentran <strong>Lapa Dulce<\/strong>, un <strong>Gruta de la Torrinha<\/strong>, o <strong>Pozo Azul<\/strong> y o <strong>Pozo Encantado<\/strong>, que mantienen el viaje muy interesante incluso cuando el clima cambia.<\/p><p class=\"isSelectedEnd\">En los meses de junio, julio y parte de agosto, las noches pueden ser m\u00e1s fr\u00edas, as\u00ed que vale la pena llevar un abrigo m\u00e1s c\u00e1lido. Ya en los meses de calor, la protecci\u00f3n solar se vuelve a\u00fan m\u00e1s importante.<\/p>\t\t\t\t\t\t\t\t<\/div>\n\t\t\t\t<\/div>\n\t\t\t\t\t<\/div>\n\t\t\t\t<\/div>\n\t\t<div class=\"elementor-element elementor-element-6c69413 e-flex e-con-boxed e-con e-parent\" data-id=\"6c69413\" data-element_type=\"container\" data-e-type=\"container\">\n\t\t\t\t\t<div class=\"e-con-inner\">\n\t\t\t\t<div class=\"elementor-element elementor-element-9752bd6 elementor-widget elementor-widget-image\" data-id=\"9752bd6\" data-element_type=\"widget\" data-e-type=\"widget\" data-widget_type=\"image.default\">\n\t\t\t\t<div class=\"elementor-widget-container\">\n\t\t\t\t\t\t\t\t\t\t\t\t\t\t\t<img loading=\"lazy\" decoding=\"async\" width=\"800\" height=\"334\" src=\"https:\/\/lencois.com.br\/wp-content\/uploads\/2026\/04\/Morro-do-Camelo-Lencois-1024x427.jpg\" class=\"attachment-large size-large wp-image-4415\" alt=\"\" srcset=\"https:\/\/lencois.com.br\/wp-content\/uploads\/2026\/04\/Morro-do-Camelo-Lencois-1024x427.jpg 1024w, https:\/\/lencois.com.br\/wp-content\/uploads\/2026\/04\/Morro-do-Camelo-Lencois-300x125.jpg 300w, https:\/\/lencois.com.br\/wp-content\/uploads\/2026\/04\/Morro-do-Camelo-Lencois-768x320.jpg 768w, https:\/\/lencois.com.br\/wp-content\/uploads\/2026\/04\/Morro-do-Camelo-Lencois-1536x640.jpg 1536w, https:\/\/lencois.com.br\/wp-content\/uploads\/2026\/04\/Morro-do-Camelo-Lencois.jpg 2048w\" sizes=\"(max-width: 800px) 100vw, 800px\" \/>\t\t\t\t\t\t\t\t\t\t\t\t\t\t\t<\/div>\n\t\t\t\t<\/div>\n\t\t\t\t\t<\/div>\n\t\t\t\t<\/div>\n\t\t<div class=\"elementor-element elementor-element-2fbdce8 e-flex e-con-boxed e-con e-parent\" data-id=\"2fbdce8\" data-element_type=\"container\" data-e-type=\"container\">\n\t\t\t\t\t<div class=\"e-con-inner\">\n\t\t\t\t<div class=\"elementor-element elementor-element-8cf50fd elementor-widget elementor-widget-text-editor\" data-id=\"8cf50fd\" data-element_type=\"widget\" data-e-type=\"widget\" data-widget_type=\"text-editor.default\">\n\t\t\t\t<div class=\"elementor-widget-container\">\n\t\t\t\t\t\t\t\t\t<h3>Qu\u00e9 llevar a la Chapada Diamantina<\/h3><p class=\"isSelectedEnd\">Saber qu\u00e9 llevar a la Chapada Diamantina marca la diferencia en la comodidad del viaje.<\/p><p class=\"isSelectedEnd\">En verano, vale la pena llevar protector solar, camisa UV, ropa ligera y apropiada para caminatas. En meses m\u00e1s fr\u00edos, especialmente entre junio y agosto, se recomienda incluir un abrigo m\u00e1s pesado para usar por la noche.<\/p><p class=\"isSelectedEnd\">Un punto esencial es el calzado. Comprar una bota nueva para el viaje suele ser un error. Lo ideal es llevar una bota o zapato de senderismo ya usado, de preferencia por lo menos hace un mes, para que el pie ya est\u00e9 acostumbrado. Tambi\u00e9n es muy \u00fatil llevar dos pares de calzado: uno para senderos, que probablemente se mojar\u00e1 o ensuciar\u00e1, y otro para circular por la ciudad por la noche.<\/p><p class=\"isSelectedEnd\">Como las calles de Len\u00e7\u00f3is son de adoqu\u00edn, un zapato deportivo c\u00f3modo o una sandalia firme funcionan muy bien para caminar por el centro hist\u00f3rico.<\/p><p class=\"isSelectedEnd\">Otro art\u00edculo importante es llevar al menos dos trajes de ba\u00f1o. En muchos d\u00edas hay posibilidad de ba\u00f1arse en r\u00edos, pozos y cascadas, as\u00ed que tiene sentido tener una segunda pieza mientras la primera se seca en el hotel.<\/p><p class=\"isSelectedEnd\">Para quienes pretenden visitar grutas y cavernas, una linterna de cabeza tambi\u00e9n es una gran idea.<\/p><h3>Len\u00e7\u00f3is \u00e9 segura para viajantes internacionais?<\/h3><p class=\"isSelectedEnd\">S\u00ed. Len\u00e7\u00f3is es, en general, una ciudad muy segura, acogedora y f\u00e1cil de vivir para viajeros internacionales.<\/p><p class=\"isSelectedEnd\">Gran parte de la vida local sucede en pocas calles del centro hist\u00f3rico, lo que hace la circulaci\u00f3n simple, intuitiva y agradable. El visitante entiende r\u00e1pidamente la ciudad, gana autonom\u00eda y se siente a gusto para caminar.<\/p><p class=\"isSelectedEnd\">En el Hotel Canto das \u00c1guas, esta experiencia es a\u00fan m\u00e1s f\u00e1cil. Nuestra ubicaci\u00f3n est\u00e1 dentro del centro hist\u00f3rico. Es muy natural salir a pie, explorar la ciudad y regresar con tranquilidad.<\/p><p>Len\u00e7\u00f3is tambi\u00e9n tiene una atm\u00f3sfera muy humana. Las personas se conocen por nombre, son sol\u00edcitas, y es com\u00fan que el visitante cree relaci\u00f3n con los residentes y comerciantes locales a lo largo de la estancia. Esa dimensi\u00f3n afectiva forma parte de la seguridad y del encanto de la ciudad.<\/p>\t\t\t\t\t\t\t\t<\/div>\n\t\t\t\t<\/div>\n\t\t\t\t\t<\/div>\n\t\t\t\t<\/div>\n\t\t<div class=\"elementor-element elementor-element-b9f2635 e-flex e-con-boxed e-con e-parent\" data-id=\"b9f2635\" data-element_type=\"container\" data-e-type=\"container\">\n\t\t\t\t\t<div class=\"e-con-inner\">\n\t\t\t\t<div class=\"elementor-element elementor-element-3b29678 elementor-widget elementor-widget-image\" data-id=\"3b29678\" data-element_type=\"widget\" data-e-type=\"widget\" data-widget_type=\"image.default\">\n\t\t\t\t<div class=\"elementor-widget-container\">\n\t\t\t\t\t\t\t\t\t\t\t\t\t\t\t<img loading=\"lazy\" decoding=\"async\" width=\"800\" height=\"334\" src=\"https:\/\/lencois.com.br\/wp-content\/uploads\/2026\/04\/Vida-Noturna-em-Lencois-1024x427.jpg\" class=\"attachment-large size-large wp-image-4422\" alt=\"\" srcset=\"https:\/\/lencois.com.br\/wp-content\/uploads\/2026\/04\/Vida-Noturna-em-Lencois-1024x427.jpg 1024w, https:\/\/lencois.com.br\/wp-content\/uploads\/2026\/04\/Vida-Noturna-em-Lencois-300x125.jpg 300w, https:\/\/lencois.com.br\/wp-content\/uploads\/2026\/04\/Vida-Noturna-em-Lencois-768x320.jpg 768w, https:\/\/lencois.com.br\/wp-content\/uploads\/2026\/04\/Vida-Noturna-em-Lencois.jpg 1536w\" sizes=\"(max-width: 800px) 100vw, 800px\" \/>\t\t\t\t\t\t\t\t\t\t\t\t\t\t\t<\/div>\n\t\t\t\t<\/div>\n\t\t\t\t\t<\/div>\n\t\t\t\t<\/div>\n\t\t<div class=\"elementor-element elementor-element-564162a e-flex e-con-boxed e-con e-parent\" data-id=\"564162a\" data-element_type=\"container\" data-e-type=\"container\">\n\t\t\t\t\t<div class=\"e-con-inner\">\n\t\t\t\t<div class=\"elementor-element elementor-element-032e2ef elementor-widget elementor-widget-text-editor\" data-id=\"032e2ef\" data-element_type=\"widget\" data-e-type=\"widget\" data-widget_type=\"text-editor.default\">\n\t\t\t\t<div class=\"elementor-widget-container\">\n\t\t\t\t\t\t\t\t\t<h3>Un destino que merece tiempo<\/h3>\n<p class=\"isSelectedEnd\">La Chapada Diamantina no es un destino para ser vivido con prisa. Cinco d\u00edas en Len\u00e7\u00f3is ya permiten una experiencia muy rica, y a\u00f1adir algunos d\u00edas m\u00e1s en Mucug\u00ea ampl\u00eda bastante la mirada sobre la regi\u00f3n.<\/p>\n<p class=\"isSelectedEnd\">Entre caminatas saliendo del centro hist\u00f3rico, cascadas, r\u00edos, grutas, traves\u00edas, ciudad hist\u00f3rica, cultura local y buena hospitalidad, la Chapada ofrece una experiencia rara en Brasil: un viaje de naturaleza intensa, pero tambi\u00e9n de tiempo, presencia y descubrimiento.<\/p>\n<h2>&nbsp;<\/h2>\n<h2>&nbsp;<\/h2>\n<h3 style=\"text-align: center;\">Preguntas frecuentes sobre la Chapada Diamantina<\/h3>\n<h4>&nbsp;<\/h4>\n<h4>C\u00f3mo llegar a la Chapada Diamantina<\/h4>\n<p class=\"isSelectedEnd\">La forma m\u00e1s pr\u00e1ctica es volar hasta el Aeropuerto de Len\u00e7\u00f3is, que recibe vuelos regulares de Azul y, en algunos per\u00edodos, vuelos de LATAM. Tambi\u00e9n es posible llegar por Salvador y seguir en coche, transfer o autob\u00fas.<\/p>\n<h4>D\u00f3nde alojarse en Chapada Diamantina<\/h4>\n<p class=\"isSelectedEnd\">Para la mayor\u00eda de los viajeros, Len\u00e7\u00f3is es la mejor base para comenzar el viaje, al reunir estructura, encanto hist\u00f3rico, restaurantes y f\u00e1cil acceso a muchos paseos. Para ampliar el itinerario, vale la pena incluir dos d\u00edas en Mucug\u00ea.<\/p>\n<h4>\u00bfCu\u00e1ntos d\u00edas son ideales para conocer la Chapada Diamantina?<\/h4>\n<p class=\"isSelectedEnd\">Una buena combinaci\u00f3n es quedarse cinco d\u00edas en Len\u00e7\u00f3is y unos d\u00edas m\u00e1s en Mucug\u00ea. As\u00ed, conoces mejor tanto la parte central y norte como el sur del parque.<\/p>\n<h4>\u00bfCu\u00e1les son las opciones de paseos saliendo de Len\u00e7\u00f3is?<\/h4>\n<p class=\"isSelectedEnd\">Entre los puntos destacados se encuentran Serrano, Sal\u00f3n de Arenas Coloridas, Ribeir\u00e3o do Meio, Cascada do Sossego, Pozo Azul, Pozo Encantado, Cerro do Pai In\u00e1cio, Lapa Doce, Torrinha, Marimbus y traves\u00edas como Pai In\u00e1cio-Len\u00e7\u00f3is y Valle del Pati.<\/p>\n<h4>\u00bfQu\u00e9 excursiones hacer saliendo de Mucug\u00ea?<\/h4>\n<p class=\"isSelectedEnd\">Los grandes destaques son la Cachoeira do Burac\u00e3o y la Fumacinha. Tambi\u00e9n vale la pena visitar el cementerio de Mucug\u00ea y la vin\u00edcola Uvva.<\/p>\n<h4>\u00bfCu\u00e1l es la mejor \u00e9poca para visitar la Chapada Diamantina?<\/h4>\n<p class=\"isSelectedEnd\">La Chapada puede ser visitada todo el a\u00f1o. Entre febrero y mayo, el per\u00edodo de lluvia deja el paisaje m\u00e1s verde y los r\u00edos m\u00e1s llenos. Entre junio y agosto, las noches pueden ser m\u00e1s fr\u00edas.<\/p>\n<h4>Qu\u00e9 llevar a Chapada Diamantina<\/h4>\n<p class=\"isSelectedEnd\">Aplique protector solar, una camisa de protecci\u00f3n UV, ropa ligera, un abrigo para las noches fr\u00edas, dos trajes de ba\u00f1o, dos pares de zapatos y una bota de excursionismo ya usada. Para aquellos que planean visitar cuevas, una linterna de cabeza tambi\u00e9n puede ser \u00fatil.<\/p>\n<h4>Len\u00e7\u00f3is \u00e9 segura para turistas extranjeros?<\/h4>\n<p>S\u00ed. Len\u00e7\u00f3is es una ciudad peque\u00f1a, caminable, acogedora y generalmente muy segura para viajeros internacionales.<\/p>\t\t\t\t\t\t\t\t<\/div>\n\t\t\t\t<\/div>\n\t\t\t\t\t<\/div>\n\t\t\t\t<\/div>\n\t\t<div class=\"elementor-element elementor-element-01f5ec8 e-flex e-con-boxed e-con e-parent\" data-id=\"01f5ec8\" data-element_type=\"container\" data-e-type=\"container\">\n\t\t\t\t\t<div class=\"e-con-inner\">\n\t\t\t\t<div class=\"elementor-element elementor-element-065f05b elementor-widget elementor-widget-text-editor\" data-id=\"065f05b\" data-element_type=\"widget\" data-e-type=\"widget\" data-widget_type=\"text-editor.default\">\n\t\t\t\t<div class=\"elementor-widget-container\">\n\t\t\t\t\t\t\t\t\t<p>\u00a0<\/p><p><strong>Curadur\u00eda del Hotel Canto das \u00c1guas<\/strong><\/p><p>\u00a0<\/p><p>\u00a0<\/p>\t\t\t\t\t\t\t\t<\/div>\n\t\t\t\t<\/div>\n\t\t\t\t\t<\/div>\n\t\t\t\t<\/div>\n\t\t\t\t<\/div>","protected":false},"excerpt":{"rendered":"<p>Guia completo da Chapada Diamantina: como chegar, onde ficar e o que fazer em Len\u00e7\u00f3is. Parte 1 A Chapada Diamantina \u00e9 um dos destinos mais singulares do Brasil para quem busca natureza, trilhas, cachoeiras, grutas, cidades hist\u00f3ricas e uma experi\u00eancia de viagem mais profunda. No interior da Bahia, a regi\u00e3o re\u00fane paisagens grandiosas e diferentes [&hellip;]<\/p>\n","protected":false},"author":28,"featured_media":2356,"comment_status":"closed","ping_status":"closed","sticky":false,"template":"","format":"standard","meta":{"footnotes":""},"categories":[1],"tags":[16,11,27,28,29,26],"class_list":["post-4392","post","type-post","status-publish","format-standard","has-post-thumbnail","hentry","category-chapada-diamantina","tag-bahia","tag-chapada-diamantina","tag-guia-de-viagens","tag-o-que-fazer-na-chapada","tag-onde-ficar-na-chapada-diamantina","tag-sustentabilidade"],"_links":{"self":[{"href":"https:\/\/lencois.com.br\/es\/wp-json\/wp\/v2\/posts\/4392","targetHints":{"allow":["GET"]}}],"collection":[{"href":"https:\/\/lencois.com.br\/es\/wp-json\/wp\/v2\/posts"}],"about":[{"href":"https:\/\/lencois.com.br\/es\/wp-json\/wp\/v2\/types\/post"}],"author":[{"embeddable":true,"href":"https:\/\/lencois.com.br\/es\/wp-json\/wp\/v2\/users\/28"}],"replies":[{"embeddable":true,"href":"https:\/\/lencois.com.br\/es\/wp-json\/wp\/v2\/comments?post=4392"}],"version-history":[{"count":50,"href":"https:\/\/lencois.com.br\/es\/wp-json\/wp\/v2\/posts\/4392\/revisions"}],"predecessor-version":[{"id":4763,"href":"https:\/\/lencois.com.br\/es\/wp-json\/wp\/v2\/posts\/4392\/revisions\/4763"}],"wp:featuredmedia":[{"embeddable":true,"href":"https:\/\/lencois.com.br\/es\/wp-json\/wp\/v2\/media\/2356"}],"wp:attachment":[{"href":"https:\/\/lencois.com.br\/es\/wp-json\/wp\/v2\/media?parent=4392"}],"wp:term":[{"taxonomy":"category","embeddable":true,"href":"https:\/\/lencois.com.br\/es\/wp-json\/wp\/v2\/categories?post=4392"},{"taxonomy":"post_tag","embeddable":true,"href":"https:\/\/lencois.com.br\/es\/wp-json\/wp\/v2\/tags?post=4392"}],"curies":[{"name":"wp","href":"https:\/\/api.w.org\/{rel}","templated":true}]}}