{"id":1823,"date":"2025-12-01T16:24:58","date_gmt":"2025-12-01T19:24:58","guid":{"rendered":"https:\/\/cantoaguas.beeweb.net.br\/?p=1823"},"modified":"2026-04-27T10:21:50","modified_gmt":"2026-04-27T13:21:50","slug":"meilleure-periode-pour-visiter-lencois-et-conseils-pratiques","status":"publish","type":"post","link":"https:\/\/lencois.com.br\/fr\/melhor-epoca-para-visitar-lencois-e-dicas-praticas\/","title":{"rendered":"Quand visiter la Chapada Diamantina : une destination pour toutes les saisons"},"content":{"rendered":"<div data-elementor-type=\"wp-post\" data-elementor-id=\"1823\" class=\"elementor elementor-1823\" data-elementor-post-type=\"post\">\n\t\t\t\t<div class=\"elementor-element elementor-element-4ec6af56 e-flex e-con-boxed e-con e-parent\" data-id=\"4ec6af56\" data-element_type=\"container\" data-e-type=\"container\">\n\t\t\t\t\t<div class=\"e-con-inner\">\n\t\t\t\t<div class=\"elementor-element elementor-element-5c23760c elementor-widget elementor-widget-text-editor\" data-id=\"5c23760c\" data-element_type=\"widget\" data-e-type=\"widget\" data-widget_type=\"text-editor.default\">\n\t\t\t\t<div class=\"elementor-widget-container\">\n\t\t\t\t\t\t\t\t\t<p data-start=\"223\" data-end=\"511\">La Chapada Diamantina, dans l'\u00c9tat de Bahia, est une destination qui se transforme tout au long de l'ann\u00e9e sans perdre son essence. Plus qu'une \u201cmeilleure p\u00e9riode\u201d, il existe diff\u00e9rentes mani\u00e8res de vivre le territoire : chaque saison r\u00e9v\u00e8le un rythme, une lumi\u00e8re et des possibilit\u00e9s d'exp\u00e9rience sp\u00e9cifiques.<\/p><p data-start=\"513\" data-end=\"1002\">Entre avril et septembre, durant la p\u00e9riode la plus s\u00e8che et aux temp\u00e9ratures douces, la Chapada se pr\u00e9sente de mani\u00e8re particuli\u00e8rement favorable pour des randonn\u00e9es plus longues et des travers\u00e9es. C'est le moment id\u00e9al pour explorer des itin\u00e9raires comme le Vale do Pati, la Fuma\u00e7a par le bas ou des travers\u00e9es en altitude, o\u00f9 l'effort physique trouve sa r\u00e9compense dans des paysages amples et stables. Le climat plus frais permet des journ\u00e9es enti\u00e8res de randonn\u00e9e avec un plus grand confort, tandis que les ciels clairs amplifient la lecture du paysage.<\/p><p data-start=\"1004\" data-end=\"1579\">La m\u00eame p\u00e9riode est \u00e9galement marqu\u00e9e par des exp\u00e9riences culturelles singuli\u00e8res. En juin, Len\u00e7\u00f3is et toute la r\u00e9gion vivent les S\u00e3o Jo\u00e3o, une c\u00e9l\u00e9bration profond\u00e9ment enracin\u00e9e, o\u00f9 musique, danse, gastronomie et rencontres se d\u00e9roulent de mani\u00e8re spontan\u00e9e et collective. Une exp\u00e9rience authentique, o\u00f9 le visiteur participe naturellement \u00e0 la culture locale. En septembre, les manifestations de Jar\u00ea, tradition spirituelle d'origine afro-br\u00e9silienne, offrent une rare opportunit\u00e9 de contact avec des pratiques culturelles vivantes, conduites avec respect et profondeur.<\/p><p data-start=\"1581\" data-end=\"2073\">Avec l'arriv\u00e9e des pluies, entre novembre et mars, la Chapada r\u00e9v\u00e8le une autre dimension. Les cascades gagnent en volume, les rivi\u00e8res deviennent plus intenses et la v\u00e9g\u00e9tation prend des teintes plus vives. C'est une p\u00e9riode particuli\u00e8rement int\u00e9ressante pour ceux qui recherchent des exp\u00e9riences li\u00e9es \u00e0 l'eau, comme le Marimbus et le Roncador, o\u00f9 le paysage s'\u00e9tend en zones inond\u00e9es et travers\u00e9es en cano\u00eb. Les pluies, g\u00e9n\u00e9ralement entrecoup\u00e9es de p\u00e9riodes de soleil, n'emp\u00eachent pas le voyage, elles dictent seulement un rythme plus souple.<\/p><p data-start=\"2075\" data-end=\"2341\">C'est aussi un excellent moment pour explorer des grottes comme Lapa Doce, Torrinha, Po\u00e7o Azul et Po\u00e7o Encantado. Ces environnements souterrains maintiennent des conditions stables tout au long de l'ann\u00e9e, devenant ainsi des alternatives s\u00fbres et fascinantes, quelle que soit la m\u00e9t\u00e9o ext\u00e9rieure.<\/p><p data-start=\"2343\" data-end=\"2717\">En \u00e9t\u00e9, la Chapada invite \u00e0 une exp\u00e9rience plus l\u00e9g\u00e8re et sensorielle. Des sentiers plus courts et accessibles, combin\u00e9s \u00e0 des baignades en rivi\u00e8re, d\u00e9finissent le rythme des journ\u00e9es. Des lieux comme Ribeir\u00e3o do Meio, Ribeir\u00e3o de Cima, Serrano, Mandassaia et tout le Parc Municipal de Muritiba deviennent des extensions naturelles de la ville, accessibles \u00e0 pied et id\u00e9ales pour des pauses au soleil et des bains rafra\u00eechissants.<\/p><p data-start=\"2719\" data-end=\"3086\">L'hiver, quant \u00e0 lui, apporte une atmosph\u00e8re plus introspective et chaleureuse. Les nuits sont plus fra\u00eeches, invitant \u00e0 une exp\u00e9rience plus contemplative, que ce soit lors d'un d\u00eener tranquille, d'une promenade dans le centre historique ou simplement dans le silence qui enveloppe le paysage. C'est aussi une p\u00e9riode de plus grande stabilit\u00e9 climatique, favorisant des planifications plus pr\u00e9cises.<\/p><p data-start=\"3088\" data-end=\"3438\">Tout au long de l'ann\u00e9e, d'autres manifestations culturelles renforcent le lien entre territoire et m\u00e9moire. La Festa do Senhor dos Passos, \u00e0 Len\u00e7\u00f3is, traduit la force des traditions religieuses locales, tandis qu'\u00e0 Igatu, la c\u00e9l\u00e9bration de la F\u00eate des morts (Finados) apporte une dimension symbolique unique, o\u00f9 histoire, spiritualit\u00e9 et paysage s'entrelacent de mani\u00e8re silencieuse et profonde dans la marche des \u201c\u00c2mes\u201d.<\/p><p data-start=\"3440\" data-end=\"3835\">Au final, choisir quand visiter la Chapada Diamantina ne consiste pas \u00e0 trouver une condition id\u00e9ale, mais \u00e0 comprendre que chaque saison offre une lecture distincte du m\u00eame territoire. \u00c0 Len\u00e7\u00f3is, cette exp\u00e9rience se fait naturellement, une ville s\u00fbre, accueillante et o\u00f9 l'on peut se promener, o\u00f9 le visiteur trouve l'acc\u00e8s \u00e0 la nature, mais aussi un rythme qui permet de la vivre en profondeur.<\/p><p data-start=\"3837\" data-end=\"3978\" data-is-last-node=\"\" data-is-only-node=\"\">Ici, explorer et se reposer cessent d'\u00eatre oppos\u00e9s pour devenir partie d'un m\u00eame flux, continu, \u00e9quilibr\u00e9 et essentiellement authentique.<\/p>\t\t\t\t\t\t\t\t<\/div>\n\t\t\t\t<\/div>\n\t\t\t\t\t<\/div>\n\t\t\t\t<\/div>\n\t\t\t\t<\/div>","protected":false},"excerpt":{"rendered":"<p>A Chapada Diamantina, no estado da Bahia, \u00e9 um destino que se transforma ao longo do ano sem perder sua ess\u00eancia. Mais do que uma \u201cmelhor \u00e9poca\u201d, o que existe s\u00e3o diferentes formas de viver o territ\u00f3rio: cada esta\u00e7\u00e3o revela um ritmo, uma luz e possibilidades espec\u00edficas de experi\u00eancia. Entre abril e setembro, durante o [&hellip;]<\/p>\n","protected":false},"author":1,"featured_media":4116,"comment_status":"closed","ping_status":"closed","sticky":false,"template":"","format":"standard","meta":{"footnotes":""},"categories":[1],"tags":[],"class_list":["post-1823","post","type-post","status-publish","format-standard","has-post-thumbnail","hentry","category-chapada-diamantina"],"_links":{"self":[{"href":"https:\/\/lencois.com.br\/fr\/wp-json\/wp\/v2\/posts\/1823","targetHints":{"allow":["GET"]}}],"collection":[{"href":"https:\/\/lencois.com.br\/fr\/wp-json\/wp\/v2\/posts"}],"about":[{"href":"https:\/\/lencois.com.br\/fr\/wp-json\/wp\/v2\/types\/post"}],"author":[{"embeddable":true,"href":"https:\/\/lencois.com.br\/fr\/wp-json\/wp\/v2\/users\/1"}],"replies":[{"embeddable":true,"href":"https:\/\/lencois.com.br\/fr\/wp-json\/wp\/v2\/comments?post=1823"}],"version-history":[{"count":13,"href":"https:\/\/lencois.com.br\/fr\/wp-json\/wp\/v2\/posts\/1823\/revisions"}],"predecessor-version":[{"id":4766,"href":"https:\/\/lencois.com.br\/fr\/wp-json\/wp\/v2\/posts\/1823\/revisions\/4766"}],"wp:featuredmedia":[{"embeddable":true,"href":"https:\/\/lencois.com.br\/fr\/wp-json\/wp\/v2\/media\/4116"}],"wp:attachment":[{"href":"https:\/\/lencois.com.br\/fr\/wp-json\/wp\/v2\/media?parent=1823"}],"wp:term":[{"taxonomy":"category","embeddable":true,"href":"https:\/\/lencois.com.br\/fr\/wp-json\/wp\/v2\/categories?post=1823"},{"taxonomy":"post_tag","embeddable":true,"href":"https:\/\/lencois.com.br\/fr\/wp-json\/wp\/v2\/tags?post=1823"}],"curies":[{"name":"wp","href":"https:\/\/api.w.org\/{rel}","templated":true}]}}