{"id":1826,"date":"2025-12-01T16:26:25","date_gmt":"2025-12-01T19:26:25","guid":{"rendered":"https:\/\/cantoaguas.beeweb.net.br\/?p=1826"},"modified":"2026-04-20T17:27:52","modified_gmt":"2026-04-20T20:27:52","slug":"que-faire-a-lencois-randonnees-cascades-et-aventures","status":"publish","type":"post","link":"https:\/\/lencois.com.br\/fr\/o-que-fazer-em-lencois-trilhas-cachoeiras-e-aventuras\/","title":{"rendered":"Len\u00e7\u00f3is : Chemins qui R\u00e9v\u00e8lent la Chapada"},"content":{"rendered":"<div data-elementor-type=\"wp-post\" data-elementor-id=\"1826\" class=\"elementor elementor-1826\" data-elementor-post-type=\"post\">\n\t\t\t\t<div class=\"elementor-element elementor-element-50919149 e-flex e-con-boxed e-con e-parent\" data-id=\"50919149\" data-element_type=\"container\" data-e-type=\"container\">\n\t\t\t\t\t<div class=\"e-con-inner\">\n\t\t\t\t<div class=\"elementor-element elementor-element-45a4d40e elementor-widget elementor-widget-text-editor\" data-id=\"45a4d40e\" data-element_type=\"widget\" data-e-type=\"widget\" data-widget_type=\"text-editor.default\">\n\t\t\t\t<div class=\"elementor-widget-container\">\n\t\t\t\t\t\t\t\t\t<p data-start=\"0\" data-end=\"508\">\u00catre \u00e0 Len\u00e7\u00f3is pendant sept jours, c'est permettre \u00e0 la Chapada Diamantina de se r\u00e9v\u00e9ler \u00e0 votre propre rythme, un territoire d'\u00e9chelle g\u00e9ologique, de profondeur historique et de pr\u00e9sence naturelle continue. Situ\u00e9e au c\u0153ur du parc national de la Chapada Diamantina, Len\u00e7\u00f3is fonctionne comme une base rare : une petite ville o\u00f9 l'on peut se d\u00e9placer \u00e0 pied, s\u00fbre et structur\u00e9e, o\u00f9 h\u00f4tels, restaurants, sentiers et exp\u00e9riences coexistent, \u00e9liminant les frictions et permettant une immersion fluide.<\/p><p data-start=\"510\" data-end=\"865\">L'exp\u00e9rience commence par la lecture du lieu \u00e0 travers la visite de la ville avec notre concierge Dida Murta. Fond\u00e9e en 1856 pendant le cycle du diamant, la ville conserve son architecture, ses rues pav\u00e9es et une m\u00e9moire qui fa\u00e7onne encore son rythme. Un premier contact guid\u00e9 par le centre historique n'est pas seulement contextuel, il organise le regard pour tout ce qui suit. Dans la Chapada, le paysage et l'histoire ne se s\u00e9parent pas.<\/p><p data-start=\"867\" data-end=\"1400\">L'un des grands diff\u00e9rentiels de Len\u00e7\u00f3is est sa proximit\u00e9 imm\u00e9diate avec la nature. En quelques minutes de marche, l'urbain se dissout dans des formations de quartzite, des rivi\u00e8res aux eaux couleur caramel et des sentiers qui m\u00e8nent \u00e0 des exp\u00e9riences essentielles. Des lieux tels que le Serrano dans le Parc Municipal de Muritiba et le Ribeir\u00e3o do Meio n\u00e9cessitent un d\u00e9placement \u00e0 pied, entre 20 et 50 minutes de marche depuis l'H\u00f4tel (Centre Historique), offrent une introduction pr\u00e9cise \u00e0 la g\u00e9ologie et \u00e0 la dynamique de la r\u00e9gion : pierre, eau et temps en \u00e9quilibre. Ce type d'acc\u00e8s direct red\u00e9finit la relation avec le territoire, il n'y a pas de rupture entre le fait d'\u00eatre en ville et dans le Parc National.<\/p><p data-start=\"1402\" data-end=\"1870\">\u00c0 mesure que le s\u00e9jour avance, la Chapada se pr\u00e9sente par couches. Des grottes comme Lapa Doce ou Torrinha r\u00e9v\u00e8lent la dimension souterraine de la destination, avec des formations qui traversent des millions d'ann\u00e9es. Le m\u00eame jour, le contraste s'\u00e9tablit avec l'ampleur du Morro do Pai In\u00e1cio, o\u00f9 le coucher du soleil illumine plateaux et vall\u00e9es \u00e0 une \u00e9chelle qui red\u00e9finit la perception de l'espace. L'exp\u00e9rience ici est sensorielle.<\/p><p data-start=\"1872\" data-end=\"2284\">Pour ceux qui recherchent une connexion plus active, des sentiers comme la Cachoeira da Fuma\u00e7a ou la travers\u00e9e entre Pai In\u00e1cio (Pon\u00ean) et Len\u00e7\u00f3is offrent une \u00e9chelle de lecture et un effort juste comme il faut. Ce sont des chemins qui traversent d'anciens trajets de l'exploitation mini\u00e8re, passant par une v\u00e9g\u00e9tation end\u00e9mique, des rivi\u00e8res et des miradors naturels. Marcher dans la Chapada, c'est parcourir des r\u00e9cits, un territoire fa\u00e7onn\u00e9 par la nature et l'histoire.<\/p><p data-start=\"2286\" data-end=\"2699\">Entre ces jours d'exploration, des exp\u00e9riences comme le Po\u00e7o Azul introduisent un autre rythme. Dans un environnement souterrain aux eaux absolument cristallines, la lumi\u00e8re traverse la roche et r\u00e9v\u00e8le le fond avec une clart\u00e9 presque irr\u00e9elle. L'acc\u00e8s contr\u00f4l\u00e9 et la conduite locale garantissent la pr\u00e9servation environnementale.<\/p><p data-start=\"2701\" data-end=\"2990\">La semaine peut encore s'\u00e9tendre vers des territoires comme le Marimbus, o\u00f9 le paysage se transforme en eaux calmes, travers\u00e9es en cano\u00eb et rencontres avec les communaut\u00e9s Quilombolas locales. Ici, la Chapada r\u00e9v\u00e8le sa dimension culturelle, reliant la nature et des modes de vie qui restent int\u00e9gr\u00e9s \u00e0 l'environnement.<\/p><p data-start=\"2992\" data-end=\"3380\">Au final de chaque jour, Len\u00e7\u00f3is offre un retour autant pertinent. La ville maintient une atmosph\u00e8re authentique. On marche la nuit avec tranquillit\u00e9, entre restaurants qui valorisent ingr\u00e9dients locaux et une hospitalit\u00e9 marqu\u00e9e par gestes simples et authentiques. Une sensation continue d'appartenance.<\/p><p data-start=\"3382\" data-end=\"3736\" data-is-last-node=\"\" data-is-only-node=\"\">Pour le voyageur, tout est \u00e0 sa juste place : le temps, le silence, l'\u00e9chelle des paysages et la qualit\u00e9 des exp\u00e9riences. C'est une destination o\u00f9 explorer et se reposer cessent d'\u00eatre oppos\u00e9s et coexistent comme faisant partie d'un m\u00eame rythme\u2026 Continu, naturel et profond\u00e9ment authentique.<\/p>\t\t\t\t\t\t\t\t<\/div>\n\t\t\t\t<\/div>\n\t\t\t\t\t<\/div>\n\t\t\t\t<\/div>\n\t\t\t\t<\/div>","protected":false},"excerpt":{"rendered":"<p>Estar em Len\u00e7\u00f3is por sete dias \u00e9 permitir que a Chapada Diamantina se revele no seu pr\u00f3prio tempo, um territ\u00f3rio de escala geol\u00f3gica, profundidade hist\u00f3rica e presen\u00e7a natural cont\u00ednua. Localizada no cora\u00e7\u00e3o do Parque Nacional da Chapada Diamantina, Len\u00e7\u00f3is funciona como uma base rara: uma cidade pequena, caminh\u00e1vel, segura e estruturada, onde hot\u00e9is, restaurantes, trilhas [&hellip;]<\/p>\n","protected":false},"author":1,"featured_media":4104,"comment_status":"closed","ping_status":"closed","sticky":false,"template":"","format":"standard","meta":{"footnotes":""},"categories":[1],"tags":[11,15],"class_list":["post-1826","post","type-post","status-publish","format-standard","has-post-thumbnail","hentry","category-chapada-diamantina","tag-chapada-diamantina","tag-lencois"],"_links":{"self":[{"href":"https:\/\/lencois.com.br\/fr\/wp-json\/wp\/v2\/posts\/1826","targetHints":{"allow":["GET"]}}],"collection":[{"href":"https:\/\/lencois.com.br\/fr\/wp-json\/wp\/v2\/posts"}],"about":[{"href":"https:\/\/lencois.com.br\/fr\/wp-json\/wp\/v2\/types\/post"}],"author":[{"embeddable":true,"href":"https:\/\/lencois.com.br\/fr\/wp-json\/wp\/v2\/users\/1"}],"replies":[{"embeddable":true,"href":"https:\/\/lencois.com.br\/fr\/wp-json\/wp\/v2\/comments?post=1826"}],"version-history":[{"count":6,"href":"https:\/\/lencois.com.br\/fr\/wp-json\/wp\/v2\/posts\/1826\/revisions"}],"predecessor-version":[{"id":4110,"href":"https:\/\/lencois.com.br\/fr\/wp-json\/wp\/v2\/posts\/1826\/revisions\/4110"}],"wp:featuredmedia":[{"embeddable":true,"href":"https:\/\/lencois.com.br\/fr\/wp-json\/wp\/v2\/media\/4104"}],"wp:attachment":[{"href":"https:\/\/lencois.com.br\/fr\/wp-json\/wp\/v2\/media?parent=1826"}],"wp:term":[{"taxonomy":"category","embeddable":true,"href":"https:\/\/lencois.com.br\/fr\/wp-json\/wp\/v2\/categories?post=1826"},{"taxonomy":"post_tag","embeddable":true,"href":"https:\/\/lencois.com.br\/fr\/wp-json\/wp\/v2\/tags?post=1826"}],"curies":[{"name":"wp","href":"https:\/\/api.w.org\/{rel}","templated":true}]}}