{"id":2831,"date":"2026-02-24T18:49:20","date_gmt":"2026-02-24T21:49:20","guid":{"rendered":"https:\/\/cantoaguas.beeweb.net.br\/?p=2831"},"modified":"2026-03-18T21:11:04","modified_gmt":"2026-03-19T00:11:04","slug":"le-sentier-jusquau-terreiro-de-jare-quand-le-plateau-cesse-detre-paysage-et-devient-rituel","status":"publish","type":"post","link":"https:\/\/lencois.com.br\/fr\/trilha-ate-o-terreiro-de-jare-quando-a-chapada-deixa-de-ser-paisagem-e-vira-rito\/","title":{"rendered":"Sentier jusqu'au Terreiro de Jar\u00ea : quand la Chapada cesse d'\u00eatre paysage et devient rite"},"content":{"rendered":"<div data-elementor-type=\"wp-post\" data-elementor-id=\"2831\" class=\"elementor elementor-2831\" data-elementor-post-type=\"post\">\n\t\t\t\t<div class=\"elementor-element elementor-element-e9c0d3f e-flex e-con-boxed e-con e-parent\" data-id=\"e9c0d3f\" data-element_type=\"container\" data-e-type=\"container\">\n\t\t\t\t\t<div class=\"e-con-inner\">\n\t\t\t\t<div class=\"elementor-element elementor-element-cc16193 elementor-widget elementor-widget-text-editor\" data-id=\"cc16193\" data-element_type=\"widget\" data-e-type=\"widget\" data-widget_type=\"text-editor.default\">\n\t\t\t\t<div class=\"elementor-widget-container\">\n\t\t\t\t\t\t\t\t\t<p class=\"p1\">Certains sentiers m\u00e8nent \u00e0 des belv\u00e9d\u00e8res. D'autres m\u00e8nent \u00e0 des cascades.<\/p><p class=\"p1\">Mais il y en a une, \u00e0 Len\u00e7\u00f3is, qui m\u00e8ne \u00e0 un temple ancestral.<\/p><p class=\"p1\">La randonn\u00e9e jusqu'au Terreiro de Jar\u00ea n'est pas seulement un parcours de 10 kilom\u00e8tres \u00e0 travers le parc national de la Chapada Diamantina. C'est une travers\u00e9e culturelle, spirituelle et historique \u2014 de celles qui restent dans le corps m\u00eame apr\u00e8s la fin du voyage.<\/p>\t\t\t\t\t\t\t\t<\/div>\n\t\t\t\t<\/div>\n\t\t\t\t<div class=\"elementor-element elementor-element-5338853 elementor-blockquote--skin-quotation elementor-blockquote--align-center elementor-widget elementor-widget-blockquote\" data-id=\"5338853\" data-element_type=\"widget\" data-e-type=\"widget\" data-widget_type=\"blockquote.default\">\n\t\t\t\t<div class=\"elementor-widget-container\">\n\t\t\t\t\t\t\t<blockquote class=\"elementor-blockquote\">\r\n\t\t\t<p class=\"elementor-blockquote__content\">\r\n\t\t\t\tIl y a des exp\u00e9riences que l'on ne visite pas. Elles nous traversent.\t\t\t<\/p>\r\n\t\t\t\t\t\t\t<div class=\"e-q-footer\">\r\n\t\t\t\t\t\t\t\t\t\t\t<cite class=\"elementor-blockquote__author\">Jonga<\/cite>\r\n\t\t\t\t\t\t\t\t\t\t\t\t\t\t<\/div>\r\n\t\t\t\t\t<\/blockquote>\r\n\t\t\t\t\t\t<\/div>\n\t\t\t\t<\/div>\n\t\t\t\t<div class=\"elementor-element elementor-element-9bcc2c3 elementor-widget elementor-widget-text-editor\" data-id=\"9bcc2c3\" data-element_type=\"widget\" data-e-type=\"widget\" data-widget_type=\"text-editor.default\">\n\t\t\t\t<div class=\"elementor-widget-container\">\n\t\t\t\t\t\t\t\t\t<p class=\"p1\">Pour ceux qui cherchent plus que l'aventure \u2014 pour ceux qui voyagent en qu\u00eate de sens \u2014 c'est l'une des exp\u00e9riences les plus profondes que la Chapada puisse offrir.<\/p>\t\t\t\t\t\t\t\t<\/div>\n\t\t\t\t<\/div>\n\t\t\t\t<div class=\"elementor-element elementor-element-ff86984 elementor-widget elementor-widget-heading\" data-id=\"ff86984\" data-element_type=\"widget\" data-e-type=\"widget\" data-widget_type=\"heading.default\">\n\t\t\t\t<div class=\"elementor-widget-container\">\n\t\t\t\t\t<h2 class=\"elementor-heading-title elementor-size-default\">Le d\u00e9but : laisser la ville derri\u00e8re<\/h2>\t\t\t\t<\/div>\n\t\t\t\t<\/div>\n\t\t\t\t<div class=\"elementor-element elementor-element-8623ff5 elementor-widget elementor-widget-text-editor\" data-id=\"8623ff5\" data-element_type=\"widget\" data-e-type=\"widget\" data-widget_type=\"text-editor.default\">\n\t\t\t\t<div class=\"elementor-widget-container\">\n\t\t\t\t\t\t\t\t\t<p class=\"p1\">Le sentier commence encore \u00e0 Len\u00e7\u00f3is, suivant les rives du Rio S\u00e3o Jos\u00e9. Au d\u00e9but, le paysage est l\u00e9g\u00e8rement habit\u00e9 : petites cultures, agriculture familiale, habitants locaux qui gardent vivante la culture diamantif\u00e8re.<\/p><p class=\"p1\">Peu \u00e0 peu, le sentier se r\u00e9tr\u00e9cit.<br \/>La for\u00eat s'\u00e9paissit.<br \/>Le silence grandit.<\/p><p class=\"p1\">Les singes apparaissent entre les cimes des arbres. Les papillons traversent le chemin. Le bruit de l'eau accompagne chaque pas.<\/p><p class=\"p1\">Apr\u00e8s environ 10 kilom\u00e8tres, on arrive \u00e0 la division du Parc National de la Chapada Diamantina, au Rio Manda\u00e7aia. L\u00e0, une piscine d'eaux claires invite \u00e0 une pause. Une baignade. Un r\u00e9pit.<\/p><p class=\"p1\"><strong>Et donc, la travers\u00e9e.<\/strong><\/p>\t\t\t\t\t\t\t\t<\/div>\n\t\t\t\t<\/div>\n\t\t\t\t<div class=\"elementor-element elementor-element-51bd128 elementor-widget elementor-widget-heading\" data-id=\"51bd128\" data-element_type=\"widget\" data-e-type=\"widget\" data-widget_type=\"heading.default\">\n\t\t\t\t<div class=\"elementor-widget-container\">\n\t\t\t\t\t<h2 class=\"elementor-heading-title elementor-size-default\">La rencontre : Terreiro Peri da Pedra Branca de Ox\u00f3ssi<\/h2>\t\t\t\t<\/div>\n\t\t\t\t<\/div>\n\t\t\t\t<div class=\"elementor-element elementor-element-a8fdd28 elementor-widget elementor-widget-text-editor\" data-id=\"a8fdd28\" data-element_type=\"widget\" data-e-type=\"widget\" data-widget_type=\"text-editor.default\">\n\t\t\t\t<div class=\"elementor-widget-container\">\n\t\t\t\t\t\t\t\t\t<p class=\"p1\">En traversant la rivi\u00e8re, le paysage change encore.<\/p><p class=\"p1\">Devant le sentier, s'\u00e9l\u00e8ve le Terreiro de Jar\u00ea \u2014 une branche religieuse afro-diamantina, propre \u00e0 la r\u00e9gion de la Chapada. Ce n'est pas seulement un temple. C'est un territoire sacr\u00e9 qui remonte aux temps de l'exploitation des diamants.<\/p><p class=\"p1\">Le sol est de la terre battue.<br \/>Et il en doit \u00eatre ainsi.<\/p><p class=\"p1\">Ali, les pieds touchent le sol. Le contact avec la terre fait partie du rite.<\/p><p class=\"p1\">Au fond, l'imposante Pedra Branca d'Ox\u00f3ssi \u2014 une paroi naturelle d'environ 70 \u00e0 80 m\u00e8tres de roche claire \u2014 donne son nom \u00e0 l'espace et soutient l'atmosph\u00e8re de r\u00e9v\u00e9rence.<\/p><p class=\"p1\">Le Terreiro Peri da Pedra Branca de Ox\u00f3ssi perp\u00e9tue une tradition transmise de g\u00e9n\u00e9ration en g\u00e9n\u00e9ration. L'actuel p\u00e8re de saint dirige les c\u00e9l\u00e9brations comme son p\u00e8re l'a fait avant lui, pr\u00e9servant une lign\u00e9e spirituelle qui traverse les d\u00e9cennies.<\/p>\t\t\t\t\t\t\t\t<\/div>\n\t\t\t\t<\/div>\n\t\t\t\t<div class=\"elementor-element elementor-element-6f1d8df elementor-widget elementor-widget-image\" data-id=\"6f1d8df\" data-element_type=\"widget\" data-e-type=\"widget\" data-widget_type=\"image.default\">\n\t\t\t\t<div class=\"elementor-widget-container\">\n\t\t\t\t\t\t\t\t\t\t\t\t\t\t\t<img fetchpriority=\"high\" decoding=\"async\" width=\"800\" height=\"450\" src=\"https:\/\/lencois.com.br\/wp-content\/uploads\/2026\/02\/Festa-de-Jare-no-Terreiro-Peji-da-Pedra-Branca-de-Oxossi-1-1024x576.jpg\" class=\"attachment-large size-large wp-image-2862\" alt=\"\" srcset=\"https:\/\/lencois.com.br\/wp-content\/uploads\/2026\/02\/Festa-de-Jare-no-Terreiro-Peji-da-Pedra-Branca-de-Oxossi-1-1024x576.jpg 1024w, https:\/\/lencois.com.br\/wp-content\/uploads\/2026\/02\/Festa-de-Jare-no-Terreiro-Peji-da-Pedra-Branca-de-Oxossi-1-300x169.jpg 300w, https:\/\/lencois.com.br\/wp-content\/uploads\/2026\/02\/Festa-de-Jare-no-Terreiro-Peji-da-Pedra-Branca-de-Oxossi-1-768x432.jpg 768w, https:\/\/lencois.com.br\/wp-content\/uploads\/2026\/02\/Festa-de-Jare-no-Terreiro-Peji-da-Pedra-Branca-de-Oxossi-1-1536x864.jpg 1536w, https:\/\/lencois.com.br\/wp-content\/uploads\/2026\/02\/Festa-de-Jare-no-Terreiro-Peji-da-Pedra-Branca-de-Oxossi-1.jpg 1920w\" sizes=\"(max-width: 800px) 100vw, 800px\" \/>\t\t\t\t\t\t\t\t\t\t\t\t\t\t\t<\/div>\n\t\t\t\t<\/div>\n\t\t\t\t\t<\/div>\n\t\t\t\t<\/div>\n\t\t<div class=\"elementor-element elementor-element-e431a16 e-flex e-con-boxed e-con e-parent\" data-id=\"e431a16\" data-element_type=\"container\" data-e-type=\"container\">\n\t\t\t\t\t<div class=\"e-con-inner\">\n\t\t\t\t<div class=\"elementor-element elementor-element-38a5256 elementor-widget elementor-widget-heading\" data-id=\"38a5256\" data-element_type=\"widget\" data-e-type=\"widget\" data-widget_type=\"heading.default\">\n\t\t\t\t<div class=\"elementor-widget-container\">\n\t\t\t\t\t<h2 class=\"elementor-heading-title elementor-size-default\">La f\u00eate : couleurs, chants et pleine lune<\/h2>\t\t\t\t<\/div>\n\t\t\t\t<\/div>\n\t\t\t\t\t<\/div>\n\t\t\t\t<\/div>\n\t\t<div class=\"elementor-element elementor-element-4510409 e-flex e-con-boxed e-con e-parent\" data-id=\"4510409\" data-element_type=\"container\" data-e-type=\"container\">\n\t\t\t\t\t<div class=\"e-con-inner\">\n\t\t\t\t<div class=\"elementor-element elementor-element-6028f7a elementor-widget elementor-widget-text-editor\" data-id=\"6028f7a\" data-element_type=\"widget\" data-e-type=\"widget\" data-widget_type=\"text-editor.default\">\n\t\t\t\t<div class=\"elementor-widget-container\">\n\t\t\t\t\t\t\t\t\t<p class=\"p1\">Lorsqu'il y a c\u00e9l\u00e9bration, le terreiro se transforme.<\/p><p class=\"p1\">Les lumi\u00e8res prennent les couleurs des orishas honor\u00e9s. L'autel occupe le devant de la sc\u00e8ne. Les chants r\u00e9sonnent dans la for\u00eat. Les jeunes p\u00e8res, m\u00e8res et initi\u00e9s participent au rite avec une joie vibrante.<\/p><p class=\"p1\">Ce n'est pas un spectacle.<\/p><p class=\"p1\">C'est une exp\u00e9rience.<\/p><p class=\"p1\">Et donc, au petit matin, apr\u00e8s des heures de c\u00e9l\u00e9bration, arrive l'un des moments les plus marquants de l'exp\u00e9rience : le bain de rivi\u00e8re sous la pleine lune.<\/p><p class=\"p1\">Eau froide.<br \/>Silence nocturne.<br \/>Lumi\u00e8re argent\u00e9e se refl\u00e9tant dans le courant.<\/p>\t\t\t\t\t\t\t\t<\/div>\n\t\t\t\t<\/div>\n\t\t\t\t\t<\/div>\n\t\t\t\t<\/div>\n\t\t<div class=\"elementor-element elementor-element-d425061 e-flex e-con-boxed e-con e-parent\" data-id=\"d425061\" data-element_type=\"container\" data-e-type=\"container\">\n\t\t\t\t\t<div class=\"e-con-inner\">\n\t\t\t\t<div class=\"elementor-element elementor-element-64b5695 elementor-blockquote--skin-quotation elementor-blockquote--align-center elementor-widget elementor-widget-blockquote\" data-id=\"64b5695\" data-element_type=\"widget\" data-e-type=\"widget\" data-widget_type=\"blockquote.default\">\n\t\t\t\t<div class=\"elementor-widget-container\">\n\t\t\t\t\t\t\t<blockquote class=\"elementor-blockquote\">\r\n\t\t\t<p class=\"elementor-blockquote__content\">\r\n\t\t\t\tLa Chapada la nuit n'est pas sombre. Elle est lumineuse.\t\t\t<\/p>\r\n\t\t\t\t\t\t\t<div class=\"e-q-footer\">\r\n\t\t\t\t\t\t\t\t\t\t\t<cite class=\"elementor-blockquote__author\">Jonga<\/cite>\r\n\t\t\t\t\t\t\t\t\t\t\t\t\t\t<\/div>\r\n\t\t\t\t\t<\/blockquote>\r\n\t\t\t\t\t\t<\/div>\n\t\t\t\t<\/div>\n\t\t\t\t\t<\/div>\n\t\t\t\t<\/div>\n\t\t<div class=\"elementor-element elementor-element-569a7c6 e-flex e-con-boxed e-con e-parent\" data-id=\"569a7c6\" data-element_type=\"container\" data-e-type=\"container\">\n\t\t\t\t\t<div class=\"e-con-inner\">\n\t\t\t\t<div class=\"elementor-element elementor-element-72757c0 elementor-widget elementor-widget-text-editor\" data-id=\"72757c0\" data-element_type=\"widget\" data-e-type=\"widget\" data-widget_type=\"text-editor.default\">\n\t\t\t\t<div class=\"elementor-widget-container\">\n\t\t\t\t\t\t\t\t\t<p class=\"p1\">Le retour se fait en retraversant le sentier - environ une heure et demie jusqu'\u00e0 Len\u00e7\u00f3is. Des lucioles illuminent le chemin. Le corps est fatigu\u00e9. L'esprit, alerte.<\/p>\t\t\t\t\t\t\t\t<\/div>\n\t\t\t\t<\/div>\n\t\t\t\t\t<\/div>\n\t\t\t\t<\/div>\n\t\t<div class=\"elementor-element elementor-element-da20d62 e-flex e-con-boxed e-con e-parent\" data-id=\"da20d62\" data-element_type=\"container\" data-e-type=\"container\">\n\t\t\t\t\t<div class=\"e-con-inner\">\n\t\t<div class=\"elementor-element elementor-element-68328d4 e-con-full e-flex e-con e-child\" data-id=\"68328d4\" data-element_type=\"container\" data-e-type=\"container\">\n\t\t\t\t<div class=\"elementor-element elementor-element-61836a1 elementor-widget elementor-widget-heading\" data-id=\"61836a1\" data-element_type=\"widget\" data-e-type=\"widget\" data-widget_type=\"heading.default\">\n\t\t\t\t<div class=\"elementor-widget-container\">\n\t\t\t\t\t<h2 class=\"elementor-heading-title elementor-size-default\">Pourquoi ce sentier transforme-t-il ?<\/h2>\t\t\t\t<\/div>\n\t\t\t\t<\/div>\n\t\t\t\t<div class=\"elementor-element elementor-element-0d5aae9 elementor-widget elementor-widget-text-editor\" data-id=\"0d5aae9\" data-element_type=\"widget\" data-e-type=\"widget\" data-widget_type=\"text-editor.default\">\n\t\t\t\t<div class=\"elementor-widget-container\">\n\t\t\t\t\t\t\t\t\t<p class=\"p1\">Parce qu'elle r\u00e9unit trois couches rares en une seule exp\u00e9rience :<\/p><ol start=\"1\"><li><p class=\"p1\">Nature pr\u00e9serv\u00e9e<\/p><\/li><li><p class=\"p1\">Histoire afro-diamantino vivante<\/p><\/li><li><p class=\"p1\">Authentic ritualit\u00e9<\/p><\/li><\/ol><p class=\"p1\">Ce n'est pas du tourisme religieux.<\/p><p class=\"p1\">Ce n'est pas seulement de l'\u00e9cotourisme.<\/p><p class=\"p1\">Rencontre culturelle.<\/p><p class=\"p1\">Pour les voyageuses de plus de 35 ans, habitu\u00e9es aux exp\u00e9riences internationales et attentives \u00e0 l'authenticit\u00e9 des destinations, cette exp\u00e9rience r\u00e9v\u00e8le un Br\u00e9sil profond \u2014 loin du folklore superficiel et proche de la racine.<\/p>\t\t\t\t\t\t\t\t<\/div>\n\t\t\t\t<\/div>\n\t\t\t\t<\/div>\n\t\t<div class=\"elementor-element elementor-element-d595fed e-con-full e-flex e-con e-child\" data-id=\"d595fed\" data-element_type=\"container\" data-e-type=\"container\" data-settings=\"{&quot;background_background&quot;:&quot;classic&quot;}\">\n\t\t\t\t<div class=\"elementor-element elementor-element-4294c3e elementor-widget elementor-widget-image\" data-id=\"4294c3e\" data-element_type=\"widget\" data-e-type=\"widget\" data-widget_type=\"image.default\">\n\t\t\t\t<div class=\"elementor-widget-container\">\n\t\t\t\t\t\t\t\t\t\t\t\t\t\t\t<img decoding=\"async\" width=\"800\" height=\"450\" src=\"https:\/\/lencois.com.br\/wp-content\/uploads\/2026\/02\/Pai-Damare-Jare-1-1024x576.jpg\" class=\"attachment-large size-large wp-image-2861\" alt=\"\" srcset=\"https:\/\/lencois.com.br\/wp-content\/uploads\/2026\/02\/Pai-Damare-Jare-1-1024x576.jpg 1024w, https:\/\/lencois.com.br\/wp-content\/uploads\/2026\/02\/Pai-Damare-Jare-1-300x169.jpg 300w, https:\/\/lencois.com.br\/wp-content\/uploads\/2026\/02\/Pai-Damare-Jare-1-768x432.jpg 768w, https:\/\/lencois.com.br\/wp-content\/uploads\/2026\/02\/Pai-Damare-Jare-1-1536x864.jpg 1536w, https:\/\/lencois.com.br\/wp-content\/uploads\/2026\/02\/Pai-Damare-Jare-1.jpg 1920w\" sizes=\"(max-width: 800px) 100vw, 800px\" \/>\t\t\t\t\t\t\t\t\t\t\t\t\t\t\t<\/div>\n\t\t\t\t<\/div>\n\t\t\t\t<\/div>\n\t\t\t\t\t<\/div>\n\t\t\t\t<\/div>\n\t\t<div class=\"elementor-element elementor-element-deecd4d e-flex e-con-boxed e-con e-parent\" data-id=\"deecd4d\" data-element_type=\"container\" data-e-type=\"container\">\n\t\t\t\t\t<div class=\"e-con-inner\">\n\t\t\t\t<div class=\"elementor-element elementor-element-7b81a4c elementor-widget elementor-widget-heading\" data-id=\"7b81a4c\" data-element_type=\"widget\" data-e-type=\"widget\" data-widget_type=\"heading.default\">\n\t\t\t\t<div class=\"elementor-widget-container\">\n\t\t\t\t\t<h2 class=\"elementor-heading-title elementor-size-default\">Culture, respect et pr\u00e9paration<\/h2>\t\t\t\t<\/div>\n\t\t\t\t<\/div>\n\t\t\t\t\t<\/div>\n\t\t\t\t<\/div>\n\t\t<div class=\"elementor-element elementor-element-48b8288 e-flex e-con-boxed e-con e-parent\" data-id=\"48b8288\" data-element_type=\"container\" data-e-type=\"container\">\n\t\t\t\t\t<div class=\"e-con-inner\">\n\t\t\t\t<div class=\"elementor-element elementor-element-0737118 elementor-widget elementor-widget-text-editor\" data-id=\"0737118\" data-element_type=\"widget\" data-e-type=\"widget\" data-widget_type=\"text-editor.default\">\n\t\t\t\t<div class=\"elementor-widget-container\">\n\t\t\t\t\t\t\t\t\t<p class=\"p1\">Visiter le Terreiro de Jar\u00ea exige du respect. Il s'agit d'un espace sacr\u00e9. Il est fondamental :<\/p><ul><li><p class=\"p1\">Accompagn\u00e9 par des guides locaux exp\u00e9riment\u00e9s<\/p><\/li><li><p class=\"p1\">Comprendre le sens culturel de l'exp\u00e9rience<\/p><\/li><li><p class=\"p1\">Participer avec une attitude d'observateur respectueux<\/p><\/li><\/ul><p class=\"p1\">Le sentier, bien qu'accessible aux personnes en forme physique mod\u00e9r\u00e9e, exige une planification \u2014 surtout si l'intention inclut l'exp\u00e9rience nocturne et le retour sous la lune.<\/p>\t\t\t\t\t\t\t\t<\/div>\n\t\t\t\t<\/div>\n\t\t\t\t<div class=\"elementor-element elementor-element-8602949 elementor-widget elementor-widget-heading\" data-id=\"8602949\" data-element_type=\"widget\" data-e-type=\"widget\" data-widget_type=\"heading.default\">\n\t\t\t\t<div class=\"elementor-widget-container\">\n\t\t\t\t\t<h2 class=\"elementor-heading-title elementor-size-default\">O\u00f9 cette exp\u00e9rience commence-t-elle vraiment<\/h2>\t\t\t\t<\/div>\n\t\t\t\t<\/div>\n\t\t\t\t<div class=\"elementor-element elementor-element-cb12836 elementor-widget elementor-widget-text-editor\" data-id=\"cb12836\" data-element_type=\"widget\" data-e-type=\"widget\" data-widget_type=\"text-editor.default\">\n\t\t\t\t<div class=\"elementor-widget-container\">\n\t\t\t\t\t\t\t\t\t<p class=\"p1\">Bien que le sentier commence physiquement \u00e0 Len\u00e7\u00f3is, l'exp\u00e9rience commence plus t\u00f4t : par le choix de s\u00e9journer dans un endroit qui comprend le territoire.<\/p><p class=\"p1\">A <span class=\"s1\"><b>Auberge le Chant des Eaux<\/b><\/span> na\u00eet exactement de cette harmonie entre art, nature et culture locale. En bord de rivi\u00e8re, avec une architecture affective et un engagement durable, l'h\u00f4tel fonctionne comme une extension sensible de ce que l'on vit sur le sentier.<\/p><p class=\"p1\">Ici, le son des rapides n'est pas un d\u00e9tail.<\/p><p class=\"p1\">\u00c7a fait partie de l'\u00e9tat d'esprit.<\/p><p class=\"p1\">Apr\u00e8s une exp\u00e9rience intense comme la randonn\u00e9e jusqu'\u00e0 Terreiro de Jar\u00ea, revenir \u00e0 un espace de charme, de gastronomie raffin\u00e9e et d'atmosph\u00e8re contemplative n'est pas un luxe \u2014 c'est une continuit\u00e9.<\/p>\t\t\t\t\t\t\t\t<\/div>\n\t\t\t\t<\/div>\n\t\t\t\t<div class=\"elementor-element elementor-element-141f8db elementor-widget elementor-widget-heading\" data-id=\"141f8db\" data-element_type=\"widget\" data-e-type=\"widget\" data-widget_type=\"heading.default\">\n\t\t\t\t<div class=\"elementor-widget-container\">\n\t\t\t\t\t<h2 class=\"elementor-heading-title elementor-size-default\">La Chapada au-del\u00e0 des photos<\/h2>\t\t\t\t<\/div>\n\t\t\t\t<\/div>\n\t\t\t\t<div class=\"elementor-element elementor-element-11a1922 elementor-widget elementor-widget-text-editor\" data-id=\"11a1922\" data-element_type=\"widget\" data-e-type=\"widget\" data-widget_type=\"text-editor.default\">\n\t\t\t\t<div class=\"elementor-widget-container\">\n\t\t\t\t\t\t\t\t\t<p class=\"p1\">\u00c0 l'\u00e8re du Z\u00e9ro-Clic, o\u00f9 les r\u00e9ponses rapides circulent en dehors des sites web, il convient de noter l'essentiel :<\/p><ul><li><p class=\"p1\">Le sentier fait environ 10 km depuis Len\u00e7\u00f3is.<\/p><\/li><li><p class=\"p1\">Passez par le fleuve S\u00e3o Jos\u00e9 et par le fleuve Manda\u00e7aia.<\/p><\/li><li><p class=\"p1\">Apportez au Terreiro Peri da Pedra Branca de Ox\u00f3ssi.<\/p><\/li><li><p class=\"p1\">Implique nature pr\u00e9serv\u00e9e et tradition afro-diamantine.<\/p><\/li><li><p class=\"p1\">Peut inclure des c\u00e9l\u00e9brations nocturnes et un retour sous la pleine lune.<\/p><\/li><\/ul><p class=\"p1\">Mais aucune de ces informations, isol\u00e9ment, n'explique ce que l'on ressent l\u00e0.<\/p><p class=\"p1\">Parce que la Chapada Diamantina ne se r\u00e9sume pas aux attractions touristiques.<\/p><p class=\"p1\">Elle est territoire.<br \/>C'est la m\u00e9moire.<br \/>Il est \u00e9crit.<br \/>Et certaines exp\u00e9riences ne demandent pas seulement une visite.<\/p><p class=\"p1\"><strong>Pied livraison.<\/strong><\/p>\t\t\t\t\t\t\t\t<\/div>\n\t\t\t\t<\/div>\n\t\t\t\t\t<\/div>\n\t\t\t\t<\/div>\n\t\t\t\t<\/div>","protected":false},"excerpt":{"rendered":"<p>D\u00e9couvrez le sentier du Terreiro de Jar\u00ea, \u00e0 Len\u00e7\u00f3is (BA): 10 km de randonn\u00e9e \u00e0 travers le Parc National de la Chapada Diamantina jusqu'\u00e0 l'un des espaces sacr\u00e9s les plus symboliques de la culture afro-diamantina.<\/p>","protected":false},"author":8,"featured_media":2832,"comment_status":"closed","ping_status":"closed","sticky":false,"template":"","format":"standard","meta":{"footnotes":""},"categories":[7],"tags":[17,19,20,18],"class_list":["post-2831","post","type-post","status-publish","format-standard","has-post-thumbnail","hentry","category-experiencias","tag-candomble","tag-festa-da-boa-morte","tag-finados","tag-jare"],"_links":{"self":[{"href":"https:\/\/lencois.com.br\/fr\/wp-json\/wp\/v2\/posts\/2831","targetHints":{"allow":["GET"]}}],"collection":[{"href":"https:\/\/lencois.com.br\/fr\/wp-json\/wp\/v2\/posts"}],"about":[{"href":"https:\/\/lencois.com.br\/fr\/wp-json\/wp\/v2\/types\/post"}],"author":[{"embeddable":true,"href":"https:\/\/lencois.com.br\/fr\/wp-json\/wp\/v2\/users\/8"}],"replies":[{"embeddable":true,"href":"https:\/\/lencois.com.br\/fr\/wp-json\/wp\/v2\/comments?post=2831"}],"version-history":[{"count":23,"href":"https:\/\/lencois.com.br\/fr\/wp-json\/wp\/v2\/posts\/2831\/revisions"}],"predecessor-version":[{"id":4121,"href":"https:\/\/lencois.com.br\/fr\/wp-json\/wp\/v2\/posts\/2831\/revisions\/4121"}],"wp:featuredmedia":[{"embeddable":true,"href":"https:\/\/lencois.com.br\/fr\/wp-json\/wp\/v2\/media\/2832"}],"wp:attachment":[{"href":"https:\/\/lencois.com.br\/fr\/wp-json\/wp\/v2\/media?parent=2831"}],"wp:term":[{"taxonomy":"category","embeddable":true,"href":"https:\/\/lencois.com.br\/fr\/wp-json\/wp\/v2\/categories?post=2831"},{"taxonomy":"post_tag","embeddable":true,"href":"https:\/\/lencois.com.br\/fr\/wp-json\/wp\/v2\/tags?post=2831"}],"curies":[{"name":"wp","href":"https:\/\/api.w.org\/{rel}","templated":true}]}}