{"id":4057,"date":"2026-03-18T16:15:58","date_gmt":"2026-03-18T19:15:58","guid":{"rendered":"https:\/\/lencois.com.br\/?p=4057"},"modified":"2026-04-27T10:09:09","modified_gmt":"2026-04-27T13:09:09","slug":"traversee-de-pones-lencois-histoire-nature-et-acces-au-parc-national-de-la-chapada-diamantina","status":"publish","type":"post","link":"https:\/\/lencois.com.br\/fr\/travessia-ponen-lencois-historia-natureza-e-acesso-ao-parque-nacional-da-chapada-diamantina\/","title":{"rendered":"Travers\u00e9e Pon\u00ean \u2013 Len\u00e7\u00f3is : histoire, nature et acc\u00e8s au Parc National de la Chapada Diamantina"},"content":{"rendered":"<div data-elementor-type=\"wp-post\" data-elementor-id=\"4057\" class=\"elementor elementor-4057\" data-elementor-post-type=\"post\">\n\t\t\t\t<div class=\"elementor-element elementor-element-6294daa e-flex e-con-boxed e-con e-parent\" data-id=\"6294daa\" data-element_type=\"container\" data-e-type=\"container\">\n\t\t\t\t\t<div class=\"e-con-inner\">\n\t\t\t\t<div class=\"elementor-element elementor-element-aa195bf elementor-widget elementor-widget-video\" data-id=\"aa195bf\" data-element_type=\"widget\" data-e-type=\"widget\" data-settings=\"{&quot;youtube_url&quot;:&quot;https:\\\/\\\/youtu.be\\\/L97HGdGat84&quot;,&quot;video_type&quot;:&quot;youtube&quot;,&quot;controls&quot;:&quot;yes&quot;}\" data-widget_type=\"video.default\">\n\t\t\t\t<div class=\"elementor-widget-container\">\n\t\t\t\t\t\t\t<div class=\"elementor-wrapper elementor-open-inline\">\n\t\t\t<div class=\"elementor-video\"><\/div>\t\t<\/div>\n\t\t\t\t\t\t<\/div>\n\t\t\t\t<\/div>\n\t\t\t\t<div class=\"elementor-element elementor-element-a12b1e8 elementor-widget elementor-widget-text-editor\" data-id=\"a12b1e8\" data-element_type=\"widget\" data-e-type=\"widget\" data-widget_type=\"text-editor.default\">\n\t\t\t\t<div class=\"elementor-widget-container\">\n\t\t\t\t\t\t\t\t\t<p><span style=\"font-weight: 400;\">Le sentier de Pon\u00ean, \u00e0 Len\u00e7\u00f3is, r\u00e9v\u00e8le histoire, nature et acc\u00e8s au Parc National de la Chapada Diamantina, et une des routes qui aident \u00e0 comprendre l'origine de la ville et sa relation avec le territoire.<\/span><\/p><p><span style=\"font-weight: 400;\">Situ\u00e9 \u00e0 l'entr\u00e9e du parc national de la Chapada Diamantina, ce sentier remonte au XVIIIe si\u00e8cle, lorsque des mineurs et des personnes asservies ont ouvert les premiers acc\u00e8s \u00e0 travers la montagne \u00e0 la recherche des diamants qui ont donn\u00e9 naissance \u00e0 Len\u00e7\u00f3is. Avant la construction des routes, cet itin\u00e9raire servait de voie d'acc\u00e8s principale \u00e0 la r\u00e9gion, reliant les zones d'exploitation mini\u00e8re au centre urbain qui allait se consolider comme la ville de Len\u00e7\u00f3is. Le film Pon\u00ean \u2013 Len\u00e7\u00f3is parcourt cet itin\u00e9raire, r\u00e9v\u00e9lant non seulement le paysage de la Chapada, mais aussi les couches historiques pr\u00e9sentes tout au long du chemin. La randonn\u00e9e traverse des zones de v\u00e9g\u00e9tation typique du biome, avec des esp\u00e8ces adapt\u00e9es aux variations d'altitude et de climat. Tout au long du parcours, il est encore possible de reconna\u00eetre des tron\u00e7ons pr\u00e9serv\u00e9s du trac\u00e9 d'origine, o\u00f9 l'intervention humaine s'est int\u00e9gr\u00e9e de mani\u00e8re permanente au paysage. L'un des points les plus marquants du sentier est la maison de Pon\u00ean.<\/span><\/p><p><span style=\"font-weight: 400;\">Pendant de nombreuses ann\u00e9es, elle a v\u00e9cu \u00e0 l'entr\u00e9e de ce sentier, devenant une figure famili\u00e8re pour les voyageurs et les habitants. Sa pr\u00e9sence constante, aux c\u00f4t\u00e9s de ses chiens Occident et Orient, lui a valu d'\u00eatre reconnue comme une sorte de gardienne informelle du sentier. Aujourd'hui, sa maison reste un rep\u00e8re symbolique, un point de m\u00e9moire qui aide \u00e0 comprendre l'occupation humaine de la r\u00e9gion avant le d\u00e9veloppement du tourisme. Au-del\u00e0 de sa pertinence historique, le sentier offre \u00e9galement un contact direct avec la biodiversit\u00e9 de la Chapada Diamantina.<\/span><\/p><p><span style=\"font-weight: 400;\">Parmi les esp\u00e8ces observ\u00e9es figure le Gravatinha (Augastes lumachella), un colibri end\u00e9mique de la r\u00e9gion et tr\u00e8s appr\u00e9ci\u00e9 des ornithologues. Le sentier Pon\u00ean n'est pas seulement une randonn\u00e9e dans le parc national de la Chapada Diamantina.<\/span><\/p><p><span style=\"font-weight: 400;\">Elle est l'une des cl\u00e9s pour comprendre comment Len\u00e7\u00f3is est apparue, a grandi et s'est connect\u00e9e \u00e0 son environnement naturel. S\u00e9journer \u00e0 Len\u00e7\u00f3is permet un acc\u00e8s facile \u00e0 cette randonn\u00e9e et \u00e0 d'autres sentiers \u00e0 l'int\u00e9rieur du parc national, dont beaucoup sont situ\u00e9s \u00e0 quelques minutes \u00e0 pied du centre-ville. \u00c0 l'h\u00f4tel Canto das \u00c1guas, cette proximit\u00e9 avec la nature et l'histoire locale fait partie de l'exp\u00e9rience. \u00catre dans la Chapada Diamantina, c'est parcourir des sentiers qui pr\u00e9servent encore la m\u00e9moire du territoire.<\/span><\/p>\t\t\t\t\t\t\t\t<\/div>\n\t\t\t\t<\/div>\n\t\t\t\t\t<\/div>\n\t\t\t\t<\/div>\n\t\t\t\t<\/div>","protected":false},"excerpt":{"rendered":"<p>Le sentier de Pon\u00ean dans Len\u00e7\u00f3is : histoire, nature et acc\u00e8s au parc national de la Chapada Diamantina<\/p>","protected":false},"author":8,"featured_media":3342,"comment_status":"closed","ping_status":"closed","sticky":false,"template":"","format":"standard","meta":{"footnotes":""},"categories":[7],"tags":[11],"class_list":["post-4057","post","type-post","status-publish","format-standard","has-post-thumbnail","hentry","category-experiencias","tag-chapada-diamantina"],"_links":{"self":[{"href":"https:\/\/lencois.com.br\/fr\/wp-json\/wp\/v2\/posts\/4057","targetHints":{"allow":["GET"]}}],"collection":[{"href":"https:\/\/lencois.com.br\/fr\/wp-json\/wp\/v2\/posts"}],"about":[{"href":"https:\/\/lencois.com.br\/fr\/wp-json\/wp\/v2\/types\/post"}],"author":[{"embeddable":true,"href":"https:\/\/lencois.com.br\/fr\/wp-json\/wp\/v2\/users\/8"}],"replies":[{"embeddable":true,"href":"https:\/\/lencois.com.br\/fr\/wp-json\/wp\/v2\/comments?post=4057"}],"version-history":[{"count":11,"href":"https:\/\/lencois.com.br\/fr\/wp-json\/wp\/v2\/posts\/4057\/revisions"}],"predecessor-version":[{"id":4747,"href":"https:\/\/lencois.com.br\/fr\/wp-json\/wp\/v2\/posts\/4057\/revisions\/4747"}],"wp:featuredmedia":[{"embeddable":true,"href":"https:\/\/lencois.com.br\/fr\/wp-json\/wp\/v2\/media\/3342"}],"wp:attachment":[{"href":"https:\/\/lencois.com.br\/fr\/wp-json\/wp\/v2\/media?parent=4057"}],"wp:term":[{"taxonomy":"category","embeddable":true,"href":"https:\/\/lencois.com.br\/fr\/wp-json\/wp\/v2\/categories?post=4057"},{"taxonomy":"post_tag","embeddable":true,"href":"https:\/\/lencois.com.br\/fr\/wp-json\/wp\/v2\/tags?post=4057"}],"curies":[{"name":"wp","href":"https:\/\/api.w.org\/{rel}","templated":true}]}}