{"id":4099,"date":"2026-03-18T19:58:06","date_gmt":"2026-03-18T22:58:06","guid":{"rendered":"https:\/\/lencois.com.br\/?p=4099"},"modified":"2026-03-18T21:08:57","modified_gmt":"2026-03-19T00:08:57","slug":"peu-bleu-ou-la-lumiere-revele-la-profondeur-du-plateau","status":"publish","type":"post","link":"https:\/\/lencois.com.br\/fr\/poco-azul-onde-a-luz-revela-a-profundidade-da-chapada\/","title":{"rendered":"Po\u00e7o Azul : L\u00e0 o\u00f9 la Lumi\u00e8re R\u00e9v\u00e8le la Profondeur de la Chapada"},"content":{"rendered":"<div data-elementor-type=\"wp-post\" data-elementor-id=\"4099\" class=\"elementor elementor-4099\" data-elementor-post-type=\"post\">\n\t\t\t\t<div class=\"elementor-element elementor-element-a341c0c e-flex e-con-boxed e-con e-parent\" data-id=\"a341c0c\" data-element_type=\"container\" data-e-type=\"container\">\n\t\t\t\t\t<div class=\"e-con-inner\">\n\t\t\t\t<div class=\"elementor-element elementor-element-a434c8e elementor-widget elementor-widget-video\" data-id=\"a434c8e\" data-element_type=\"widget\" data-e-type=\"widget\" data-settings=\"{&quot;youtube_url&quot;:&quot;https:\\\/\\\/youtu.be\\\/0y2onSoVEqE&quot;,&quot;video_type&quot;:&quot;youtube&quot;,&quot;controls&quot;:&quot;yes&quot;}\" data-widget_type=\"video.default\">\n\t\t\t\t<div class=\"elementor-widget-container\">\n\t\t\t\t\t\t\t<div class=\"elementor-wrapper elementor-open-inline\">\n\t\t\t<div class=\"elementor-video\"><\/div>\t\t<\/div>\n\t\t\t\t\t\t<\/div>\n\t\t\t\t<\/div>\n\t\t\t\t\t<\/div>\n\t\t\t\t<\/div>\n\t\t<div class=\"elementor-element elementor-element-0d440fa e-flex e-con-boxed e-con e-parent\" data-id=\"0d440fa\" data-element_type=\"container\" data-e-type=\"container\">\n\t\t\t\t\t<div class=\"e-con-inner\">\n\t\t\t\t<div class=\"elementor-element elementor-element-c7c885f elementor-widget elementor-widget-text-editor\" data-id=\"c7c885f\" data-element_type=\"widget\" data-e-type=\"widget\" data-widget_type=\"text-editor.default\">\n\t\t\t\t<div class=\"elementor-widget-container\">\n\t\t\t\t\t\t\t\t\t<p data-start=\"149\" data-end=\"540\">Le Po\u00e7o Azul est l'une des exp\u00e9riences naturelles les plus impressionnantes de la Chapada Diamantina, en Bahia, et l'une des excursions les plus marquantes pour ceux qui visitent Len\u00e7\u00f3is. Reconnu pour la transparence absolue de ses eaux et le ph\u00e9nom\u00e8ne unique de la lumi\u00e8re du soleil qui illumine la grotte dans des tons bleus intenses, le lieu offre une exp\u00e9rience rare, o\u00f9 la nature, le silence et la contemplation se rejoignent.<\/p><p data-start=\"542\" data-end=\"996\">Situ\u00e9 \u00e0 quelques heures de Len\u00e7\u00f3is, principal porte d'entr\u00e9e du parc national de la Chapada Diamantina, le Po\u00e7o Azul se distingue par sa beaut\u00e9, ainsi que par la mani\u00e8re dont il est pr\u00e9serv\u00e9. L'acc\u00e8s est soigneusement contr\u00f4l\u00e9, avec un nombre limit\u00e9 de visiteurs par jour, garantissant la protection de l'\u00e9cosyst\u00e8me et une exp\u00e9rience plus tranquille, sans foule. Cette organisation refl\u00e8te l'engagement de la r\u00e9gion envers un tourisme durable et responsable.<\/p><p data-start=\"998\" data-end=\"1419\">L'exp\u00e9rience \u00e0 l'int\u00e9rieur de la grotte est simple et en m\u00eame temps surprenante. \u00c9quip\u00e9s de gilets de sauvetage, les visiteurs glissent doucement sur l'eau cristalline, observant le fond du puits avec une clart\u00e9 impressionnante. \u00c0 certains moments de la journ\u00e9e, lorsque la lumi\u00e8re traverse l'ouverture de la grotte, l'environnement se transforme, r\u00e9v\u00e9lant un bleu profond et presque irr\u00e9el, qui est devenu un symbole de la Chapada Diamantina.<\/p><p data-start=\"1421\" data-end=\"1885\">Plus qu'un attrait isol\u00e9, le Po\u00e7o Azul fait partie d'un territoire reconnu pour sa richesse naturelle et la mani\u00e8re consciente dont le tourisme est g\u00e9r\u00e9.<\/p><p data-start=\"1421\" data-end=\"1885\">La Chapada Diamantina est l'une des principales destinations d'\u00e9cotourisme du Br\u00e9sil, avec des paysages qui combinent des canyons, des rivi\u00e8res aux eaux pures, des cascades et une biodiversit\u00e9 pr\u00e9serv\u00e9e. La valorisation des guides locaux, le respect des zones prot\u00e9g\u00e9es et l'int\u00e9gration avec les communaut\u00e9s sont les piliers de cette exp\u00e9rience.<\/p><p data-start=\"1887\" data-end=\"2314\">Len\u00e7\u00f3is, la ville de base pour explorer la r\u00e9gion, compl\u00e8te cette exp\u00e9rience de mani\u00e8re unique. Petite, s\u00fbre et accueillante, elle peut \u00eatre explor\u00e9e enti\u00e8rement \u00e0 pied. En seulement cinq minutes de marche \u00e0 partir du centre historique, il est d\u00e9j\u00e0 possible d'acc\u00e9der \u00e0 des zones du parc national, en commen\u00e7ant des sentiers qui m\u00e8nent \u00e0 des rivi\u00e8res et des formations naturelles. Cette proximit\u00e9 entre ville et nature cr\u00e9e une connexion directe et continue avec l'environnement.<\/p><p data-start=\"2316\" data-end=\"2632\">Contrairement aux destinations touristiques envahies, Len\u00e7\u00f3is pr\u00e9serve une atmosph\u00e8re authentique. Il n'y a pas de harc\u00e8lement commercial ni d'exc\u00e8s de stimulation, seulement des sourires sinc\u00e8res, des gens toujours pr\u00eats \u00e0 aider et un rythme de vie qui invite \u00e0 la pr\u00e9sence. C'est un joyau rare, o\u00f9 le visiteur se sent naturellement le bienvenu.<\/p><p data-start=\"2634\" data-end=\"2968\">La structure locale permet que l'exp\u00e9rience soit compl\u00e8te, combinant nature et confort. Des restaurants comme le Cozinha Aberta, le Restaurante Lampi\u00e3o et le Restaurante Azul offrent des interpr\u00e9tations contemporaines de la cuisine r\u00e9gionale.<\/p><p data-start=\"2970\" data-end=\"3176\">Pour les visiteurs internationaux, le support de services tels qu'un concierge francophone facilite la communication et la cr\u00e9ation d'itin\u00e9raires personnalis\u00e9s, garantissant ainsi plus de confort et de s\u00e9curit\u00e9 pendant leur s\u00e9jour.<\/p><p data-start=\"3178\" data-end=\"3421\" data-is-last-node=\"\" data-is-only-node=\"\">Visiter le Puits Bleu est plus que conna\u00eetre un lieu, c'est vivre un sc\u00e9nario o\u00f9 la lumi\u00e8re, l'eau et le temps se rencontrent avec pr\u00e9cision. Une exp\u00e9rience qui traduit l'essence de la Chapada Diamantina : intense, pr\u00e9serv\u00e9e et silencieusement inoubliable.<\/p>\t\t\t\t\t\t\t\t<\/div>\n\t\t\t\t<\/div>\n\t\t\t\t\t<\/div>\n\t\t\t\t<\/div>\n\t\t\t\t<\/div>","protected":false},"excerpt":{"rendered":"<p>Po\u00e7o Azul \u00e9 uma das experi\u00eancias naturais mais impressionantes da Chapada Diamantina, na Bahia, e um dos passeios mais marcantes para quem visita Len\u00e7\u00f3is. Conhecido pela transpar\u00eancia absoluta de suas \u00e1guas e pelo fen\u00f4meno \u00fanico de incid\u00eancia da luz solar que ilumina a caverna em tons intensos de azul, o local oferece uma viv\u00eancia rara, [&hellip;]<\/p>\n","protected":false},"author":28,"featured_media":2567,"comment_status":"closed","ping_status":"closed","sticky":false,"template":"","format":"standard","meta":{"footnotes":""},"categories":[1],"tags":[14],"class_list":["post-4099","post","type-post","status-publish","format-standard","has-post-thumbnail","hentry","category-chapada-diamantina","tag-poco-azul"],"_links":{"self":[{"href":"https:\/\/lencois.com.br\/fr\/wp-json\/wp\/v2\/posts\/4099","targetHints":{"allow":["GET"]}}],"collection":[{"href":"https:\/\/lencois.com.br\/fr\/wp-json\/wp\/v2\/posts"}],"about":[{"href":"https:\/\/lencois.com.br\/fr\/wp-json\/wp\/v2\/types\/post"}],"author":[{"embeddable":true,"href":"https:\/\/lencois.com.br\/fr\/wp-json\/wp\/v2\/users\/28"}],"replies":[{"embeddable":true,"href":"https:\/\/lencois.com.br\/fr\/wp-json\/wp\/v2\/comments?post=4099"}],"version-history":[{"count":4,"href":"https:\/\/lencois.com.br\/fr\/wp-json\/wp\/v2\/posts\/4099\/revisions"}],"predecessor-version":[{"id":4103,"href":"https:\/\/lencois.com.br\/fr\/wp-json\/wp\/v2\/posts\/4099\/revisions\/4103"}],"wp:featuredmedia":[{"embeddable":true,"href":"https:\/\/lencois.com.br\/fr\/wp-json\/wp\/v2\/media\/2567"}],"wp:attachment":[{"href":"https:\/\/lencois.com.br\/fr\/wp-json\/wp\/v2\/media?parent=4099"}],"wp:term":[{"taxonomy":"category","embeddable":true,"href":"https:\/\/lencois.com.br\/fr\/wp-json\/wp\/v2\/categories?post=4099"},{"taxonomy":"post_tag","embeddable":true,"href":"https:\/\/lencois.com.br\/fr\/wp-json\/wp\/v2\/tags?post=4099"}],"curies":[{"name":"wp","href":"https:\/\/api.w.org\/{rel}","templated":true}]}}