{"id":4245,"date":"2026-04-10T10:50:34","date_gmt":"2026-04-10T13:50:34","guid":{"rendered":"https:\/\/lencois.com.br\/?p=4245"},"modified":"2026-04-10T23:02:22","modified_gmt":"2026-04-11T02:02:22","slug":"ce-qui-reste-lorsque-le-feu-passe","status":"publish","type":"post","link":"https:\/\/lencois.com.br\/fr\/o-que-permanece-quando-o-fogo-passa\/","title":{"rendered":"Que reste-t-il quand le feu passe ?"},"content":{"rendered":"<div data-elementor-type=\"wp-post\" data-elementor-id=\"4245\" class=\"elementor elementor-4245\" data-elementor-post-type=\"post\">\n\t\t\t\t<div class=\"elementor-element elementor-element-f114992 e-flex e-con-boxed e-con e-parent\" data-id=\"f114992\" data-element_type=\"container\" data-e-type=\"container\">\n\t\t\t\t\t<div class=\"e-con-inner\">\n\t\t\t\t\t<\/div>\n\t\t\t\t<\/div>\n\t\t<div class=\"elementor-element elementor-element-180ce89 e-flex e-con-boxed e-con e-parent\" data-id=\"180ce89\" data-element_type=\"container\" data-e-type=\"container\">\n\t\t\t\t\t<div class=\"e-con-inner\">\n\t\t\t\t<div class=\"elementor-element elementor-element-92ae91d elementor-widget elementor-widget-text-editor\" data-id=\"92ae91d\" data-element_type=\"widget\" data-e-type=\"widget\" data-widget_type=\"text-editor.default\">\n\t\t\t\t<div class=\"elementor-widget-container\">\n\t\t\t\t\t\t\t\t\t<p><span style=\"caret-color: #000000; color: #000000; font-family: var( --e-global-typography-text-font-family ), Sans-serif; text-align: var(--text-align); font-size: 1rem;\">Il y a des moments o\u00f9 le paysage change brusquement. Pas comme une transformation lente de l'\u00e9volution naturelle, mais comme une rupture. Dans la Chapada Diamantina, le feu traverse le territoire comme \u00e7a. Parfois attendu, parfois non. La v\u00e9g\u00e9tation s'assombrit, l'air perd de sa densit\u00e9, les sons s'alt\u00e8rent et le temps semble suspendu. Et pourtant, quelque chose demeure.<\/span><\/p><p style=\"caret-color: #000000; color: #000000;\" data-start=\"513\" data-end=\"797\">Ce n'est pas la premi\u00e8re fois que le feu traverse ces montagnes, mais ce n'est plus le m\u00eame feu qu'avant. Les cycles se sont raccourcis, les saisons ont cess\u00e9 d'offrir des rep\u00e8res clairs et la s\u00e9cheresse peut arriver vite et repartir \u00e0 la m\u00eame vitesse. Ce qui \u00e9tait autrefois une lecture du temps est aujourd'hui une attention continue.<\/p><p style=\"caret-color: #000000; color: #000000;\" data-start=\"799\" data-end=\"1231\">C'est dans ce contexte que la Brigade Volontaire de Len\u00e7\u00f3is s'est form\u00e9e. Au d\u00e9but, il n'y avait pas de structure, il y avait une pr\u00e9sence. Bouteilles r\u00e9utilis\u00e9es, branches vertes, longs d\u00e9placements et la d\u00e9cision de ne pas ignorer. Avec le temps sont venus les \u00e9quipements, l'organisation et la gestion soign\u00e9e des ressources. Aujourd'hui, il y a une m\u00e9thode, une reddition de comptes et une pr\u00e9paration, mais ce qui soutient tout cela reste moins visible.<\/p>\t\t\t\t\t\t\t\t<\/div>\n\t\t\t\t<\/div>\n\t\t\t\t\t<\/div>\n\t\t\t\t<\/div>\n\t\t<div class=\"elementor-element elementor-element-e0ae92d e-flex e-con-boxed e-con e-parent\" data-id=\"e0ae92d\" data-element_type=\"container\" data-e-type=\"container\">\n\t\t\t\t\t<div class=\"e-con-inner\">\n\t\t\t\t<div class=\"elementor-element elementor-element-b128edf elementor-widget elementor-widget-image\" data-id=\"b128edf\" data-element_type=\"widget\" data-e-type=\"widget\" data-widget_type=\"image.default\">\n\t\t\t\t<div class=\"elementor-widget-container\">\n\t\t\t\t\t\t\t\t\t\t\t\t\t\t\t<img fetchpriority=\"high\" decoding=\"async\" width=\"800\" height=\"341\" src=\"https:\/\/lencois.com.br\/wp-content\/uploads\/2026\/04\/Brigada-de-Incendio-Chapada-Diamantina-00.jpg\" class=\"attachment-large size-large wp-image-4258\" alt=\"\" srcset=\"https:\/\/lencois.com.br\/wp-content\/uploads\/2026\/04\/Brigada-de-Incendio-Chapada-Diamantina-00.jpg 960w, https:\/\/lencois.com.br\/wp-content\/uploads\/2026\/04\/Brigada-de-Incendio-Chapada-Diamantina-00-300x128.jpg 300w, https:\/\/lencois.com.br\/wp-content\/uploads\/2026\/04\/Brigada-de-Incendio-Chapada-Diamantina-00-768x327.jpg 768w\" sizes=\"(max-width: 800px) 100vw, 800px\" \/>\t\t\t\t\t\t\t\t\t\t\t\t\t\t\t<\/div>\n\t\t\t\t<\/div>\n\t\t\t\t\t<\/div>\n\t\t\t\t<\/div>\n\t\t<div class=\"elementor-element elementor-element-999daf0 e-flex e-con-boxed e-con e-parent\" data-id=\"999daf0\" data-element_type=\"container\" data-e-type=\"container\">\n\t\t\t\t\t<div class=\"e-con-inner\">\n\t\t\t\t<div class=\"elementor-element elementor-element-a04a7e8 elementor-widget elementor-widget-text-editor\" data-id=\"a04a7e8\" data-element_type=\"widget\" data-e-type=\"widget\" data-widget_type=\"text-editor.default\">\n\t\t\t\t<div class=\"elementor-widget-container\">\n\t\t\t\t\t\t\t\t\t<p data-start=\"1233\" data-end=\"1506\">Ils partent sans garantie de retour rapide. Parfois \u00e0 pied, parfois en h\u00e9licopt\u00e8re. Ils restent trois jours, trois nuits \u00e0 l'int\u00e9rieur de la montagne, sans sentier d\u00e9fini, sans confort, avec le corps expos\u00e9 et l'attention constante. Le travail exige de la technique, mais ne s'explique pas seulement par elle.<\/p><p data-start=\"1508\" data-end=\"1791\">Il y a aussi ce qui se passe avant. Les conversations dans les \u00e9coles, les rencontres qui paraissent petites, mais qui r\u00e9organisent la fa\u00e7on dont on regarde le territoire. Et ce qui se passe apr\u00e8s. Des animaux sauv\u00e9s, des zones qui respirent lentement \u00e0 nouveau. Rien de tout cela n'est g\u00e9n\u00e9ralement vu, mais c'est ce qui soutient.<\/p><p data-start=\"1793\" data-end=\"2148\">Aucun mouvement comme celui-ci ne tient tout seul. Il existe un r\u00e9seau silencieux autour, fait de gestes pratiques. Quelqu'un qui organise un transport, quelqu'un qui pr\u00e9pare un repas, quelqu'un qui passe un coup de fil au bon moment. Nous en faisons aussi partie, sans annonce, avec fiert\u00e9. Prendre soin n'est pas un geste extraordinaire, c'est une obligation continue.<\/p>\t\t\t\t\t\t\t\t<\/div>\n\t\t\t\t<\/div>\n\t\t\t\t\t<\/div>\n\t\t\t\t<\/div>\n\t\t<div class=\"elementor-element elementor-element-163ee7f e-flex e-con-boxed e-con e-parent\" data-id=\"163ee7f\" data-element_type=\"container\" data-e-type=\"container\">\n\t\t\t\t\t<div class=\"e-con-inner\">\n\t\t\t\t<div class=\"elementor-element elementor-element-e5f92df elementor-widget elementor-widget-text-editor\" data-id=\"e5f92df\" data-element_type=\"widget\" data-e-type=\"widget\" data-widget_type=\"text-editor.default\">\n\t\t\t\t<div class=\"elementor-widget-container\">\n\t\t\t\t\t\t\t\t\t<p data-start=\"3062\" data-end=\"3114\">Le Chapada est un territoire actif.<br data-start=\"3089\" data-end=\"3092\" \/>Celui qui visite passe \u00e0 int\u00e9grer ce contexte m\u00eame pour quelques jours passe aussi \u00e0 \u00eatre responsable : comprendre les limites du parc, respecter les directives, \u00e9viter les risques inutiles.<\/p><p data-start=\"3307\" data-end=\"3386\">Le tourisme qui a du sens ici n'est pas seulement contemplatif. Il exige de l'attention.<\/p><p data-start=\"2405\" data-end=\"2637\">Nous ressentons une transformation r\u00e9elle dans la compr\u00e9hension des responsabilit\u00e9s individuelles et collectives. Il y a une conscience croissante, bien que discr\u00e8te, des personnes qui arrivent avec un autre regard, des communaut\u00e9s qui se r\u00e9organisent. L'avenir se construit avec persistance, obstination et \u00e9ducation.<\/p><p data-start=\"2639\" data-end=\"2898\">Entre le fleuve Len\u00e7\u00f3is et les montagnes de la Chapada Diamantina, nous avons appris que demeurer n'est pas r\u00e9sister de mani\u00e8re rigide. C'est s'adapter, \u00e9couter et entretenir des relations qui ont du sens. La Brigade Volontaire de Len\u00e7\u00f3is nous le rappelle simplement en restant l\u00e0 o\u00f9 il faut \u00eatre, avec une g\u00e9n\u00e9rosit\u00e9 collective encore rare, mais essentielle pour nous inspirer.<\/p>\t\t\t\t\t\t\t\t<\/div>\n\t\t\t\t<\/div>\n\t\t\t\t\t<\/div>\n\t\t\t\t<\/div>\n\t\t<div class=\"elementor-element elementor-element-94e3dd5 e-grid e-con-full e-con e-parent\" data-id=\"94e3dd5\" data-element_type=\"container\" data-e-type=\"container\">\n\t\t\t\t<div class=\"elementor-element elementor-element-95d0943 elementor-widget elementor-widget-image\" data-id=\"95d0943\" data-element_type=\"widget\" data-e-type=\"widget\" data-widget_type=\"image.default\">\n\t\t\t\t<div class=\"elementor-widget-container\">\n\t\t\t\t\t\t\t\t\t\t\t\t\t\t\t<img decoding=\"async\" width=\"800\" height=\"341\" src=\"https:\/\/lencois.com.br\/wp-content\/uploads\/2026\/04\/Brigada-de-Incendio-Chapada-Diamantina-08-1024x436.jpg\" class=\"attachment-large size-large wp-image-4265\" alt=\"\" srcset=\"https:\/\/lencois.com.br\/wp-content\/uploads\/2026\/04\/Brigada-de-Incendio-Chapada-Diamantina-08-1024x436.jpg 1024w, https:\/\/lencois.com.br\/wp-content\/uploads\/2026\/04\/Brigada-de-Incendio-Chapada-Diamantina-08-300x128.jpg 300w, https:\/\/lencois.com.br\/wp-content\/uploads\/2026\/04\/Brigada-de-Incendio-Chapada-Diamantina-08-768x327.jpg 768w, https:\/\/lencois.com.br\/wp-content\/uploads\/2026\/04\/Brigada-de-Incendio-Chapada-Diamantina-08.jpg 1280w\" sizes=\"(max-width: 800px) 100vw, 800px\" \/>\t\t\t\t\t\t\t\t\t\t\t\t\t\t\t<\/div>\n\t\t\t\t<\/div>\n\t\t\t\t<div class=\"elementor-element elementor-element-6b7be8d elementor-widget elementor-widget-image\" data-id=\"6b7be8d\" data-element_type=\"widget\" data-e-type=\"widget\" data-widget_type=\"image.default\">\n\t\t\t\t<div class=\"elementor-widget-container\">\n\t\t\t\t\t\t\t\t\t\t\t\t\t\t\t<img decoding=\"async\" width=\"800\" height=\"341\" src=\"https:\/\/lencois.com.br\/wp-content\/uploads\/2026\/04\/Brigada-de-Incendio-Chapada-Diamantina-09-1024x436.jpg\" class=\"attachment-large size-large wp-image-4266\" alt=\"\" srcset=\"https:\/\/lencois.com.br\/wp-content\/uploads\/2026\/04\/Brigada-de-Incendio-Chapada-Diamantina-09-1024x436.jpg 1024w, https:\/\/lencois.com.br\/wp-content\/uploads\/2026\/04\/Brigada-de-Incendio-Chapada-Diamantina-09-300x128.jpg 300w, https:\/\/lencois.com.br\/wp-content\/uploads\/2026\/04\/Brigada-de-Incendio-Chapada-Diamantina-09-768x327.jpg 768w, https:\/\/lencois.com.br\/wp-content\/uploads\/2026\/04\/Brigada-de-Incendio-Chapada-Diamantina-09-1536x654.jpg 1536w, https:\/\/lencois.com.br\/wp-content\/uploads\/2026\/04\/Brigada-de-Incendio-Chapada-Diamantina-09-2048x872.jpg 2048w\" sizes=\"(max-width: 800px) 100vw, 800px\" \/>\t\t\t\t\t\t\t\t\t\t\t\t\t\t\t<\/div>\n\t\t\t\t<\/div>\n\t\t\t\t<div class=\"elementor-element elementor-element-0ddf3a9 elementor-widget elementor-widget-image\" data-id=\"0ddf3a9\" data-element_type=\"widget\" data-e-type=\"widget\" data-widget_type=\"image.default\">\n\t\t\t\t<div class=\"elementor-widget-container\">\n\t\t\t\t\t\t\t\t\t\t\t\t\t\t\t<img loading=\"lazy\" decoding=\"async\" width=\"800\" height=\"341\" src=\"https:\/\/lencois.com.br\/wp-content\/uploads\/2026\/04\/Brigada-de-Incendio-Chapada-Diamantina-05-1024x436.jpg\" class=\"attachment-large size-large wp-image-4262\" alt=\"\" srcset=\"https:\/\/lencois.com.br\/wp-content\/uploads\/2026\/04\/Brigada-de-Incendio-Chapada-Diamantina-05-1024x436.jpg 1024w, https:\/\/lencois.com.br\/wp-content\/uploads\/2026\/04\/Brigada-de-Incendio-Chapada-Diamantina-05-300x128.jpg 300w, https:\/\/lencois.com.br\/wp-content\/uploads\/2026\/04\/Brigada-de-Incendio-Chapada-Diamantina-05-768x327.jpg 768w, https:\/\/lencois.com.br\/wp-content\/uploads\/2026\/04\/Brigada-de-Incendio-Chapada-Diamantina-05-1536x654.jpg 1536w, https:\/\/lencois.com.br\/wp-content\/uploads\/2026\/04\/Brigada-de-Incendio-Chapada-Diamantina-05-2048x872.jpg 2048w\" sizes=\"(max-width: 800px) 100vw, 800px\" \/>\t\t\t\t\t\t\t\t\t\t\t\t\t\t\t<\/div>\n\t\t\t\t<\/div>\n\t\t\t\t<\/div>\n\t\t<div class=\"elementor-element elementor-element-883d26b e-flex e-con-boxed e-con e-parent\" data-id=\"883d26b\" data-element_type=\"container\" data-e-type=\"container\">\n\t\t\t\t\t<div class=\"e-con-inner\">\n\t\t\t\t<div class=\"elementor-element elementor-element-ee8f9a1 elementor-widget elementor-widget-text-editor\" data-id=\"ee8f9a1\" data-element_type=\"widget\" data-e-type=\"widget\" data-widget_type=\"text-editor.default\">\n\t\t\t\t<div class=\"elementor-widget-container\">\n\t\t\t\t\t\t\t\t\t<p data-start=\"107\" data-end=\"386\">Prendre soin de ce territoire est une responsabilit\u00e9 partag\u00e9e.<br data-start=\"168\" data-end=\"171\" \/>Elle se manifesta par des gestes simples et constants : dans la fa\u00e7on dont nous parlons de la nature avec nos amis, nos enfants et notre famille, dans la mani\u00e8re dont nous nous comportons lorsque nous visitons un parc, et dans les choix que nous faisons au quotidien.<\/p><p data-start=\"388\" data-end=\"411\">Il y a aussi ceux qui vont plus loin.<\/p><p data-start=\"413\" data-end=\"612\">Les brigadistes volontaires de Len\u00e7\u00f3is consacrent leur temps, leur \u00e9nergie et leur pr\u00e9sence pour prot\u00e9ger la Chapada Diamantina dans des conditions souvent extr\u00eames. Soutenir ce travail est une fa\u00e7on concr\u00e8te de participer.<\/p><p data-start=\"614\" data-end=\"816\">Cela peut se produire de diff\u00e9rentes mani\u00e8res : par don d'\u00e9quipements, soutien logistique, nourriture pendant les op\u00e9rations, ou contributions financi\u00e8res qui aident \u00e0 maintenir la Brigade active et pr\u00e9par\u00e9e.<\/p><p data-start=\"847\" data-end=\"919\"><strong data-start=\"847\" data-end=\"919\">Cl\u00e9 PIX (CNPJ) : 04.480.108\/0001-80<br data-start=\"885\" data-end=\"888\" \/>Brigade Volontaire de Len\u00e7\u00f3is\u00a0<\/strong><\/p><p data-start=\"847\" data-end=\"919\"><strong data-start=\"847\" data-end=\"919\">Courriel : bvlencois@gmail.com<\/strong><\/p><p data-start=\"847\" data-end=\"919\">Voici nos remerciements \u00e0 tous les pompiers volontaires de Len\u00e7\u00f3is et de toute la Chapada Diamantina, pour leur engagement continu envers la nature et ce territoire qui nous fait vivre.<\/p><p data-start=\"847\" data-end=\"919\">H\u00f4tel Canto das \u00c1guas<\/p><p data-start=\"847\" data-end=\"919\"><strong>Photos fournies par la BVL<\/strong><\/p>\t\t\t\t\t\t\t\t<\/div>\n\t\t\t\t<\/div>\n\t\t\t\t\t<\/div>\n\t\t\t\t<\/div>\n\t\t\t\t<\/div>","protected":false},"excerpt":{"rendered":"<p>H\u00e1 momentos em que a paisagem muda de forma abrupta. N\u00e3o como uma transforma\u00e7\u00e3o lenta da evolu\u00e7\u00e3o natural, mas como ruptura. Na Chapada Diamantina, o fogo atravessa o territ\u00f3rio assim. \u00c0s vezes esperado, outras vezes n\u00e3o. A vegeta\u00e7\u00e3o escurece, o ar perde densidade, os sons se alteram e o tempo parece suspenso. E, ainda assim, [&hellip;]<\/p>\n","protected":false},"author":28,"featured_media":4261,"comment_status":"closed","ping_status":"closed","sticky":false,"template":"","format":"standard","meta":{"footnotes":""},"categories":[22,1],"tags":[11,26],"class_list":["post-4245","post","type-post","status-publish","format-standard","has-post-thumbnail","hentry","category-sustentabilidade","category-chapada-diamantina","tag-chapada-diamantina","tag-sustentabilidade"],"_links":{"self":[{"href":"https:\/\/lencois.com.br\/fr\/wp-json\/wp\/v2\/posts\/4245","targetHints":{"allow":["GET"]}}],"collection":[{"href":"https:\/\/lencois.com.br\/fr\/wp-json\/wp\/v2\/posts"}],"about":[{"href":"https:\/\/lencois.com.br\/fr\/wp-json\/wp\/v2\/types\/post"}],"author":[{"embeddable":true,"href":"https:\/\/lencois.com.br\/fr\/wp-json\/wp\/v2\/users\/28"}],"replies":[{"embeddable":true,"href":"https:\/\/lencois.com.br\/fr\/wp-json\/wp\/v2\/comments?post=4245"}],"version-history":[{"count":39,"href":"https:\/\/lencois.com.br\/fr\/wp-json\/wp\/v2\/posts\/4245\/revisions"}],"predecessor-version":[{"id":4393,"href":"https:\/\/lencois.com.br\/fr\/wp-json\/wp\/v2\/posts\/4245\/revisions\/4393"}],"wp:featuredmedia":[{"embeddable":true,"href":"https:\/\/lencois.com.br\/fr\/wp-json\/wp\/v2\/media\/4261"}],"wp:attachment":[{"href":"https:\/\/lencois.com.br\/fr\/wp-json\/wp\/v2\/media?parent=4245"}],"wp:term":[{"taxonomy":"category","embeddable":true,"href":"https:\/\/lencois.com.br\/fr\/wp-json\/wp\/v2\/categories?post=4245"},{"taxonomy":"post_tag","embeddable":true,"href":"https:\/\/lencois.com.br\/fr\/wp-json\/wp\/v2\/tags?post=4245"}],"curies":[{"name":"wp","href":"https:\/\/api.w.org\/{rel}","templated":true}]}}