{"id":4392,"date":"2026-04-16T12:39:52","date_gmt":"2026-04-16T15:39:52","guid":{"rendered":"https:\/\/lencois.com.br\/?p=4392"},"modified":"2026-04-27T10:20:20","modified_gmt":"2026-04-27T13:20:20","slug":"guide-complet-de-la-chapada","status":"publish","type":"post","link":"https:\/\/lencois.com.br\/fr\/guia-completo-da-chapada\/","title":{"rendered":"Guide complet de la Chapada Diamantina : comment s'y rendre, o\u00f9 loger et que faire \u00e0 Len\u00e7\u00f3is"},"content":{"rendered":"<div data-elementor-type=\"wp-post\" data-elementor-id=\"4392\" class=\"elementor elementor-4392\" data-elementor-post-type=\"post\">\n\t\t\t\t<div class=\"elementor-element elementor-element-f114992 e-flex e-con-boxed e-con e-parent\" data-id=\"f114992\" data-element_type=\"container\" data-e-type=\"container\">\n\t\t\t\t\t<div class=\"e-con-inner\">\n\t\t\t\t\t<\/div>\n\t\t\t\t<\/div>\n\t\t<div class=\"elementor-element elementor-element-180ce89 e-flex e-con-boxed e-con e-parent\" data-id=\"180ce89\" data-element_type=\"container\" data-e-type=\"container\">\n\t\t\t\t\t<div class=\"e-con-inner\">\n\t\t\t\t<div class=\"elementor-element elementor-element-92ae91d elementor-widget elementor-widget-text-editor\" data-id=\"92ae91d\" data-element_type=\"widget\" data-e-type=\"widget\" data-widget_type=\"text-editor.default\">\n\t\t\t\t<div class=\"elementor-widget-container\">\n\t\t\t\t\t\t\t\t\t<h2 style=\"text-align: center;\">Guide complet de la Chapada Diamantina : comment s'y rendre, o\u00f9 loger et que faire \u00e0 Len\u00e7\u00f3is.<\/h2><h5 style=\"text-align: center;\">Partie 1<\/h5><p data-start=\"0\" data-end=\"295\">La Chapada Diamantina est l'une des destinations les plus singuli\u00e8res du Br\u00e9sil pour ceux qui recherchent la nature, des sentiers de randonn\u00e9e, des cascades, des grottes, des villes historiques et une exp\u00e9rience de voyage plus profonde. Dans l'int\u00e9rieur de la Bahia, la r\u00e9gion r\u00e9unit des paysages grandioses et diff\u00e9rentes fa\u00e7ons d'habiter et de percevoir le territoire.<\/p><p data-start=\"297\" data-end=\"558\">Entre montagnes, rivi\u00e8res, sentiers historiques et villes de pierre, la Chapada Diamantina r\u00e9v\u00e8le certains des paysages les plus extraordinaires du pays. C'est une destination qui allie force sc\u00e9nique, densit\u00e9 historique et une relation tr\u00e8s particuli\u00e8re entre nature, culture et temps.<\/p><p data-start=\"560\" data-end=\"1109\" data-is-last-node=\"\" data-is-only-node=\"\">Pour ceux qui visitent la Chapada Diamantina pour la premi\u00e8re fois, Len\u00e7\u00f3is est une excellente option pour commencer. La ville r\u00e9unit une bonne infrastructure, un acc\u00e8s facile \u00e0 de nombreux attraits principaux, un centre historique anim\u00e9 et une atmosph\u00e8re naturellement accueillante. Pour ceux qui souhaitent d\u00e9couvrir la r\u00e9gion avec confort, profondeur et fluidit\u00e9, Len\u00e7\u00f3is est le point de d\u00e9part le plus complet. Pour ceux qui veulent prolonger le voyage, inclure quelques jours \u00e0 Mucug\u00ea est une mani\u00e8re particuli\u00e8rement int\u00e9ressante d'explorer \u00e9galement le sud du parc et de construire une lecture plus large de la Chapada.<\/p>\t\t\t\t\t\t\t\t<\/div>\n\t\t\t\t<\/div>\n\t\t\t\t\t<\/div>\n\t\t\t\t<\/div>\n\t\t<div class=\"elementor-element elementor-element-e0ae92d e-flex e-con-boxed e-con e-parent\" data-id=\"e0ae92d\" data-element_type=\"container\" data-e-type=\"container\">\n\t\t\t\t\t<div class=\"e-con-inner\">\n\t\t\t\t<div class=\"elementor-element elementor-element-b128edf elementor-widget elementor-widget-image\" data-id=\"b128edf\" data-element_type=\"widget\" data-e-type=\"widget\" data-widget_type=\"image.default\">\n\t\t\t\t<div class=\"elementor-widget-container\">\n\t\t\t\t\t\t\t\t\t\t\t\t\t\t\t<img fetchpriority=\"high\" decoding=\"async\" width=\"800\" height=\"334\" src=\"https:\/\/lencois.com.br\/wp-content\/uploads\/2025\/12\/Hotel-Canto-das-Aguas-12-1024x427.jpg\" class=\"attachment-large size-large wp-image-4104\" alt=\"\" srcset=\"https:\/\/lencois.com.br\/wp-content\/uploads\/2025\/12\/Hotel-Canto-das-Aguas-12-1024x427.jpg 1024w, https:\/\/lencois.com.br\/wp-content\/uploads\/2025\/12\/Hotel-Canto-das-Aguas-12-300x125.jpg 300w, https:\/\/lencois.com.br\/wp-content\/uploads\/2025\/12\/Hotel-Canto-das-Aguas-12-768x320.jpg 768w, https:\/\/lencois.com.br\/wp-content\/uploads\/2025\/12\/Hotel-Canto-das-Aguas-12-1536x640.jpg 1536w, https:\/\/lencois.com.br\/wp-content\/uploads\/2025\/12\/Hotel-Canto-das-Aguas-12.jpg 2048w\" sizes=\"(max-width: 800px) 100vw, 800px\" \/>\t\t\t\t\t\t\t\t\t\t\t\t\t\t\t<\/div>\n\t\t\t\t<\/div>\n\t\t\t\t\t<\/div>\n\t\t\t\t<\/div>\n\t\t<div class=\"elementor-element elementor-element-999daf0 e-flex e-con-boxed e-con e-parent\" data-id=\"999daf0\" data-element_type=\"container\" data-e-type=\"container\">\n\t\t\t\t\t<div class=\"e-con-inner\">\n\t\t\t\t<div class=\"elementor-element elementor-element-a04a7e8 elementor-widget elementor-widget-text-editor\" data-id=\"a04a7e8\" data-element_type=\"widget\" data-e-type=\"widget\" data-widget_type=\"text-editor.default\">\n\t\t\t\t<div class=\"elementor-widget-container\">\n\t\t\t\t\t\t\t\t\t<h2>Comment se rendre \u00e0 la Chapada Diamantina<\/h2><p class=\"isSelectedEnd\">La Chapada Diamantina poss\u00e8de l'a\u00e9roport de Len\u00e7\u00f3is, avec des vols r\u00e9guliers d'Azul et, pendant certaines p\u00e9riodes de haute saison, \u00e9galement des vols de Latam. Pour de nombreux voyageurs, c'est le moyen le plus pratique d'atteindre la r\u00e9gion.<\/p><p>Une autre option est de d\u00e9barquer \u00e0 Salvador et de se rendre \u00e0 Len\u00e7\u00f3is par la route, en voiture, en transfert priv\u00e9 ou en bus. Pour ceux qui viennent de l'\u00e9tranger, le trajet commence normalement par Salvador et continue jusqu'\u00e0 Len\u00e7\u00f3is, qui reste la principale porte d'entr\u00e9e pour explorer la partie centrale et nord de la Chapada Diamantina.<\/p>\t\t\t\t\t\t\t\t<\/div>\n\t\t\t\t<\/div>\n\t\t\t\t\t<\/div>\n\t\t\t\t<\/div>\n\t\t<div class=\"elementor-element elementor-element-163ee7f e-flex e-con-boxed e-con e-parent\" data-id=\"163ee7f\" data-element_type=\"container\" data-e-type=\"container\">\n\t\t\t\t\t<div class=\"e-con-inner\">\n\t\t\t\t<div class=\"elementor-element elementor-element-e5f92df elementor-widget elementor-widget-text-editor\" data-id=\"e5f92df\" data-element_type=\"widget\" data-e-type=\"widget\" data-widget_type=\"text-editor.default\">\n\t\t\t\t<div class=\"elementor-widget-container\">\n\t\t\t\t\t\t\t\t\t<h2>O\u00f9 s\u00e9journer \u00e0 Len\u00e7\u00f3is<\/h2><p class=\"isSelectedEnd\">Pour la grande majorit\u00e9 des voyageurs, le meilleur choix est de s\u00e9journer \u00e0 Len\u00e7\u00f3is. La ville combine structure, charme historique, bonne gastronomie et acc\u00e8s facile \u00e0 diverses excursions \u00e0 fort impact \u00e9motionnel.<\/p><p class=\"isSelectedEnd\">Au Canto das \u00c1guas Hotel, cette exp\u00e9rience prend encore plus de profondeur. L'h\u00f4tel se trouve au c\u0153ur du centre historique de Len\u00e7\u00f3is, au bord de la rivi\u00e8re, et propose un s\u00e9jour qui allie art, nature et hospitalit\u00e9 avec une identit\u00e9 locale. C'\u00e9tait le premier h\u00f4tel durable du Br\u00e9sil et il entretient une relation tr\u00e8s particuli\u00e8re avec le territoire.<\/p><p class=\"isSelectedEnd\">Une autre diff\u00e9rence importante, surtout pour les clients \u00e9trangers, est le concierge. Notre \u00e9quipe aide \u00e0 organiser le voyage, sugg\u00e9rer des itin\u00e9raires, guider les d\u00e9placements et faciliter les r\u00e9servations. Dida Murta, notre concierge, parle portugais, fran\u00e7ais, anglais et italien, ce qui apporte plus de fluidit\u00e9 et de s\u00e9curit\u00e9 \u00e0 ceux qui viennent de l'\u00e9tranger.<\/p><p class=\"isSelectedEnd\">Les jeudis et les dimanches, jours qui co\u00efncident habituellement avec les arriv\u00e9es de vols \u00e0 Len\u00e7\u00f3is, l'h\u00f4tel offre une visite de la ville gratuite. Apr\u00e8s le check-in, un moment de repos et un verre de bienvenue, l'invit\u00e9 peut partir pour une promenade guid\u00e9e par Dida dans le centre historique. C'est une mani\u00e8re tr\u00e8s agr\u00e9able de se rep\u00e9rer dans la ville, de conna\u00eetre son histoire et de commencer le voyage avec plus d'intimit\u00e9 avec la destination.<\/p>\t\t\t\t\t\t\t\t<\/div>\n\t\t\t\t<\/div>\n\t\t\t\t\t<\/div>\n\t\t\t\t<\/div>\n\t\t<div class=\"elementor-element elementor-element-94e3dd5 e-grid e-con-full e-con e-parent\" data-id=\"94e3dd5\" data-element_type=\"container\" data-e-type=\"container\">\n\t\t\t\t<div class=\"elementor-element elementor-element-95d0943 elementor-widget elementor-widget-image\" data-id=\"95d0943\" data-element_type=\"widget\" data-e-type=\"widget\" data-widget_type=\"image.default\">\n\t\t\t\t<div class=\"elementor-widget-container\">\n\t\t\t\t\t\t\t\t\t\t\t\t\t\t\t<img decoding=\"async\" width=\"800\" height=\"334\" src=\"https:\/\/lencois.com.br\/wp-content\/uploads\/2026\/04\/Hotel-Canto-das-Aguas-6-1024x427.jpg\" class=\"attachment-large size-large wp-image-4403\" alt=\"\" srcset=\"https:\/\/lencois.com.br\/wp-content\/uploads\/2026\/04\/Hotel-Canto-das-Aguas-6-1024x427.jpg 1024w, https:\/\/lencois.com.br\/wp-content\/uploads\/2026\/04\/Hotel-Canto-das-Aguas-6-300x125.jpg 300w, https:\/\/lencois.com.br\/wp-content\/uploads\/2026\/04\/Hotel-Canto-das-Aguas-6-768x320.jpg 768w, https:\/\/lencois.com.br\/wp-content\/uploads\/2026\/04\/Hotel-Canto-das-Aguas-6-1536x640.jpg 1536w, https:\/\/lencois.com.br\/wp-content\/uploads\/2026\/04\/Hotel-Canto-das-Aguas-6.jpg 2048w\" sizes=\"(max-width: 800px) 100vw, 800px\" \/>\t\t\t\t\t\t\t\t\t\t\t\t\t\t\t<\/div>\n\t\t\t\t<\/div>\n\t\t\t\t<div class=\"elementor-element elementor-element-6b7be8d elementor-widget elementor-widget-image\" data-id=\"6b7be8d\" data-element_type=\"widget\" data-e-type=\"widget\" data-widget_type=\"image.default\">\n\t\t\t\t<div class=\"elementor-widget-container\">\n\t\t\t\t\t\t\t\t\t\t\t\t\t\t\t<img decoding=\"async\" width=\"800\" height=\"334\" src=\"https:\/\/lencois.com.br\/wp-content\/uploads\/2026\/04\/Hotel-Canto-das-Aguas-7-1024x427.jpg\" class=\"attachment-large size-large wp-image-4404\" alt=\"\" srcset=\"https:\/\/lencois.com.br\/wp-content\/uploads\/2026\/04\/Hotel-Canto-das-Aguas-7-1024x427.jpg 1024w, https:\/\/lencois.com.br\/wp-content\/uploads\/2026\/04\/Hotel-Canto-das-Aguas-7-300x125.jpg 300w, https:\/\/lencois.com.br\/wp-content\/uploads\/2026\/04\/Hotel-Canto-das-Aguas-7-768x320.jpg 768w, https:\/\/lencois.com.br\/wp-content\/uploads\/2026\/04\/Hotel-Canto-das-Aguas-7-1536x640.jpg 1536w, https:\/\/lencois.com.br\/wp-content\/uploads\/2026\/04\/Hotel-Canto-das-Aguas-7.jpg 2048w\" sizes=\"(max-width: 800px) 100vw, 800px\" \/>\t\t\t\t\t\t\t\t\t\t\t\t\t\t\t<\/div>\n\t\t\t\t<\/div>\n\t\t\t\t<div class=\"elementor-element elementor-element-0ddf3a9 elementor-widget elementor-widget-image\" data-id=\"0ddf3a9\" data-element_type=\"widget\" data-e-type=\"widget\" data-widget_type=\"image.default\">\n\t\t\t\t<div class=\"elementor-widget-container\">\n\t\t\t\t\t\t\t\t\t\t\t\t\t\t\t<img loading=\"lazy\" decoding=\"async\" width=\"800\" height=\"341\" src=\"https:\/\/lencois.com.br\/wp-content\/uploads\/2026\/04\/Hotel-Canto-das-Aguas-8-1024x436.jpg\" class=\"attachment-large size-large wp-image-4405\" alt=\"\" srcset=\"https:\/\/lencois.com.br\/wp-content\/uploads\/2026\/04\/Hotel-Canto-das-Aguas-8-1024x436.jpg 1024w, https:\/\/lencois.com.br\/wp-content\/uploads\/2026\/04\/Hotel-Canto-das-Aguas-8-300x128.jpg 300w, https:\/\/lencois.com.br\/wp-content\/uploads\/2026\/04\/Hotel-Canto-das-Aguas-8-768x327.jpg 768w, https:\/\/lencois.com.br\/wp-content\/uploads\/2026\/04\/Hotel-Canto-das-Aguas-8-1536x653.jpg 1536w, https:\/\/lencois.com.br\/wp-content\/uploads\/2026\/04\/Hotel-Canto-das-Aguas-8.jpg 2048w\" sizes=\"(max-width: 800px) 100vw, 800px\" \/>\t\t\t\t\t\t\t\t\t\t\t\t\t\t\t<\/div>\n\t\t\t\t<\/div>\n\t\t\t\t<\/div>\n\t\t<div class=\"elementor-element elementor-element-ed9f8fb e-flex e-con-boxed e-con e-parent\" data-id=\"ed9f8fb\" data-element_type=\"container\" data-e-type=\"container\">\n\t\t\t\t\t<div class=\"e-con-inner\">\n\t\t\t\t<div class=\"elementor-element elementor-element-f6b2f6b elementor-widget elementor-widget-text-editor\" data-id=\"f6b2f6b\" data-element_type=\"widget\" data-e-type=\"widget\" data-widget_type=\"text-editor.default\">\n\t\t\t\t<div class=\"elementor-widget-container\">\n\t\t\t\t\t\t\t\t\t<h2>Combien de jours rester \u00e0 Len\u00e7\u00f3is et dans la Chapada Diamantina<\/h2><p data-start=\"230\" data-end=\"479\">Pour conna\u00eetre la Chapada Diamantina en profondeur, Len\u00e7\u00f3is est la porte d'entr\u00e9e id\u00e9ale pour explorer la r\u00e9gion avec confort, une bonne structure, une diversit\u00e9 d'exp\u00e9riences et un acc\u00e8s facilit\u00e9 \u00e0 diff\u00e9rents paysages du parc.<\/p><p data-start=\"481\" data-end=\"916\">Notre suggestion est de consacrer au moins cinq jours \u00e0 Len\u00e7\u00f3is. Ce temps permet d'alterner randonn\u00e9es, excursions en voiture et baignades dans la rivi\u00e8re avec des moments plus calmes dans la ville elle-m\u00eame, entre le centre historique, la gastronomie et l'atmosph\u00e8re si particuli\u00e8re de la destination. Len\u00e7\u00f3is r\u00e9unit, de mani\u00e8re tr\u00e8s \u00e9quilibr\u00e9e, beaut\u00e9, commodit\u00e9 et r\u00e9pertoire, et c'est pourquoi elle fonctionne si bien pour ceux qui souhaitent d\u00e9couvrir la Chapada sans se presser et avec plus d'ampleur.<\/p><p class=\"isSelectedEnd\">Pour ceux qui souhaitent prolonger le parcours et d\u00e9couvrir \u00e9galement une autre r\u00e9gion du parc, une excellente combinaison consiste \u00e0 rester quelques jours de plus \u00e0 Mucug\u00ea. Charmante, entour\u00e9e de montagnes et dot\u00e9e d\u2019un tr\u00e8s beau centre historique, la ville offre un rythme plus tranquille et un paysage diff\u00e9rent de Len\u00e7\u00f3is, compl\u00e9tant ainsi parfaitement l\u2019itin\u00e9raire \u00e0 travers la Chapada Diamantina. Mucug\u00ea est un lieu de tranquillit\u00e9, entour\u00e9 de canyons et de belles chutes d\u2019eau, en plus de servir de point de d\u00e9part strat\u00e9gique pour certaines des principales attractions du parc.<\/p><p class=\"isSelectedEnd\">Mucug\u00ea a une structure plus \u00e9pur\u00e9e, mais justement pour cela elle conserve un charme particulier. Notre suggestion d'h\u00e9bergement est le <strong>Refuge dans la Montagne H\u00f4tel Boutique<\/strong>, dans le centre historique, une adresse qui cultive le silence, la tranquillit\u00e9 et une v\u00e9g\u00e9tation luxuriante, cr\u00e9ant une atmosph\u00e8re de repos tr\u00e8s coh\u00e9rente avec la ville. L'h\u00f4tel se pr\u00e9sente comme \u201c un refuge pour toucher l'\u00e2me \u201d, et cette d\u00e9finition traduit bien l'exp\u00e9rience.<\/p><p>Et la visite \u00e0 <strong>Vin\u00edcola Uvva<\/strong> est incontournable. Le <strong>Uvva<\/strong> une architecture contemporaine, l'\u0153notourisme et la production de vins de haute qualit\u00e9 au c\u0153ur de l'int\u00e9rieur de Bahia, proposant une exp\u00e9rience qui surprend justement parce qu'elle se d\u00e9roule loin des territoires les plus \u00e9vidents associ\u00e9s au vin. Le vignoble lui-m\u00eame pr\u00e9sente le lieu comme une immersion dans le monde du raisin et du vin dans la Chapada Diamantina, et c'est pr\u00e9cis\u00e9ment ce que la visite offre : une \u00e9tape d'une grande beaut\u00e9, beaucoup de plaisir gastronomique et une nouvelle perspective sur la sophistication possible dans le sert\u00e3o bahianais.\u00a0<\/p>\t\t\t\t\t\t\t\t<\/div>\n\t\t\t\t<\/div>\n\t\t\t\t\t<\/div>\n\t\t\t\t<\/div>\n\t\t<div class=\"elementor-element elementor-element-31992cb e-grid e-con-full e-con e-parent\" data-id=\"31992cb\" data-element_type=\"container\" data-e-type=\"container\">\n\t\t\t\t<div class=\"elementor-element elementor-element-a197626 elementor-widget elementor-widget-image\" data-id=\"a197626\" data-element_type=\"widget\" data-e-type=\"widget\" data-widget_type=\"image.default\">\n\t\t\t\t<div class=\"elementor-widget-container\">\n\t\t\t\t\t\t\t\t\t\t\t\t\t\t\t<img loading=\"lazy\" decoding=\"async\" width=\"800\" height=\"334\" src=\"https:\/\/lencois.com.br\/wp-content\/uploads\/2026\/03\/Serrano-1024x427.jpg\" class=\"attachment-large size-large wp-image-4129\" alt=\"\" srcset=\"https:\/\/lencois.com.br\/wp-content\/uploads\/2026\/03\/Serrano-1024x427.jpg 1024w, https:\/\/lencois.com.br\/wp-content\/uploads\/2026\/03\/Serrano-300x125.jpg 300w, https:\/\/lencois.com.br\/wp-content\/uploads\/2026\/03\/Serrano-768x320.jpg 768w, https:\/\/lencois.com.br\/wp-content\/uploads\/2026\/03\/Serrano-1536x640.jpg 1536w, https:\/\/lencois.com.br\/wp-content\/uploads\/2026\/03\/Serrano.jpg 2048w\" sizes=\"(max-width: 800px) 100vw, 800px\" \/>\t\t\t\t\t\t\t\t\t\t\t\t\t\t\t<\/div>\n\t\t\t\t<\/div>\n\t\t\t\t<div class=\"elementor-element elementor-element-ce317e8 elementor-widget elementor-widget-image\" data-id=\"ce317e8\" data-element_type=\"widget\" data-e-type=\"widget\" data-widget_type=\"image.default\">\n\t\t\t\t<div class=\"elementor-widget-container\">\n\t\t\t\t\t\t\t\t\t\t\t\t\t\t\t<img loading=\"lazy\" decoding=\"async\" width=\"800\" height=\"334\" src=\"https:\/\/lencois.com.br\/wp-content\/uploads\/2026\/04\/Morrao-Chapada-Diamantina-1024x427.jpg\" class=\"attachment-large size-large wp-image-4413\" alt=\"\" srcset=\"https:\/\/lencois.com.br\/wp-content\/uploads\/2026\/04\/Morrao-Chapada-Diamantina-1024x427.jpg 1024w, https:\/\/lencois.com.br\/wp-content\/uploads\/2026\/04\/Morrao-Chapada-Diamantina-300x125.jpg 300w, https:\/\/lencois.com.br\/wp-content\/uploads\/2026\/04\/Morrao-Chapada-Diamantina-768x320.jpg 768w, https:\/\/lencois.com.br\/wp-content\/uploads\/2026\/04\/Morrao-Chapada-Diamantina-1536x640.jpg 1536w, https:\/\/lencois.com.br\/wp-content\/uploads\/2026\/04\/Morrao-Chapada-Diamantina.jpg 2048w\" sizes=\"(max-width: 800px) 100vw, 800px\" \/>\t\t\t\t\t\t\t\t\t\t\t\t\t\t\t<\/div>\n\t\t\t\t<\/div>\n\t\t\t\t<div class=\"elementor-element elementor-element-152f634 elementor-widget elementor-widget-image\" data-id=\"152f634\" data-element_type=\"widget\" data-e-type=\"widget\" data-widget_type=\"image.default\">\n\t\t\t\t<div class=\"elementor-widget-container\">\n\t\t\t\t\t\t\t\t\t\t\t\t\t\t\t<img loading=\"lazy\" decoding=\"async\" width=\"800\" height=\"334\" src=\"https:\/\/lencois.com.br\/wp-content\/uploads\/2026\/04\/Cachoeira-Chapada-Diamantina-1024x427.jpg\" class=\"attachment-large size-large wp-image-4410\" alt=\"\" srcset=\"https:\/\/lencois.com.br\/wp-content\/uploads\/2026\/04\/Cachoeira-Chapada-Diamantina-1024x427.jpg 1024w, https:\/\/lencois.com.br\/wp-content\/uploads\/2026\/04\/Cachoeira-Chapada-Diamantina-300x125.jpg 300w, https:\/\/lencois.com.br\/wp-content\/uploads\/2026\/04\/Cachoeira-Chapada-Diamantina-768x320.jpg 768w, https:\/\/lencois.com.br\/wp-content\/uploads\/2026\/04\/Cachoeira-Chapada-Diamantina-1536x640.jpg 1536w, https:\/\/lencois.com.br\/wp-content\/uploads\/2026\/04\/Cachoeira-Chapada-Diamantina.jpg 2048w\" sizes=\"(max-width: 800px) 100vw, 800px\" \/>\t\t\t\t\t\t\t\t\t\t\t\t\t\t\t<\/div>\n\t\t\t\t<\/div>\n\t\t\t\t<\/div>\n\t\t<div class=\"elementor-element elementor-element-883d26b e-flex e-con-boxed e-con e-parent\" data-id=\"883d26b\" data-element_type=\"container\" data-e-type=\"container\">\n\t\t\t\t\t<div class=\"e-con-inner\">\n\t\t\t\t<div class=\"elementor-element elementor-element-ee8f9a1 elementor-widget elementor-widget-text-editor\" data-id=\"ee8f9a1\" data-element_type=\"widget\" data-e-type=\"widget\" data-widget_type=\"text-editor.default\">\n\t\t\t\t<div class=\"elementor-widget-container\">\n\t\t\t\t\t\t\t\t\t<h2>Excursions au d\u00e9part de Len\u00e7\u00f3is<\/h2><p class=\"isSelectedEnd\">Len\u00e7\u00f3is offre une combinaison rare de nature accessible, de sentiers historiques, de rivi\u00e8res, de grottes et d'exp\u00e9ditions plus longues. Beaucoup d'excursions peuvent commencer \u00e0 pied, directement depuis la ville, tandis que d'autres se font avec un soutien en voiture.<\/p><h3>Promenades \u00e0 pied partant du centre historique<\/h3><p class=\"isSelectedEnd\">Un des grands privil\u00e8ges de Len\u00e7\u00f3is est de pouvoir partir \u00e0 pied du centre historique et, en peu de temps, se retrouver d\u00e9j\u00e0 dans de tr\u00e8s beaux endroits.<\/p><p class=\"isSelectedEnd\">Non <strong>Parc Municipal de la Muritiba<\/strong>, par exemple, vous trouvez dans une m\u00eame zone le <strong>Serrano<\/strong>, o <strong>Salon de Sables Color\u00e9s<\/strong>, une <strong>Cachoeirinha<\/strong>, une <strong>Chute de Primavera<\/strong> et le <strong>Puits de Halley<\/strong>. C'est une excursion id\u00e9ale pour un premier contact avec la g\u00e9ologie et les eaux de la Chapada.<\/p><p class=\"isSelectedEnd\">\u00c9galement en partant \u00e0 pied de Len\u00e7\u00f3is, l'une des excursions les plus classiques est le <strong>Ribeir\u00e3o do Meio<\/strong>, avec sa pierre glissante naturelle et ses bassins de baignade.<\/p><p class=\"isSelectedEnd\">Parmi les plus beaux sentiers de randonn\u00e9e de la r\u00e9gion, on trouve \u00e9galement <strong>Ribeir\u00e3o de Cima<\/strong>, les piscines naturelles connues sous le nom de <strong>Iras<\/strong>,\u00a0\u00f4 <strong>Rio Mandassaia<\/strong>\u00a0et a <strong>Grotte Lap\u00e3o.<\/strong>\u00a0<\/p><p class=\"isSelectedEnd\">Pour ceux qui veulent une randonn\u00e9e plus exigeante, la <strong>Chute d'eau du Sossego<\/strong> c'est l'une des grandes exp\u00e9riences au d\u00e9part de Len\u00e7\u00f3is, avec une randonn\u00e9e \u00e0 travers des rochers et le lit d'une rivi\u00e8re jusqu'\u00e0 une cascade nich\u00e9e entre des falaises.<\/p><h3>Travers\u00e9es et sentiers plus immersifs<\/h3><p class=\"isSelectedEnd\">Len\u00e7\u00f3is \u00e9 tamb\u00e9m ponto de partida para roteiros de maior profundidade hist\u00f3rica e paisag\u00edstica.<\/p><p class=\"isSelectedEnd\">La travers\u00e9e <strong>Pai In\u00e1cio (Pon\u00ean) \u2013 Len\u00e7\u00f3is<\/strong> parcourir d'anciens sentiers li\u00e9s au cycle du diamant, avec de magnifiques vues, l'observation de la flore et l'arriv\u00e9e par le fleuve Mandassaia avant d'entrer dans la ville.<\/p><p class=\"isSelectedEnd\">A <strong>Travers\u00e9e Len\u00e7\u00f3is\u2013Cap\u00e3o<\/strong> est moins connue et tr\u00e8s belle, avec bain en <strong>Eaux Claires<\/strong> au milieu du chemin. Pour ceux qui recherchent des randonn\u00e9es plus longues, il y a aussi la possibilit\u00e9 de faire le <strong>Chute de la Fum\u00e9e par le Bas<\/strong>, sur un sentier de plusieurs jours.<\/p><p class=\"isSelectedEnd\">O <strong>Vall\u00e9e du Pati<\/strong>, bien qu'exigeant une planification plus sp\u00e9cifique, entre \u00e9galement dans cet univers de plus grandes exp\u00e9ditions et est l'une des travers\u00e9es les plus embl\u00e9matiques du Br\u00e9sil, partant par Guin\u00e9, Andara\u00ed ou Cap\u00e3o.<\/p><h3>Excursions en voiture au d\u00e9part de Len\u00e7\u00f3is<\/h3><p class=\"isSelectedEnd\">En voiture, Len\u00e7\u00f3is donne acc\u00e8s \u00e0 certains des attraits les plus embl\u00e9matiques de la partie centrale de la Chapada Diamantina.<\/p><p class=\"isSelectedEnd\">Parmi eux sont le <strong>Puits Bleu<\/strong> et le <strong>Puits Enchant\u00e9<\/strong>, deux exp\u00e9riences souterraines tr\u00e8s marquantes.<\/p><p class=\"isSelectedEnd\">\u00c9galement accessible en voiture se trouvent le <strong>Morro do Pai In\u00e1cio<\/strong>, une <strong>Grotte de la Torrinha<\/strong>, une <strong>Lapa Doce<\/strong>, une <strong>Grotte de la Fum\u00e9e<\/strong> et a <strong>Cachoeirinha du P\u00e8re Ignace<\/strong>.<\/p><p class=\"isSelectedEnd\">Un autre tr\u00e8s beau parcours dans la r\u00e9gion est le <strong>Marimbus avec Rio Roncador<\/strong>, un parcours en cano\u00eb \u00e0 travers des zones inond\u00e9es connues sous le nom de \u201c Pantanal da Chapada \u201d, men\u00e9 par des habitants du Quilombo do Remanso, une communaut\u00e9 quilombola int\u00e9gr\u00e9e \u00e0 la municipalit\u00e9 de Len\u00e7\u00f3is.<\/p><p class=\"isSelectedEnd\">Les nuits de pleine lune, la r\u00e9gion du Pai In\u00e1cio offre encore des moments de contemplation tr\u00e8s sp\u00e9ciaux, avec la possibilit\u00e9 d'observer la lune apparaissant \u00e0 l'horizon depuis les belv\u00e9d\u00e8res de la cha\u00eene de montagnes.<\/p><h3>Excursions au d\u00e9part de Mucug\u00ea<\/h3><p class=\"isSelectedEnd\">Inclure Mucug\u00ea dans le voyage est une fa\u00e7on de conna\u00eetre le sud de la Chapada Diamantina, une r\u00e9gion avec des paysages tout aussi beaux.<\/p><p class=\"isSelectedEnd\">Les deux grands points forts de la nature sont les <strong>Chute d'eau du Trou<\/strong> et a <strong>Fumig\u00e8ne, <\/strong>qui se trouvent dans la municipalit\u00e9 d'Ibicoara, \u00e0 environ 1 heure de route de Mucug\u00ea.<\/p><p class=\"isSelectedEnd\">En plus des promenades dans la nature, il vaut vraiment la peine de visiter le <strong>cimeti\u00e8re de Mucug\u00ea<\/strong>, l'un des endroits les plus uniques de la ville, tant par son architecture que par son atmosph\u00e8re. Et, pour enrichir encore l'exp\u00e9rience, la visite au <strong>Uvva vinicole<\/strong> est hautement recommand\u00e9e pour le potentiel gastronomique de ses vins.\u00a0<\/p><h3>Meilleure p\u00e9riode pour visiter la Chapada Diamantina<\/h3><p class=\"isSelectedEnd\">La Chapada Diamantina peut \u00eatre visit\u00e9e toute l'ann\u00e9e. Chaque p\u00e9riode offre une exp\u00e9rience diff\u00e9rente, et cela fait partie de la richesse de la destination.<\/p><p class=\"isSelectedEnd\">La saison des pluies, particuli\u00e8rement entre f\u00e9vrier et mai, peut aussi \u00eatre tr\u00e8s belle. \u00c0 cette \u00e9poque, la v\u00e9g\u00e9tation devient plus luxuriante, le paysage plus verdoyant et les rivi\u00e8res et cascades peuvent \u00eatre plus pleines. M\u00eame par temps de pluie, de nombreuses excursions en valent toujours la peine, surtout celles li\u00e9es aux grottes et cavernes de la r\u00e9gion.<\/p><p class=\"isSelectedEnd\">Parmi les points forts, il y a le <strong>Lapa Doce<\/strong>, une <strong>Grotte de la Torrinha<\/strong>, o <strong>Puits Bleu<\/strong> et le <strong>Puits Enchant\u00e9<\/strong>, qui maintiennent le voyage tr\u00e8s int\u00e9ressant m\u00eame lorsque le temps change.<\/p><p class=\"isSelectedEnd\">Pendant les mois de juin, juillet et une partie d'ao\u00fbt, les nuits peuvent \u00eatre plus fra\u00eeches, il est donc utile de pr\u00e9voir un manteau plus chaud. Pendant les mois chauds, la protection solaire devient encore plus importante.<\/p>\t\t\t\t\t\t\t\t<\/div>\n\t\t\t\t<\/div>\n\t\t\t\t\t<\/div>\n\t\t\t\t<\/div>\n\t\t<div class=\"elementor-element elementor-element-6c69413 e-flex e-con-boxed e-con e-parent\" data-id=\"6c69413\" data-element_type=\"container\" data-e-type=\"container\">\n\t\t\t\t\t<div class=\"e-con-inner\">\n\t\t\t\t<div class=\"elementor-element elementor-element-9752bd6 elementor-widget elementor-widget-image\" data-id=\"9752bd6\" data-element_type=\"widget\" data-e-type=\"widget\" data-widget_type=\"image.default\">\n\t\t\t\t<div class=\"elementor-widget-container\">\n\t\t\t\t\t\t\t\t\t\t\t\t\t\t\t<img loading=\"lazy\" decoding=\"async\" width=\"800\" height=\"334\" src=\"https:\/\/lencois.com.br\/wp-content\/uploads\/2026\/04\/Morro-do-Camelo-Lencois-1024x427.jpg\" class=\"attachment-large size-large wp-image-4415\" alt=\"\" srcset=\"https:\/\/lencois.com.br\/wp-content\/uploads\/2026\/04\/Morro-do-Camelo-Lencois-1024x427.jpg 1024w, https:\/\/lencois.com.br\/wp-content\/uploads\/2026\/04\/Morro-do-Camelo-Lencois-300x125.jpg 300w, https:\/\/lencois.com.br\/wp-content\/uploads\/2026\/04\/Morro-do-Camelo-Lencois-768x320.jpg 768w, https:\/\/lencois.com.br\/wp-content\/uploads\/2026\/04\/Morro-do-Camelo-Lencois-1536x640.jpg 1536w, https:\/\/lencois.com.br\/wp-content\/uploads\/2026\/04\/Morro-do-Camelo-Lencois.jpg 2048w\" sizes=\"(max-width: 800px) 100vw, 800px\" \/>\t\t\t\t\t\t\t\t\t\t\t\t\t\t\t<\/div>\n\t\t\t\t<\/div>\n\t\t\t\t\t<\/div>\n\t\t\t\t<\/div>\n\t\t<div class=\"elementor-element elementor-element-2fbdce8 e-flex e-con-boxed e-con e-parent\" data-id=\"2fbdce8\" data-element_type=\"container\" data-e-type=\"container\">\n\t\t\t\t\t<div class=\"e-con-inner\">\n\t\t\t\t<div class=\"elementor-element elementor-element-8cf50fd elementor-widget elementor-widget-text-editor\" data-id=\"8cf50fd\" data-element_type=\"widget\" data-e-type=\"widget\" data-widget_type=\"text-editor.default\">\n\t\t\t\t<div class=\"elementor-widget-container\">\n\t\t\t\t\t\t\t\t\t<h3>Que emporter pour la Chapada Diamantina<\/h3><p class=\"isSelectedEnd\">Savoir quoi emporter pour la Chapada Diamantina fait une diff\u00e9rence pour le confort du voyage.<\/p><p class=\"isSelectedEnd\">En \u00e9t\u00e9, il vaut la peine d'apporter un \u00e9cran solaire, une chemise anti-UV, des v\u00eatements l\u00e9gers et appropri\u00e9s pour la randonn\u00e9e. Durant les mois plus froids, particuli\u00e8rement entre juin et ao\u00fbt, il est recommand\u00e9 d'inclure une veste plus lourde \u00e0 porter le soir.<\/p><p class=\"isSelectedEnd\">Un point essentiel est la chaussure. Acheter une nouvelle botte pour le voyage est souvent une erreur. L'id\u00e9al est d'apporter une botte ou une chaussure de randonn\u00e9e d\u00e9j\u00e0 utilis\u00e9e, de pr\u00e9f\u00e9rence depuis au moins un mois, afin que le pied soit d\u00e9j\u00e0 habitu\u00e9. Il est \u00e9galement tr\u00e8s utile d'apporter deux paires de chaussures : une pour les sentiers, qui sera probablement mouill\u00e9e ou sale, et une autre pour se promener en ville le soir.<\/p><p class=\"isSelectedEnd\">Comme les rues de Len\u00e7\u00f3is sont pav\u00e9es, une chaussure de tennis confortable ou une sandale solide conviennent tr\u00e8s bien pour se promener dans le centre historique.<\/p><p class=\"isSelectedEnd\">Un autre \u00e9l\u00e9ment important est d'avoir au moins deux maillots de bain. Il y a souvent des possibilit\u00e9s de se baigner dans des rivi\u00e8res, des puits et des cascades, il est donc logique d'en avoir un deuxi\u00e8me pendant que le premier s\u00e8che \u00e0 l'h\u00f4tel.<\/p><p class=\"isSelectedEnd\">Pour ceux qui ont l'intention de visiter des grottes et des cavernes, une lampe frontale est \u00e9galement une excellente id\u00e9e.<\/p><h3>Len\u00e7\u00f3is \u00e9 seguro para viajantes internacionais?<\/h3><p class=\"isSelectedEnd\">Oui. Len\u00e7\u00f3is est, en g\u00e9n\u00e9ral, une ville tr\u00e8s s\u00fbre, accueillante et facile \u00e0 vivre pour les voyageurs internationaux.<\/p><p class=\"isSelectedEnd\">Une grande partie de la vie locale se d\u00e9roule dans quelques rues du centre historique, ce qui rend la circulation simple, intuitive et agr\u00e9able. Le visiteur comprend rapidement la ville, gagne en autonomie et se sent \u00e0 l'aise pour se promener.<\/p><p class=\"isSelectedEnd\">Au Hotel Canto das \u00c1guas, cette exp\u00e9rience est encore plus facile. Notre emplacement est dans le centre historique. Il est tr\u00e8s naturel de sortir \u00e0 pied, d'explorer la ville et de revenir en toute tranquillit\u00e9.<\/p><p>Len\u00e7\u00f3is a aussi une atmosph\u00e8re tr\u00e8s humaine. Les gens se connaissent par leur nom, sont serviables, et il est courant que le visiteur cr\u00e9e des liens avec les habitants et les commer\u00e7ants locaux au cours de son s\u00e9jour. Cette dimension affective fait partie de la s\u00e9curit\u00e9 et du charme de la ville.<\/p>\t\t\t\t\t\t\t\t<\/div>\n\t\t\t\t<\/div>\n\t\t\t\t\t<\/div>\n\t\t\t\t<\/div>\n\t\t<div class=\"elementor-element elementor-element-b9f2635 e-flex e-con-boxed e-con e-parent\" data-id=\"b9f2635\" data-element_type=\"container\" data-e-type=\"container\">\n\t\t\t\t\t<div class=\"e-con-inner\">\n\t\t\t\t<div class=\"elementor-element elementor-element-3b29678 elementor-widget elementor-widget-image\" data-id=\"3b29678\" data-element_type=\"widget\" data-e-type=\"widget\" data-widget_type=\"image.default\">\n\t\t\t\t<div class=\"elementor-widget-container\">\n\t\t\t\t\t\t\t\t\t\t\t\t\t\t\t<img loading=\"lazy\" decoding=\"async\" width=\"800\" height=\"334\" src=\"https:\/\/lencois.com.br\/wp-content\/uploads\/2026\/04\/Vida-Noturna-em-Lencois-1024x427.jpg\" class=\"attachment-large size-large wp-image-4422\" alt=\"\" srcset=\"https:\/\/lencois.com.br\/wp-content\/uploads\/2026\/04\/Vida-Noturna-em-Lencois-1024x427.jpg 1024w, https:\/\/lencois.com.br\/wp-content\/uploads\/2026\/04\/Vida-Noturna-em-Lencois-300x125.jpg 300w, https:\/\/lencois.com.br\/wp-content\/uploads\/2026\/04\/Vida-Noturna-em-Lencois-768x320.jpg 768w, https:\/\/lencois.com.br\/wp-content\/uploads\/2026\/04\/Vida-Noturna-em-Lencois.jpg 1536w\" sizes=\"(max-width: 800px) 100vw, 800px\" \/>\t\t\t\t\t\t\t\t\t\t\t\t\t\t\t<\/div>\n\t\t\t\t<\/div>\n\t\t\t\t\t<\/div>\n\t\t\t\t<\/div>\n\t\t<div class=\"elementor-element elementor-element-564162a e-flex e-con-boxed e-con e-parent\" data-id=\"564162a\" data-element_type=\"container\" data-e-type=\"container\">\n\t\t\t\t\t<div class=\"e-con-inner\">\n\t\t\t\t<div class=\"elementor-element elementor-element-032e2ef elementor-widget elementor-widget-text-editor\" data-id=\"032e2ef\" data-element_type=\"widget\" data-e-type=\"widget\" data-widget_type=\"text-editor.default\">\n\t\t\t\t<div class=\"elementor-widget-container\">\n\t\t\t\t\t\t\t\t\t<h3>Une destination qui m\u00e9rite du temps<\/h3>\n<p class=\"isSelectedEnd\">La Chapada Diamantina n'est pas une destination \u00e0 vivre \u00e0 la h\u00e2te. Cinq jours \u00e0 Len\u00e7\u00f3is permettent d\u00e9j\u00e0 une exp\u00e9rience tr\u00e8s riche, et l'ajout de quelques jours suppl\u00e9mentaires \u00e0 Mucug\u00ea \u00e9largit consid\u00e9rablement la perspective sur la r\u00e9gion.<\/p>\n<p class=\"isSelectedEnd\">Entre randonn\u00e9es au d\u00e9part du centre historique, cascades, rivi\u00e8res, grottes, travers\u00e9es, ville historique, culture locale et bonne hospitalit\u00e9, la Chapada offre une exp\u00e9rience rare au Br\u00e9sil : un voyage nature intense, mais aussi de temps, de pr\u00e9sence et de d\u00e9couverte.<\/p>\n<h2>&nbsp;<\/h2>\n<h2>&nbsp;<\/h2>\n<h3 style=\"text-align: center;\">Questions fr\u00e9quentes sur la Chapada Diamantina<\/h3>\n<h4>&nbsp;<\/h4>\n<h4>Comment se rendre \u00e0 la Chapada Diamantina ?<\/h4>\n<p class=\"isSelectedEnd\">La mani\u00e8re la plus pratique est de prendre l'avion jusqu'\u00e0 l'a\u00e9roport de Len\u00e7\u00f3is, qui re\u00e7oit des vols r\u00e9guliers d'Azul et, pendant certaines p\u00e9riodes, des vols de LATAM. Il est \u00e9galement possible d'arriver par Salvador et de continuer en voiture, en transfert ou en bus.<\/p>\n<h4>O\u00f9 s\u00e9journer dans la Chapada Diamantina ?<\/h4>\n<p class=\"isSelectedEnd\">Pour la plupart des voyageurs, Len\u00e7\u00f3is est la meilleure base pour commencer le voyage, car elle r\u00e9unit structure, charme historique, restaurants et un acc\u00e8s facile \u00e0 de nombreuses excursions. Pour agrandir l'itin\u00e9raire, il vaut la peine d'inclure deux jours \u00e0 Mucug\u00ea.<\/p>\n<h4>Combien de jours sont id\u00e9aux pour d\u00e9couvrir la Chapada Diamantina ?<\/h4>\n<p class=\"isSelectedEnd\">Une bonne combinaison consiste \u00e0 passer cinq jours \u00e0 Len\u00e7\u00f3is et quelques jours suppl\u00e9mentaires \u00e0 Mucug\u00ea. Ainsi, vous conna\u00eetrez mieux la partie centrale et nord ainsi que le sud du parc.<\/p>\n<h4>Quelles sont les options de excursions au d\u00e9part de Len\u00e7\u00f3is ?<\/h4>\n<p class=\"isSelectedEnd\">Parmi les points forts figurent Serrano, le Salon des Sables Color\u00e9s, Ribeir\u00e3o do Meio, la Cascade Sossego, le Puits Bleu, le Puits Enchant\u00e9, le Morro do Pai In\u00e1cio, Lapa Doce, Torrinha, Marimbus et des travers\u00e9es comme Pai In\u00e1cio\u2013Len\u00e7\u00f3is et la Vall\u00e9e du Pati.<\/p>\n<h4>Quels sont les circuits \u00e0 faire au d\u00e9part de Mucug\u00ea ?<\/h4>\n<p class=\"isSelectedEnd\">Les principaux points forts sont la cascade de Burac\u00e3o et la Fumacinha. Cela vaut \u00e9galement la peine de visiter le cimeti\u00e8re de Mucug\u00ea et le vignoble Uvva.<\/p>\n<h4>Quelle est la meilleure p\u00e9riode pour visiter la Chapada Diamantina ?<\/h4>\n<p class=\"isSelectedEnd\">La Chapada peut \u00eatre visit\u00e9e toute l'ann\u00e9e. Entre f\u00e9vrier et mai, la p\u00e9riode de pluie rend le paysage plus vert et les rivi\u00e8res plus pleines. Entre juin et ao\u00fbt, les nuits peuvent \u00eatre plus froides.<\/p>\n<h4>Qu'apporter pour la Chapada Diamantina ?<\/h4>\n<p class=\"isSelectedEnd\">Portez un \u00e9cran solaire, une chemise anti-UV, des v\u00eatements l\u00e9gers, un manteau pour les nuits fra\u00eeches, deux maillots de bain, deux paires de chaussures et une botte de randonn\u00e9e d\u00e9j\u00e0 utilis\u00e9e. Pour ceux qui envisagent de visiter des grottes, une lampe frontale peut \u00e9galement \u00eatre utile.<\/p>\n<h4>Len\u00e7\u00f3is est-il s\u00fbr pour les touristes \u00e9trangers ?<\/h4>\n<p>Oui. Len\u00e7\u00f3is est une petite ville, o\u00f9 l'on peut se promener, accueillante et g\u00e9n\u00e9ralement tr\u00e8s s\u00fbre pour les voyageurs internationaux.<\/p>\t\t\t\t\t\t\t\t<\/div>\n\t\t\t\t<\/div>\n\t\t\t\t\t<\/div>\n\t\t\t\t<\/div>\n\t\t<div class=\"elementor-element elementor-element-01f5ec8 e-flex e-con-boxed e-con e-parent\" data-id=\"01f5ec8\" data-element_type=\"container\" data-e-type=\"container\">\n\t\t\t\t\t<div class=\"e-con-inner\">\n\t\t\t\t<div class=\"elementor-element elementor-element-065f05b elementor-widget elementor-widget-text-editor\" data-id=\"065f05b\" data-element_type=\"widget\" data-e-type=\"widget\" data-widget_type=\"text-editor.default\">\n\t\t\t\t<div class=\"elementor-widget-container\">\n\t\t\t\t\t\t\t\t\t<p>\u00a0<\/p><p><strong>H\u00e9bergement Canto das \u00c1guas<\/strong><\/p><p>\u00a0<\/p><p>\u00a0<\/p>\t\t\t\t\t\t\t\t<\/div>\n\t\t\t\t<\/div>\n\t\t\t\t\t<\/div>\n\t\t\t\t<\/div>\n\t\t\t\t<\/div>","protected":false},"excerpt":{"rendered":"<p>Guia completo da Chapada Diamantina: como chegar, onde ficar e o que fazer em Len\u00e7\u00f3is. Parte 1 A Chapada Diamantina \u00e9 um dos destinos mais singulares do Brasil para quem busca natureza, trilhas, cachoeiras, grutas, cidades hist\u00f3ricas e uma experi\u00eancia de viagem mais profunda. No interior da Bahia, a regi\u00e3o re\u00fane paisagens grandiosas e diferentes [&hellip;]<\/p>\n","protected":false},"author":28,"featured_media":2356,"comment_status":"closed","ping_status":"closed","sticky":false,"template":"","format":"standard","meta":{"footnotes":""},"categories":[1],"tags":[16,11,27,28,29,26],"class_list":["post-4392","post","type-post","status-publish","format-standard","has-post-thumbnail","hentry","category-chapada-diamantina","tag-bahia","tag-chapada-diamantina","tag-guia-de-viagens","tag-o-que-fazer-na-chapada","tag-onde-ficar-na-chapada-diamantina","tag-sustentabilidade"],"_links":{"self":[{"href":"https:\/\/lencois.com.br\/fr\/wp-json\/wp\/v2\/posts\/4392","targetHints":{"allow":["GET"]}}],"collection":[{"href":"https:\/\/lencois.com.br\/fr\/wp-json\/wp\/v2\/posts"}],"about":[{"href":"https:\/\/lencois.com.br\/fr\/wp-json\/wp\/v2\/types\/post"}],"author":[{"embeddable":true,"href":"https:\/\/lencois.com.br\/fr\/wp-json\/wp\/v2\/users\/28"}],"replies":[{"embeddable":true,"href":"https:\/\/lencois.com.br\/fr\/wp-json\/wp\/v2\/comments?post=4392"}],"version-history":[{"count":50,"href":"https:\/\/lencois.com.br\/fr\/wp-json\/wp\/v2\/posts\/4392\/revisions"}],"predecessor-version":[{"id":4763,"href":"https:\/\/lencois.com.br\/fr\/wp-json\/wp\/v2\/posts\/4392\/revisions\/4763"}],"wp:featuredmedia":[{"embeddable":true,"href":"https:\/\/lencois.com.br\/fr\/wp-json\/wp\/v2\/media\/2356"}],"wp:attachment":[{"href":"https:\/\/lencois.com.br\/fr\/wp-json\/wp\/v2\/media?parent=4392"}],"wp:term":[{"taxonomy":"category","embeddable":true,"href":"https:\/\/lencois.com.br\/fr\/wp-json\/wp\/v2\/categories?post=4392"},{"taxonomy":"post_tag","embeddable":true,"href":"https:\/\/lencois.com.br\/fr\/wp-json\/wp\/v2\/tags?post=4392"}],"curies":[{"name":"wp","href":"https:\/\/api.w.org\/{rel}","templated":true}]}}